{"id":184723,"date":"2021-07-01T19:49:21","date_gmt":"2021-07-01T22:49:21","guid":{"rendered":"https:\/\/diarioregionaldigital.com.br\/?p=184723"},"modified":"2021-07-01T19:49:21","modified_gmt":"2021-07-01T22:49:21","slug":"fernando-reis-mira-o-podio-em-toquio-e-o-que-falta-na-minha-carreira","status":"publish","type":"post","link":"https:\/\/diarioregionaldigital.com.br\/?p=184723","title":{"rendered":"Fernando Reis mira o p\u00f3dio em T\u00f3quio: \u201c\u00c9 o que falta na minha carreira\u201d"},"content":{"rendered":"<p>A pouco menos de um m\u00eas para os Jogos Ol\u00edmpicos, o foco de Fernando Reis \u00e9 um s\u00f3: o p\u00f3dio. \u00c9 para isso que ele se prepara no CT do Time Brasil, no Rio de Janeiro, com treinos em dois per\u00edodos, fisioterapia e massoterapia. Sua rotina permanece na capital carioca at\u00e9 16 de julho. H\u00e1 21 anos no levantamento de pesos, ele vai para a terceira Olimp\u00edada em busca da cereja para seu bolo, a medalha ol\u00edmpica.<\/p>\n<p>Atualmente com 31 anos, Reis treina o levantamento de pesos desde os 10. \u201c\u00c9 uma vida voltada ao esporte\u201d, diz. E se o seu primeiro sonho, que era ser um atleta de Jogos Ol\u00edmpicos, j\u00e1 foi alcan\u00e7ado, o alvo agora \u00e9 ambicioso. Atleta da categoria +109kg, ele \u00e9 uma das esperan\u00e7as do Brasil para um p\u00f3dio em T\u00f3quio. Para conseguir isso, basta repetir seu resultado do Mundial de 2018, quando conquistou o bronze. E se sua intensa prepara\u00e7\u00e3o j\u00e1 \u00e9 um passo, o caminho ficou mais aberto quando dois de seus poss\u00edveis rivais ficaram fora dos Jogos.<\/p>\n<p>O armeno Gor Minasyan, atual vice-campe\u00e3o mundial, e o bielorrusso Eduard Ziaziulin, quarto colocado no Mundial de 2019, n\u00e3o participar\u00e3o dos Jogos Ol\u00edmpicos. A puni\u00e7\u00e3o foi aplicada \u00e0s suas na\u00e7\u00f5es em fun\u00e7\u00e3o do grande n\u00famero de casos de doping nesse ciclo ol\u00edmpico e, por isso, as vagas foram reduzidas. A forte dupla acabou cortada, deixando de oferecer riscos ao brasileiro, que hoje \u00e9 o terceiro colocado no ranking ol\u00edmpico.<\/p>\n<p>\u201cSempre tive o sonho de ser atleta ol\u00edmpico, desde garoto, e meu pai falava que isso ia acontecer. Eu consegui atingir esse sonho, competi em 2012 e em 2016. Agora tenho o objetivo de subir ao p\u00f3dio e pegar essa medalha. \u00c9 o que falta na minha carreira, \u00e9 a cereja do bolo. A gente vai colocar tudo nesse dia\u201d.<\/p>\n<p>Fernando \u00e9 integrante da categoria P\u00f3dio, a principal do Bolsa Atleta, programa de patroc\u00ednio individual do Governo Federal Brasileiro. Voltada os que se qualificam entre os 20 melhores do mundo em suas modalidades, a Bolsa P\u00f3dio prev\u00ea repasses mensais de R$ 5 mil a R$ 15 mil para ajudar a que os contemplados possam focar toda sua energia nos treinos, estrutura, viagens e competi\u00e7\u00f5es.<\/p>\n<p>Fernando est\u00e1 no Rio de Janeiro h\u00e1 mais de um m\u00eas. Inicialmente com planejamento de permanecer no Brasil at\u00e9 a \u00faltima sexta-feira, ele seguiu sua prepara\u00e7\u00e3o no CT do Time Brasil. Apesar de os Jogos Ol\u00edmpicos come\u00e7arem no dia 23, o brasileiro s\u00f3 compete no dia 4 de agosto, quando finalmente poder\u00e1 transformar o sonho de inf\u00e2ncia em realidade.<\/p>\n<p>Fonte: Confedera\u00e7\u00e3o Brasileira de Levantamento de Pesos<\/p>\n<p>&nbsp;<\/p>\n","protected":false},"excerpt":{"rendered":"<p>A pouco menos de um m\u00eas para os Jogos Ol\u00edmpicos, o foco de Fernando Reis \u00e9 um s\u00f3: o p\u00f3dio. \u00c9 para isso que ele se prepara no CT do Time Brasil, no Rio de Janeiro, com treinos em dois per\u00edodos, fisioterapia e massoterapia. Sua rotina permanece na capital carioca at\u00e9 16 de julho. H\u00e1 [&hellip;]<\/p>\n","protected":false},"author":246,"featured_media":184724,"comment_status":"closed","ping_status":"closed","sticky":false,"template":"","format":"standard","meta":{"footnotes":""},"categories":[436,257,439],"tags":[],"class_list":["post-184723","post","type-post","status-publish","format-standard","has-post-thumbnail","hentry","category-destaque-da-semana","category-esporte","category-ultima-hora"],"_links":{"self":[{"href":"https:\/\/diarioregionaldigital.com.br\/index.php?rest_route=\/wp\/v2\/posts\/184723","targetHints":{"allow":["GET"]}}],"collection":[{"href":"https:\/\/diarioregionaldigital.com.br\/index.php?rest_route=\/wp\/v2\/posts"}],"about":[{"href":"https:\/\/diarioregionaldigital.com.br\/index.php?rest_route=\/wp\/v2\/types\/post"}],"author":[{"embeddable":true,"href":"https:\/\/diarioregionaldigital.com.br\/index.php?rest_route=\/wp\/v2\/users\/246"}],"replies":[{"embeddable":true,"href":"https:\/\/diarioregionaldigital.com.br\/index.php?rest_route=%2Fwp%2Fv2%2Fcomments&post=184723"}],"version-history":[{"count":1,"href":"https:\/\/diarioregionaldigital.com.br\/index.php?rest_route=\/wp\/v2\/posts\/184723\/revisions"}],"predecessor-version":[{"id":184725,"href":"https:\/\/diarioregionaldigital.com.br\/index.php?rest_route=\/wp\/v2\/posts\/184723\/revisions\/184725"}],"wp:featuredmedia":[{"embeddable":true,"href":"https:\/\/diarioregionaldigital.com.br\/index.php?rest_route=\/wp\/v2\/media\/184724"}],"wp:attachment":[{"href":"https:\/\/diarioregionaldigital.com.br\/index.php?rest_route=%2Fwp%2Fv2%2Fmedia&parent=184723"}],"wp:term":[{"taxonomy":"category","embeddable":true,"href":"https:\/\/diarioregionaldigital.com.br\/index.php?rest_route=%2Fwp%2Fv2%2Fcategories&post=184723"},{"taxonomy":"post_tag","embeddable":true,"href":"https:\/\/diarioregionaldigital.com.br\/index.php?rest_route=%2Fwp%2Fv2%2Ftags&post=184723"}],"curies":[{"name":"wp","href":"https:\/\/api.w.org\/{rel}","templated":true}]}}