{"id":184717,"date":"2021-07-01T19:37:53","date_gmt":"2021-07-01T22:37:53","guid":{"rendered":"https:\/\/diarioregionaldigital.com.br\/?p=184717"},"modified":"2021-07-01T19:37:53","modified_gmt":"2021-07-01T22:37:53","slug":"mais-112-320-doses-da-pfizer-chegam-a-minas-gerais","status":"publish","type":"post","link":"https:\/\/diarioregionaldigital.com.br\/?p=184717","title":{"rendered":"Mais 112.320 doses da Pfizer chegam a Minas Gerais"},"content":{"rendered":"<p>esta quinta-feira (1\/7), Minas Gerais recebeu 112.320 doses de vacina da Pfizer. A remessa chegou pela manh\u00e3 ao Aeroporto Internacional de Belo Horizonte, em Confins, e foi levada para a Central Estadual de Rede de Frio para armazenamento em condi\u00e7\u00f5es ideais de temperatura.<\/p>\n<p>As doses da Pfizer integram o 28\u00ba lote de vacina contra a covid-19, que conta tamb\u00e9m com as 624.500 doses da AstraZeneca, entregues na quarta-feira (30\/6).<\/p>\n<p>A distribui\u00e7\u00e3o dos imunizantes para as Unidades Regionais de Sa\u00fade, contendo um total de 736.820 doses, ser\u00e1 realizada nesta sexta-feira (2\/7) com a sa\u00edda das remessas da Central Estadual de Rede de Frio.<\/p>\n<p><strong>Apoio<\/strong><\/p>\n<p>A maior opera\u00e7\u00e3o de vacina\u00e7\u00e3o da hist\u00f3ria de Minas Gerais conta com apoio das For\u00e7as de Seguran\u00e7a e Salvamento, do\u00a0<a href=\"https:\/\/www.bombeiros.mg.gov.br\/\" target=\"_blank\" rel=\"noopener\">Corpo de Bombeiros Militar de Minas Gerais<\/a>, da\u00a0<a href=\"https:\/\/www.policiamilitar.mg.gov.br\/portal-pm\/externo\/principal.action\" target=\"_blank\" rel=\"noopener\">Pol\u00edcia Militar de Minas Gerais<\/a>, al\u00e9m do efetivo da\u00a0<a href=\"https:\/\/www.policiacivil.mg.gov.br\/\" target=\"_blank\" rel=\"noopener\">Pol\u00edcia Civil de Minas Gerais<\/a>.<\/p>\n<p><span style=\"font-weight: 400;\">Fonte: Ag\u00eancia Minas<\/span><\/p>\n","protected":false},"excerpt":{"rendered":"<p>esta quinta-feira (1\/7), Minas Gerais recebeu 112.320 doses de vacina da Pfizer. A remessa chegou pela manh\u00e3 ao Aeroporto Internacional de Belo Horizonte, em Confins, e foi levada para a Central Estadual de Rede de Frio para armazenamento em condi\u00e7\u00f5es ideais de temperatura. As doses da Pfizer integram o 28\u00ba lote de vacina contra a [&hellip;]<\/p>\n","protected":false},"author":246,"featured_media":184718,"comment_status":"closed","ping_status":"closed","sticky":false,"template":"","format":"standard","meta":{"footnotes":""},"categories":[436,254,439],"tags":[],"class_list":["post-184717","post","type-post","status-publish","format-standard","has-post-thumbnail","hentry","category-destaque-da-semana","category-politica","category-ultima-hora"],"_links":{"self":[{"href":"https:\/\/diarioregionaldigital.com.br\/index.php?rest_route=\/wp\/v2\/posts\/184717","targetHints":{"allow":["GET"]}}],"collection":[{"href":"https:\/\/diarioregionaldigital.com.br\/index.php?rest_route=\/wp\/v2\/posts"}],"about":[{"href":"https:\/\/diarioregionaldigital.com.br\/index.php?rest_route=\/wp\/v2\/types\/post"}],"author":[{"embeddable":true,"href":"https:\/\/diarioregionaldigital.com.br\/index.php?rest_route=\/wp\/v2\/users\/246"}],"replies":[{"embeddable":true,"href":"https:\/\/diarioregionaldigital.com.br\/index.php?rest_route=%2Fwp%2Fv2%2Fcomments&post=184717"}],"version-history":[{"count":1,"href":"https:\/\/diarioregionaldigital.com.br\/index.php?rest_route=\/wp\/v2\/posts\/184717\/revisions"}],"predecessor-version":[{"id":184719,"href":"https:\/\/diarioregionaldigital.com.br\/index.php?rest_route=\/wp\/v2\/posts\/184717\/revisions\/184719"}],"wp:featuredmedia":[{"embeddable":true,"href":"https:\/\/diarioregionaldigital.com.br\/index.php?rest_route=\/wp\/v2\/media\/184718"}],"wp:attachment":[{"href":"https:\/\/diarioregionaldigital.com.br\/index.php?rest_route=%2Fwp%2Fv2%2Fmedia&parent=184717"}],"wp:term":[{"taxonomy":"category","embeddable":true,"href":"https:\/\/diarioregionaldigital.com.br\/index.php?rest_route=%2Fwp%2Fv2%2Fcategories&post=184717"},{"taxonomy":"post_tag","embeddable":true,"href":"https:\/\/diarioregionaldigital.com.br\/index.php?rest_route=%2Fwp%2Fv2%2Ftags&post=184717"}],"curies":[{"name":"wp","href":"https:\/\/api.w.org\/{rel}","templated":true}]}}