{"id":184714,"date":"2021-07-01T19:31:59","date_gmt":"2021-07-01T22:31:59","guid":{"rendered":"https:\/\/diarioregionaldigital.com.br\/?p=184714"},"modified":"2021-07-01T19:31:59","modified_gmt":"2021-07-01T22:31:59","slug":"romeu-zema-destaca-atracao-de-r-129-bilhoes-em-investimentos-privados-durante-agenda-no-interior","status":"publish","type":"post","link":"https:\/\/diarioregionaldigital.com.br\/?p=184714","title":{"rendered":"Romeu Zema destaca atra\u00e7\u00e3o de R$ 129 bilh\u00f5es em investimentos privados durante agenda no interior"},"content":{"rendered":"<p>No dia em que completou 30 meses \u00e0 frente do\u00a0<a href=\"http:\/\/www.mg.gov.br\/\" target=\"_blank\" rel=\"noopener\">Governo de Minas<\/a>, o governador Romeu Zema cumpriu uma s\u00e9rie de agendas de trabalho pelo interior do estado nesta quinta-feira (1\/7) e destacou os resultados de uma das principais bandeiras de sua gest\u00e3o: desenvolvimento econ\u00f4mico e gera\u00e7\u00e3o de empregos. Nos primeiros dois anos e meio de seu mandato, o governo, via\u00a0<a href=\"http:\/\/www.indi.mg.gov.br\/\" target=\"_blank\" rel=\"noopener\">Ag\u00eancia de Promo\u00e7\u00e3o de Investimentos e Com\u00e9rcio Exterior de Minas Gerais (Indi)<\/a>, bateu recordes na atra\u00e7\u00e3o de investimentos privados ao estado \u2013 R$ 129 bilh\u00f5es \u2013 e expectativa de gera\u00e7\u00e3o de cerca de 200 mil empregos diretos e indiretos.<\/p>\n<p>Nesta quinta-feira, Zema esteve em Lavras, no\u00a0Sul de Minas, Perd\u00f5es e Campo Belo, na regi\u00e3o Centro-Oeste do estado, para encontros com prefeitos da regi\u00e3o e representantes do setor produtivo O governador\u00a0falou sobre os principais projetos desenvolvidos pelo seu governo, o trabalho para simplificar o ambiente de neg\u00f3cios e tornar o Estado mais atrativo para novos investimentos. Ele\u00a0tamb\u00e9m ouviu dos gestores e empres\u00e1rios as demandas e dificuldades dos munic\u00edpios e da regi\u00e3o.<\/p>\n<p>\u201cNestas viagens, me re\u00fano com prefeitos para escutar os gestores que est\u00e3o lidando diretamente com a popula\u00e7\u00e3o e conhecem os problemas . Tamb\u00e9m tenho reuni\u00f5es com o setor produtivo, que sempre foi um setor muito esquecido pelo Estado. Gostaria de refor\u00e7ar que nesta nossa gest\u00e3o, que completa hoje 30 meses, j\u00e1 atra\u00edmos para Minas Gerais mais de R$ 129 bilh\u00f5es em investimentos privados. A grande prioridade do meu governo \u00e9 criar empregos. N\u00f3s avan\u00e7amos em todos os indicadores sociais, como na sa\u00fade, educa\u00e7\u00e3o e seguran\u00e7a, mas nada disso \u00e9 suficiente se o mineiro n\u00e3o tiver emprego\u201d, destacou o governador.<\/p>\n<p><strong>Aproxima\u00e7\u00e3o<\/strong><\/p>\n<p>Em Perd\u00f5es, no Centro-Oeste, Zema se reuniu com representantes da ind\u00fastria, do com\u00e9rcio, servi\u00e7os e do agroneg\u00f3cio. Os empres\u00e1rios destacaram a iniciativa do governador de percorrer todo o estado para escutar quem investe, gera emprego e renda. \u201cO senhor est\u00e1 saindo do conforto da capital para conhecer as nossas dificuldades e oportunidades\u201d, destacou o presidente do Sindicato Rural de Perd\u00f5es, Danilo Vilela.<\/p>\n<p>J\u00e1 o empres\u00e1rio Aderlei Jose Freire enalteceu a atitude de Romeu Zema de reunir os empreendedores com o objetivo de identificar o que pode ser melhorado em Minas Gerais. \u201c\u00c9 um privil\u00e9gio estar ao lado do governador para dialogar. Ao escutar o setor produtivo Zema demonstra humildade e sabedoria\u201d, afirmou.<\/p>\n<p><strong>Demandas municipais<\/strong><\/p>\n<p>Em Lavras, no Sul de Minas, e Campo Belo, no Centro-Oeste, o governador tamb\u00e9m se reuniu com prefeitos das microrregi\u00f5es para ouvir as demandas e apresentar os programas e projetos desenvolvidos.<\/p>\n<p>A prefeita de Lavras, Jussara Menicucci, ressaltou a parceria do Governo do Estado com os munic\u00edpios. Segundo ela, a manuten\u00e7\u00e3o dos repasses constitucionais em dia, al\u00e9m do pagamento dos atrasados \u2013 herdados do governo passado, tem permitido aos munic\u00edpios avan\u00e7ar nas pol\u00edticas p\u00fablicas. Ela tamb\u00e9m falou da import\u00e2ncia de atrair investimentos para a regi\u00e3o.<\/p>\n<p>\u201cO governador est\u00e1 fazendo um trabalho digno de elogios, vindo a campo, onde precisa da presen\u00e7a do governador. Para n\u00f3s, prefeitos, principalmente, ter o governador amparando \u00e9 muito importante. Estamos buscando investimentos, Lavras tem como proposta retomar o desenvolvimento, gerar empregos. Quando Lavras gera emprego gera desenvolvimento para a regi\u00e3o\u201d, afirmou a prefeita.<\/p>\n<p>O prefeito de Campo Belo, Alisson de Assis Carvalho, tamb\u00e9m valorizou a manuten\u00e7\u00e3o dos repasses aos munic\u00edpios e colocou a cidade \u00e0 disposi\u00e7\u00e3o para o desenvolvimento de novos projetos.<\/p>\n<p>\u201cQueremos parabenizar o governador pelo excelente trabalho realizado, principalmente para n\u00f3s, prefeitos do segundo mandato. A gente sabe como o senhor pegou o Estado e o est\u00e1 deixando para n\u00f3s\u201d, afirmou o prefeito.<\/p>\n<p>Nos tr\u00eas munic\u00edpios, o governador esteve acompanhado de deputados federais, estaduais e do secret\u00e1rio de Estado de\u00a0<a href=\"http:\/\/www.saude.mg.gov.br\/\" target=\"_blank\" rel=\"noopener\">Sa\u00fade<\/a>, o m\u00e9dico F\u00e1bio Baccheretti. Em Lavras, Perd\u00f5es e Campo Belo, o governador tamb\u00e9m realizou caminhadas pelas cidades para a distribui\u00e7\u00e3o de m\u00e1scaras e conscientiza\u00e7\u00e3o para a preven\u00e7\u00e3o ao coronav\u00edrus.<\/p>\n<p><span style=\"font-weight: 400;\">Fonte: Ag\u00eancia Minas<\/span><\/p>\n","protected":false},"excerpt":{"rendered":"<p>No dia em que completou 30 meses \u00e0 frente do\u00a0Governo de Minas, o governador Romeu Zema cumpriu uma s\u00e9rie de agendas de trabalho pelo interior do estado nesta quinta-feira (1\/7) e destacou os resultados de uma das principais bandeiras de sua gest\u00e3o: desenvolvimento econ\u00f4mico e gera\u00e7\u00e3o de empregos. Nos primeiros dois anos e meio de [&hellip;]<\/p>\n","protected":false},"author":246,"featured_media":184715,"comment_status":"closed","ping_status":"closed","sticky":false,"template":"","format":"standard","meta":{"footnotes":""},"categories":[440,254,439],"tags":[],"class_list":["post-184714","post","type-post","status-publish","format-standard","has-post-thumbnail","hentry","category-destaques-do-dia","category-politica","category-ultima-hora"],"_links":{"self":[{"href":"https:\/\/diarioregionaldigital.com.br\/index.php?rest_route=\/wp\/v2\/posts\/184714","targetHints":{"allow":["GET"]}}],"collection":[{"href":"https:\/\/diarioregionaldigital.com.br\/index.php?rest_route=\/wp\/v2\/posts"}],"about":[{"href":"https:\/\/diarioregionaldigital.com.br\/index.php?rest_route=\/wp\/v2\/types\/post"}],"author":[{"embeddable":true,"href":"https:\/\/diarioregionaldigital.com.br\/index.php?rest_route=\/wp\/v2\/users\/246"}],"replies":[{"embeddable":true,"href":"https:\/\/diarioregionaldigital.com.br\/index.php?rest_route=%2Fwp%2Fv2%2Fcomments&post=184714"}],"version-history":[{"count":1,"href":"https:\/\/diarioregionaldigital.com.br\/index.php?rest_route=\/wp\/v2\/posts\/184714\/revisions"}],"predecessor-version":[{"id":184716,"href":"https:\/\/diarioregionaldigital.com.br\/index.php?rest_route=\/wp\/v2\/posts\/184714\/revisions\/184716"}],"wp:featuredmedia":[{"embeddable":true,"href":"https:\/\/diarioregionaldigital.com.br\/index.php?rest_route=\/wp\/v2\/media\/184715"}],"wp:attachment":[{"href":"https:\/\/diarioregionaldigital.com.br\/index.php?rest_route=%2Fwp%2Fv2%2Fmedia&parent=184714"}],"wp:term":[{"taxonomy":"category","embeddable":true,"href":"https:\/\/diarioregionaldigital.com.br\/index.php?rest_route=%2Fwp%2Fv2%2Fcategories&post=184714"},{"taxonomy":"post_tag","embeddable":true,"href":"https:\/\/diarioregionaldigital.com.br\/index.php?rest_route=%2Fwp%2Fv2%2Ftags&post=184714"}],"curies":[{"name":"wp","href":"https:\/\/api.w.org\/{rel}","templated":true}]}}