{"id":184711,"date":"2021-07-01T19:27:15","date_gmt":"2021-07-01T22:27:15","guid":{"rendered":"https:\/\/diarioregionaldigital.com.br\/?p=184711"},"modified":"2021-07-01T19:27:15","modified_gmt":"2021-07-01T22:27:15","slug":"dolar-fecha-acima-de-r-5-pela-primeira-vez-em-10-dias","status":"publish","type":"post","link":"https:\/\/diarioregionaldigital.com.br\/?p=184711","title":{"rendered":"D\u00f3lar fecha acima de R$ 5 pela primeira vez em 10 dias"},"content":{"rendered":"<p>Em dia de tens\u00f5es no mercado financeiro, o d\u00f3lar voltou a subir e fechou acima de R$ 5 pela primeira vez em 10 dias. A bolsa de valores chegou a abrir em alta, mas reverteu o movimento e passou a cair ainda durante a manh\u00e3.<\/p>\n<p>O d\u00f3lar comercial encerrou a\u00a0quinta-feira (1\u00ba) vendido a R$ 5,045, com alta de R$ 0,072 (+1,45%). Na primeira hora de negocia\u00e7\u00e3o, a moeda operou em baixa, mas passou a disparar por volta das 10h30 at\u00e9 fechar pr\u00f3xima da m\u00e1xima da sess\u00e3o.<\/p>\n<p>A instabilidade tamb\u00e9m persistiu no mercado de a\u00e7\u00f5es. O \u00edndice Ibovespa, da B3, fechou o dia aos 125.666 pontos, com recuo de 0,9%. O indicador est\u00e1 no menor n\u00edvel desde\u00a028 de maio.<\/p>\n<p>Esse foi o terceiro dia seguido de alta do d\u00f3lar e de queda na bolsa. Fatores internos e externos est\u00e3o interferindo no mercado. No plano externo, o d\u00f3lar vem ganhando for\u00e7a contra as principais moedas do planeta com a expectativa em torno da divulga\u00e7\u00e3o do relat\u00f3rio que deve mostrar acelera\u00e7\u00e3o da cria\u00e7\u00e3o de empregos nos Estados Unidos.<\/p>\n<p>Um desempenho melhor que o esperado deve refor\u00e7ar a expectativa de aumento de juros na maior economia do planeta antes do fim de 2022. Taxas mais altas em economias avan\u00e7adas pressionam o d\u00f3lar e a bolsa em pa\u00edses emergentes, como o Brasil.<\/p>\n<p>No plano interno, as tens\u00f5es pol\u00edticas e as repercuss\u00f5es em torno da proposta da\u00a0segunda\u00a0fase de reforma tribut\u00e1ria continuam a influenciar as negocia\u00e7\u00f5es. Apresentado na \u00faltima\u00a0sexta-feira (26), o texto prop\u00f5e o retorno da tributa\u00e7\u00e3o sobre dividendos (atualmente isentos) e o fim do benef\u00edcio fiscal dos juros sobre capital pr\u00f3prio.<\/p>\n<p>Fonte: Ag\u00eancia Brasil\/Reuters<\/p>\n","protected":false},"excerpt":{"rendered":"<p>Em dia de tens\u00f5es no mercado financeiro, o d\u00f3lar voltou a subir e fechou acima de R$ 5 pela primeira vez em 10 dias. A bolsa de valores chegou a abrir em alta, mas reverteu o movimento e passou a cair ainda durante a manh\u00e3. O d\u00f3lar comercial encerrou a\u00a0quinta-feira (1\u00ba) vendido a R$ 5,045, [&hellip;]<\/p>\n","protected":false},"author":246,"featured_media":184712,"comment_status":"closed","ping_status":"closed","sticky":false,"template":"","format":"standard","meta":{"footnotes":""},"categories":[440,261,439],"tags":[],"class_list":["post-184711","post","type-post","status-publish","format-standard","has-post-thumbnail","hentry","category-destaques-do-dia","category-economia","category-ultima-hora"],"_links":{"self":[{"href":"https:\/\/diarioregionaldigital.com.br\/index.php?rest_route=\/wp\/v2\/posts\/184711","targetHints":{"allow":["GET"]}}],"collection":[{"href":"https:\/\/diarioregionaldigital.com.br\/index.php?rest_route=\/wp\/v2\/posts"}],"about":[{"href":"https:\/\/diarioregionaldigital.com.br\/index.php?rest_route=\/wp\/v2\/types\/post"}],"author":[{"embeddable":true,"href":"https:\/\/diarioregionaldigital.com.br\/index.php?rest_route=\/wp\/v2\/users\/246"}],"replies":[{"embeddable":true,"href":"https:\/\/diarioregionaldigital.com.br\/index.php?rest_route=%2Fwp%2Fv2%2Fcomments&post=184711"}],"version-history":[{"count":1,"href":"https:\/\/diarioregionaldigital.com.br\/index.php?rest_route=\/wp\/v2\/posts\/184711\/revisions"}],"predecessor-version":[{"id":184713,"href":"https:\/\/diarioregionaldigital.com.br\/index.php?rest_route=\/wp\/v2\/posts\/184711\/revisions\/184713"}],"wp:featuredmedia":[{"embeddable":true,"href":"https:\/\/diarioregionaldigital.com.br\/index.php?rest_route=\/wp\/v2\/media\/184712"}],"wp:attachment":[{"href":"https:\/\/diarioregionaldigital.com.br\/index.php?rest_route=%2Fwp%2Fv2%2Fmedia&parent=184711"}],"wp:term":[{"taxonomy":"category","embeddable":true,"href":"https:\/\/diarioregionaldigital.com.br\/index.php?rest_route=%2Fwp%2Fv2%2Fcategories&post=184711"},{"taxonomy":"post_tag","embeddable":true,"href":"https:\/\/diarioregionaldigital.com.br\/index.php?rest_route=%2Fwp%2Fv2%2Ftags&post=184711"}],"curies":[{"name":"wp","href":"https:\/\/api.w.org\/{rel}","templated":true}]}}