{"id":184704,"date":"2021-07-01T06:00:29","date_gmt":"2021-07-01T09:00:29","guid":{"rendered":"https:\/\/diarioregionaldigital.com.br\/?p=184704"},"modified":"2021-06-30T23:34:52","modified_gmt":"2021-07-01T02:34:52","slug":"talentosa","status":"publish","type":"post","link":"https:\/\/diarioregionaldigital.com.br\/?p=184704","title":{"rendered":"Talentosa"},"content":{"rendered":"<p style=\"text-align: center;\"><strong>Na Natureza<\/strong><\/p>\n<p style=\"text-align: center;\">O bel\u00edssimo projeto do escrit\u00f3rio Mascarenhas Arquitetos Associados para a segunda fase da Reserva Ecoville mostra um sofisticado condom\u00ednio residencial lan\u00e7ado na BR-040, pr\u00f3ximo \u00e0 entrada de Monte Verde. Vendas na Oliveira Matta Imobili\u00e1ria.<\/p>\n<p style=\"text-align: center;\"><strong>Cinemascope<\/strong><\/p>\n<p style=\"text-align: center;\">Revolucionando o mercado a marca Chico Rei lan\u00e7ou cole\u00e7\u00e3o de camisas em parceria com o \u201cTelecine\u201d com parte da renda para a Plano Sequ\u00eancia com parte da renda para o Plano Seguro, ONG fundada por artistas para ajudar o mercado audiovisual, afetado pela pandemia.<\/p>\n<p style=\"text-align: center;\"><strong>Sucesso<\/strong><\/p>\n<p style=\"text-align: center;\">O programa de Educa\u00e7\u00e3o Tutorial de psicologia da UFJF conquistou i primeiro lugar e recebeu men\u00e7\u00e3o honrosa no Encontro Regional dos Grupos Pet. Brilhando na coordena\u00e7\u00e3o, a professora Marisa Cosenza Rodrigues.<\/p>\n<p style=\"text-align: center;\"><strong>Talentosa<\/strong><\/p>\n<p style=\"text-align: center;\">Talentosa e simp\u00e1tica, a artista pl\u00e1stica Nequitz Miguel ter\u00e1 seu nome eternizado na Casa do Poeta, em Petr\u00f3polis (RJ). H\u00e1 quase 30 anos ela participa intensamente do cen\u00e1rio art\u00edstico real\u00e7ando seu estilo modernista em exposi\u00e7\u00f5es nacionais e internacionais.<\/p>\n<div id=\"attachment_184693\" style=\"width: 690px\" class=\"wp-caption aligncenter\"><img loading=\"lazy\" decoding=\"async\" aria-describedby=\"caption-attachment-184693\" class=\"wp-image-184693\" src=\"https:\/\/diarioregionaldigital.com.br\/wp-content\/uploads\/2021\/06\/fotoa-13-e1625104211147.jpeg\" alt=\"\" width=\"680\" height=\"471\" srcset=\"https:\/\/diarioregionaldigital.com.br\/wp-content\/uploads\/2021\/06\/fotoa-13-e1625104211147.jpeg 750w, https:\/\/diarioregionaldigital.com.br\/wp-content\/uploads\/2021\/06\/fotoa-13-e1625104211147-300x208.jpeg 300w, https:\/\/diarioregionaldigital.com.br\/wp-content\/uploads\/2021\/06\/fotoa-13-e1625104211147-360x249.jpeg 360w, https:\/\/diarioregionaldigital.com.br\/wp-content\/uploads\/2021\/06\/fotoa-13-e1625104211147-100x70.jpeg 100w\" sizes=\"auto, (max-width: 680px) 100vw, 680px\" \/><p id=\"caption-attachment-184693\" class=\"wp-caption-text\">Pr\u00eamio \u201cOs Melhores de 2021\u201d para a artista pl\u00e1stica, Nequitz Miguel<\/p><\/div>\n<div id=\"attachment_184694\" style=\"width: 690px\" class=\"wp-caption aligncenter\"><img loading=\"lazy\" decoding=\"async\" aria-describedby=\"caption-attachment-184694\" class=\"wp-image-184694\" src=\"https:\/\/diarioregionaldigital.com.br\/wp-content\/uploads\/2021\/06\/fotob-15-e1625104311364.jpg\" alt=\"\" width=\"680\" height=\"445\" srcset=\"https:\/\/diarioregionaldigital.com.br\/wp-content\/uploads\/2021\/06\/fotob-15-e1625104311364.jpg 909w, https:\/\/diarioregionaldigital.com.br\/wp-content\/uploads\/2021\/06\/fotob-15-e1625104311364-300x196.jpg 300w, https:\/\/diarioregionaldigital.com.br\/wp-content\/uploads\/2021\/06\/fotob-15-e1625104311364-768x503.jpg 768w, https:\/\/diarioregionaldigital.com.br\/wp-content\/uploads\/2021\/06\/fotob-15-e1625104311364-360x236.jpg 360w\" sizes=\"auto, (max-width: 680px) 100vw, 680px\" \/><p id=\"caption-attachment-184694\" class=\"wp-caption-text\">As lindezas Irene Barros e a filha Andreia Barros enfeitando hoje esta coluna social<\/p><\/div>\n<div id=\"attachment_184695\" style=\"width: 690px\" class=\"wp-caption aligncenter\"><img loading=\"lazy\" decoding=\"async\" aria-describedby=\"caption-attachment-184695\" class=\"wp-image-184695\" src=\"https:\/\/diarioregionaldigital.com.br\/wp-content\/uploads\/2021\/06\/fotoc-21-e1625104276427.jpg\" alt=\"\" width=\"680\" height=\"476\" srcset=\"https:\/\/diarioregionaldigital.com.br\/wp-content\/uploads\/2021\/06\/fotoc-21-e1625104276427.jpg 662w, https:\/\/diarioregionaldigital.com.br\/wp-content\/uploads\/2021\/06\/fotoc-21-e1625104276427-300x210.jpg 300w, https:\/\/diarioregionaldigital.com.br\/wp-content\/uploads\/2021\/06\/fotoc-21-e1625104276427-360x252.jpg 360w, https:\/\/diarioregionaldigital.com.br\/wp-content\/uploads\/2021\/06\/fotoc-21-e1625104276427-100x70.jpg 100w\" sizes=\"auto, (max-width: 680px) 100vw, 680px\" \/><p id=\"caption-attachment-184695\" class=\"wp-caption-text\">Antes da pandemia, o querido casal Jo\u00e3o Braile e \u00c2ngela Landau Braile<\/p><\/div>\n<div id=\"attachment_184696\" style=\"width: 690px\" class=\"wp-caption aligncenter\"><img loading=\"lazy\" decoding=\"async\" aria-describedby=\"caption-attachment-184696\" class=\"wp-image-184696\" src=\"https:\/\/diarioregionaldigital.com.br\/wp-content\/uploads\/2021\/06\/fotod-16-e1625104341655.jpg\" alt=\"\" width=\"680\" height=\"517\" srcset=\"https:\/\/diarioregionaldigital.com.br\/wp-content\/uploads\/2021\/06\/fotod-16-e1625104341655.jpg 522w, https:\/\/diarioregionaldigital.com.br\/wp-content\/uploads\/2021\/06\/fotod-16-e1625104341655-300x228.jpg 300w, https:\/\/diarioregionaldigital.com.br\/wp-content\/uploads\/2021\/06\/fotod-16-e1625104341655-360x274.jpg 360w\" sizes=\"auto, (max-width: 680px) 100vw, 680px\" \/><p id=\"caption-attachment-184696\" class=\"wp-caption-text\">Em destaque hoje, o estudante Maxwell Caixeiro Petrato e Mariza Petrato<\/p><\/div>\n<div id=\"attachment_184700\" style=\"width: 690px\" class=\"wp-caption aligncenter\"><img loading=\"lazy\" decoding=\"async\" aria-describedby=\"caption-attachment-184700\" class=\"wp-image-184700\" src=\"https:\/\/diarioregionaldigital.com.br\/wp-content\/uploads\/2021\/06\/fotog-17-e1625104460401.jpg\" alt=\"\" width=\"680\" height=\"554\" srcset=\"https:\/\/diarioregionaldigital.com.br\/wp-content\/uploads\/2021\/06\/fotog-17-e1625104460401.jpg 524w, https:\/\/diarioregionaldigital.com.br\/wp-content\/uploads\/2021\/06\/fotog-17-e1625104460401-300x244.jpg 300w, https:\/\/diarioregionaldigital.com.br\/wp-content\/uploads\/2021\/06\/fotog-17-e1625104460401-220x180.jpg 220w, https:\/\/diarioregionaldigital.com.br\/wp-content\/uploads\/2021\/06\/fotog-17-e1625104460401-360x293.jpg 360w\" sizes=\"auto, (max-width: 680px) 100vw, 680px\" \/><p id=\"caption-attachment-184700\" class=\"wp-caption-text\">Esperando dias melhores, o casal Rodrigo Zacarias e Renata Zacarias<\/p><\/div>\n<div id=\"attachment_184698\" style=\"width: 690px\" class=\"wp-caption aligncenter\"><img loading=\"lazy\" decoding=\"async\" aria-describedby=\"caption-attachment-184698\" class=\"wp-image-184698\" src=\"https:\/\/diarioregionaldigital.com.br\/wp-content\/uploads\/2021\/06\/fotof-17-e1625104426444.jpg\" alt=\"\" width=\"680\" height=\"501\" srcset=\"https:\/\/diarioregionaldigital.com.br\/wp-content\/uploads\/2021\/06\/fotof-17-e1625104426444.jpg 1320w, https:\/\/diarioregionaldigital.com.br\/wp-content\/uploads\/2021\/06\/fotof-17-e1625104426444-300x221.jpg 300w, https:\/\/diarioregionaldigital.com.br\/wp-content\/uploads\/2021\/06\/fotof-17-e1625104426444-1024x754.jpg 1024w, https:\/\/diarioregionaldigital.com.br\/wp-content\/uploads\/2021\/06\/fotof-17-e1625104426444-768x566.jpg 768w, https:\/\/diarioregionaldigital.com.br\/wp-content\/uploads\/2021\/06\/fotof-17-e1625104426444-360x265.jpg 360w\" sizes=\"auto, (max-width: 680px) 100vw, 680px\" \/><p id=\"caption-attachment-184698\" class=\"wp-caption-text\">Formando bonito casal 20, Soraya Preste e Renato Preste<\/p><\/div>\n<div id=\"attachment_184697\" style=\"width: 690px\" class=\"wp-caption aligncenter\"><img loading=\"lazy\" decoding=\"async\" aria-describedby=\"caption-attachment-184697\" class=\"wp-image-184697\" src=\"https:\/\/diarioregionaldigital.com.br\/wp-content\/uploads\/2021\/06\/fotoe-15-e1625104374864.jpg\" alt=\"\" width=\"680\" height=\"466\" srcset=\"https:\/\/diarioregionaldigital.com.br\/wp-content\/uploads\/2021\/06\/fotoe-15-e1625104374864.jpg 582w, https:\/\/diarioregionaldigital.com.br\/wp-content\/uploads\/2021\/06\/fotoe-15-e1625104374864-300x206.jpg 300w, https:\/\/diarioregionaldigital.com.br\/wp-content\/uploads\/2021\/06\/fotoe-15-e1625104374864-360x247.jpg 360w, https:\/\/diarioregionaldigital.com.br\/wp-content\/uploads\/2021\/06\/fotoe-15-e1625104374864-100x70.jpg 100w\" sizes=\"auto, (max-width: 680px) 100vw, 680px\" \/><p id=\"caption-attachment-184697\" class=\"wp-caption-text\">As fofoletes Ana Maria Moraes (aniversariando) com Hermelinda Costa<\/p><\/div>\n<p style=\"text-align: center;\"><strong>FOTOSS\u00cdNTESE<\/strong><\/p>\n<p>Eurico Alves e L\u00e9o Maia est\u00e3o a frente da franquia da marca de bicicletas Sense. Com estrutura bem montada o Showroom fica na Av.Deusdedit Salgado, pr\u00f3ximo ao Cascatinha.<\/p>\n<p>Com ondas do vai e vem, Juiz de Fora com \u00edndices est\u00e1veis continua na faixa laranja durante a pandemia. Estado associa diminui\u00e7\u00e3o de casos graves de Covid-19 \u00e0 vacina\u00e7\u00e3o.<\/p>\n<p>Os professores de Juiz de Est\u00e3o aflitos para a solu\u00e7\u00e3o da reabertura das escolas. O Sindicato cobra condi\u00e7\u00f5es adequadas para o retorno de aulas presenciais.<\/p>\n<p>A competente Tatiane Lobato lan\u00e7ou portal \u2018Vendas Club\u2019 dedicado a conte\u00fados sobre vendas on-line.<\/p>\n<p>A For\u00e7a integrada de Combate ao Crime Organizado (Ficco) esta investigando corrup\u00e7\u00e3o no sistema penitenci\u00e1rio do estado com a Opera\u00e7\u00e3o Catira.<\/p>\n<p>A talentosa cantora Dani Coimbra lan\u00e7ou com sucesso, single e clipe da m\u00fasica \u2018A Beleza \u00e9 Voc\u00ea Menina\u2019, releitura de Bebeto.<\/p>\n<p>Com lindas pe\u00e7as, o Bazar Chiquetosa esta funcionando no pr\u00e9dio da Cesama, em prol do Instituto Bruno.<\/p>\n<p>Os Dj\u2019s Lucas e Marcos Ruback (do Projeto Dubdogs) lan\u00e7aram a m\u00fasica \u201cGood-Good\u201d. O selo \u00e9 da Spinnin Records e foi gravada em parceria com a dupla Cat Dealers.<\/p>\n<p>Reforma intima: \u201cA paci\u00eancia n\u00e3o \u00e9 a habilidade de esperar, mais a habilidade de manter um boa atitude enquanto se espera\u201d. (Joyce Meyer) Bom dia.<\/p>\n<p><img loading=\"lazy\" decoding=\"async\" class=\"aligncenter size-full wp-image-184701\" src=\"https:\/\/diarioregionaldigital.com.br\/wp-content\/uploads\/2021\/06\/anuncio73-scaled.jpg\" alt=\"\" width=\"2560\" height=\"938\" srcset=\"https:\/\/diarioregionaldigital.com.br\/wp-content\/uploads\/2021\/06\/anuncio73-scaled.jpg 2560w, https:\/\/diarioregionaldigital.com.br\/wp-content\/uploads\/2021\/06\/anuncio73-300x110.jpg 300w, https:\/\/diarioregionaldigital.com.br\/wp-content\/uploads\/2021\/06\/anuncio73-1024x375.jpg 1024w, https:\/\/diarioregionaldigital.com.br\/wp-content\/uploads\/2021\/06\/anuncio73-768x281.jpg 768w, https:\/\/diarioregionaldigital.com.br\/wp-content\/uploads\/2021\/06\/anuncio73-1536x563.jpg 1536w, https:\/\/diarioregionaldigital.com.br\/wp-content\/uploads\/2021\/06\/anuncio73-2048x751.jpg 2048w, https:\/\/diarioregionaldigital.com.br\/wp-content\/uploads\/2021\/06\/anuncio73-360x132.jpg 360w\" sizes=\"auto, (max-width: 2560px) 100vw, 2560px\" \/><\/p>\n","protected":false},"excerpt":{"rendered":"<p>Na Natureza O bel\u00edssimo projeto do escrit\u00f3rio Mascarenhas Arquitetos Associados para a segunda fase da Reserva Ecoville mostra um sofisticado condom\u00ednio residencial lan\u00e7ado na BR-040, pr\u00f3ximo \u00e0 entrada de Monte Verde. Vendas na Oliveira Matta Imobili\u00e1ria. Cinemascope Revolucionando o mercado a marca Chico Rei lan\u00e7ou cole\u00e7\u00e3o de camisas em parceria com o \u201cTelecine\u201d com parte [&hellip;]<\/p>\n","protected":false},"author":253,"featured_media":184693,"comment_status":"closed","ping_status":"closed","sticky":false,"template":"","format":"standard","meta":{"footnotes":""},"categories":[264],"tags":[],"class_list":["post-184704","post","type-post","status-publish","format-standard","has-post-thumbnail","hentry","category-eduardo-gomes"],"_links":{"self":[{"href":"https:\/\/diarioregionaldigital.com.br\/index.php?rest_route=\/wp\/v2\/posts\/184704","targetHints":{"allow":["GET"]}}],"collection":[{"href":"https:\/\/diarioregionaldigital.com.br\/index.php?rest_route=\/wp\/v2\/posts"}],"about":[{"href":"https:\/\/diarioregionaldigital.com.br\/index.php?rest_route=\/wp\/v2\/types\/post"}],"author":[{"embeddable":true,"href":"https:\/\/diarioregionaldigital.com.br\/index.php?rest_route=\/wp\/v2\/users\/253"}],"replies":[{"embeddable":true,"href":"https:\/\/diarioregionaldigital.com.br\/index.php?rest_route=%2Fwp%2Fv2%2Fcomments&post=184704"}],"version-history":[{"count":1,"href":"https:\/\/diarioregionaldigital.com.br\/index.php?rest_route=\/wp\/v2\/posts\/184704\/revisions"}],"predecessor-version":[{"id":184705,"href":"https:\/\/diarioregionaldigital.com.br\/index.php?rest_route=\/wp\/v2\/posts\/184704\/revisions\/184705"}],"wp:featuredmedia":[{"embeddable":true,"href":"https:\/\/diarioregionaldigital.com.br\/index.php?rest_route=\/wp\/v2\/media\/184693"}],"wp:attachment":[{"href":"https:\/\/diarioregionaldigital.com.br\/index.php?rest_route=%2Fwp%2Fv2%2Fmedia&parent=184704"}],"wp:term":[{"taxonomy":"category","embeddable":true,"href":"https:\/\/diarioregionaldigital.com.br\/index.php?rest_route=%2Fwp%2Fv2%2Fcategories&post=184704"},{"taxonomy":"post_tag","embeddable":true,"href":"https:\/\/diarioregionaldigital.com.br\/index.php?rest_route=%2Fwp%2Fv2%2Ftags&post=184704"}],"curies":[{"name":"wp","href":"https:\/\/api.w.org\/{rel}","templated":true}]}}