{"id":184686,"date":"2021-06-30T22:30:30","date_gmt":"2021-07-01T01:30:30","guid":{"rendered":"https:\/\/diarioregionaldigital.com.br\/?p=184686"},"modified":"2021-06-30T22:30:30","modified_gmt":"2021-07-01T01:30:30","slug":"minas-gerais-ultrapassa-a-marca-de-46-mil-obitos-por-covid-19-desde-o-inicio-da-pandemia","status":"publish","type":"post","link":"https:\/\/diarioregionaldigital.com.br\/?p=184686","title":{"rendered":"Minas Gerais ultrapassa a marca de 46 mil \u00f3bitos por Covid-19 desde o in\u00edcio da pandemia"},"content":{"rendered":"<div class=\"evo-entry-content entry-content\">\n<p>A Secretaria de Estado da Sa\u00fade de Minas Gerais (SES-MG), publicou nesta quarta-feira (30), o <a href=\"https:\/\/coronavirus.saude.mg.gov.br\/images\/1_2021\/06-junho\/30.06.21COVID-19_-_BOLETIMRETIFICADO_2.pdf\">novo boletim<\/a> referente ao Coronav\u00edrus. O levantamento aponta que o estado notificou mais 8.686 novos casos da doen\u00e7a, totalizando 1.803.748 pessoas infectadas. Os dados indicam que foram registradas mais 281 mortes, contabilizando 46.242 \u00f3bitos.<\/p>\n<p>Al\u00e9m disso, 1.677.523 pacientes est\u00e3o recuperados da doen\u00e7a, representando 93% dos casos. Quanto aos dados de hospitaliza\u00e7\u00e3o, 158.160 estiveram internados e 1.645.588 j\u00e1 fizeram isolamento domiciliar. At\u00e9 o momento, 7.044.058 pessoas receberam a primeira dose da vacina e 2.685.802 a segunda.<\/p>\n<\/div>\n<div class=\"evo-single-footer\">\n<div class=\"evo-post-directions\">\n<div class=\"evo-post-directions-inner\">\n<div class=\"evo-prev-post\"><\/div>\n<\/div>\n<\/div>\n<\/div>\n","protected":false},"excerpt":{"rendered":"<p>A Secretaria de Estado da Sa\u00fade de Minas Gerais (SES-MG), publicou nesta quarta-feira (30), o novo boletim referente ao Coronav\u00edrus. O levantamento aponta que o estado notificou mais 8.686 novos casos da doen\u00e7a, totalizando 1.803.748 pessoas infectadas. Os dados indicam que foram registradas mais 281 mortes, contabilizando 46.242 \u00f3bitos. Al\u00e9m disso, 1.677.523 pacientes est\u00e3o recuperados [&hellip;]<\/p>\n","protected":false},"author":246,"featured_media":184687,"comment_status":"closed","ping_status":"closed","sticky":false,"template":"","format":"standard","meta":{"footnotes":""},"categories":[252],"tags":[],"class_list":["post-184686","post","type-post","status-publish","format-standard","has-post-thumbnail","hentry","category-regiao"],"_links":{"self":[{"href":"https:\/\/diarioregionaldigital.com.br\/index.php?rest_route=\/wp\/v2\/posts\/184686","targetHints":{"allow":["GET"]}}],"collection":[{"href":"https:\/\/diarioregionaldigital.com.br\/index.php?rest_route=\/wp\/v2\/posts"}],"about":[{"href":"https:\/\/diarioregionaldigital.com.br\/index.php?rest_route=\/wp\/v2\/types\/post"}],"author":[{"embeddable":true,"href":"https:\/\/diarioregionaldigital.com.br\/index.php?rest_route=\/wp\/v2\/users\/246"}],"replies":[{"embeddable":true,"href":"https:\/\/diarioregionaldigital.com.br\/index.php?rest_route=%2Fwp%2Fv2%2Fcomments&post=184686"}],"version-history":[{"count":2,"href":"https:\/\/diarioregionaldigital.com.br\/index.php?rest_route=\/wp\/v2\/posts\/184686\/revisions"}],"predecessor-version":[{"id":184689,"href":"https:\/\/diarioregionaldigital.com.br\/index.php?rest_route=\/wp\/v2\/posts\/184686\/revisions\/184689"}],"wp:featuredmedia":[{"embeddable":true,"href":"https:\/\/diarioregionaldigital.com.br\/index.php?rest_route=\/wp\/v2\/media\/184687"}],"wp:attachment":[{"href":"https:\/\/diarioregionaldigital.com.br\/index.php?rest_route=%2Fwp%2Fv2%2Fmedia&parent=184686"}],"wp:term":[{"taxonomy":"category","embeddable":true,"href":"https:\/\/diarioregionaldigital.com.br\/index.php?rest_route=%2Fwp%2Fv2%2Fcategories&post=184686"},{"taxonomy":"post_tag","embeddable":true,"href":"https:\/\/diarioregionaldigital.com.br\/index.php?rest_route=%2Fwp%2Fv2%2Ftags&post=184686"}],"curies":[{"name":"wp","href":"https:\/\/api.w.org\/{rel}","templated":true}]}}