{"id":184683,"date":"2021-06-30T19:51:02","date_gmt":"2021-06-30T22:51:02","guid":{"rendered":"https:\/\/diarioregionaldigital.com.br\/?p=184683"},"modified":"2021-06-30T19:51:02","modified_gmt":"2021-06-30T22:51:02","slug":"servicos-de-manutencao-sao-realizados-pela-cesama-na-zona-sul-do-municipio","status":"publish","type":"post","link":"https:\/\/diarioregionaldigital.com.br\/?p=184683","title":{"rendered":"Servi\u00e7os de manuten\u00e7\u00e3o s\u00e3o realizados pela Cesama na zona sul do munic\u00edpio"},"content":{"rendered":"<p>Uma equipe da Companhia de Saneamento Municipal (Cesama) da Prefeitura de Juiz de Fora (PJF) efetuou o reparo de um vazamento de \u00e1gua na rua Rei Alberto, no Centro, na altura do n\u00famero 22 da via, na manh\u00e3 desta ter\u00e7a-feira, 29.<\/p>\n<p>Ainda na zona sul da cidade, a companhia tamb\u00e9m realizou manuten\u00e7\u00f5es nas redes de \u00e1gua e esgoto, respectivamente, das ruas Afonso Celso, no bairro Vila Ideal, e Santa Maria Goretti, na comunidade de Teixeiras.<\/p>\n<p>As demandas de servi\u00e7os para a Cesama podem ser efetuadas pelo telefone 115 (Cesama Atende).<\/p>\n","protected":false},"excerpt":{"rendered":"<p>Uma equipe da Companhia de Saneamento Municipal (Cesama) da Prefeitura de Juiz de Fora (PJF) efetuou o reparo de um vazamento de \u00e1gua na rua Rei Alberto, no Centro, na altura do n\u00famero 22 da via, na manh\u00e3 desta ter\u00e7a-feira, 29. Ainda na zona sul da cidade, a companhia tamb\u00e9m realizou manuten\u00e7\u00f5es nas redes de [&hellip;]<\/p>\n","protected":false},"author":246,"featured_media":184684,"comment_status":"closed","ping_status":"closed","sticky":false,"template":"","format":"standard","meta":{"footnotes":""},"categories":[253,436,439],"tags":[],"class_list":["post-184683","post","type-post","status-publish","format-standard","has-post-thumbnail","hentry","category-cidade","category-destaque-da-semana","category-ultima-hora"],"_links":{"self":[{"href":"https:\/\/diarioregionaldigital.com.br\/index.php?rest_route=\/wp\/v2\/posts\/184683","targetHints":{"allow":["GET"]}}],"collection":[{"href":"https:\/\/diarioregionaldigital.com.br\/index.php?rest_route=\/wp\/v2\/posts"}],"about":[{"href":"https:\/\/diarioregionaldigital.com.br\/index.php?rest_route=\/wp\/v2\/types\/post"}],"author":[{"embeddable":true,"href":"https:\/\/diarioregionaldigital.com.br\/index.php?rest_route=\/wp\/v2\/users\/246"}],"replies":[{"embeddable":true,"href":"https:\/\/diarioregionaldigital.com.br\/index.php?rest_route=%2Fwp%2Fv2%2Fcomments&post=184683"}],"version-history":[{"count":1,"href":"https:\/\/diarioregionaldigital.com.br\/index.php?rest_route=\/wp\/v2\/posts\/184683\/revisions"}],"predecessor-version":[{"id":184685,"href":"https:\/\/diarioregionaldigital.com.br\/index.php?rest_route=\/wp\/v2\/posts\/184683\/revisions\/184685"}],"wp:featuredmedia":[{"embeddable":true,"href":"https:\/\/diarioregionaldigital.com.br\/index.php?rest_route=\/wp\/v2\/media\/184684"}],"wp:attachment":[{"href":"https:\/\/diarioregionaldigital.com.br\/index.php?rest_route=%2Fwp%2Fv2%2Fmedia&parent=184683"}],"wp:term":[{"taxonomy":"category","embeddable":true,"href":"https:\/\/diarioregionaldigital.com.br\/index.php?rest_route=%2Fwp%2Fv2%2Fcategories&post=184683"},{"taxonomy":"post_tag","embeddable":true,"href":"https:\/\/diarioregionaldigital.com.br\/index.php?rest_route=%2Fwp%2Fv2%2Ftags&post=184683"}],"curies":[{"name":"wp","href":"https:\/\/api.w.org\/{rel}","templated":true}]}}