{"id":184680,"date":"2021-06-30T19:47:58","date_gmt":"2021-06-30T22:47:58","guid":{"rendered":"https:\/\/diarioregionaldigital.com.br\/?p=184680"},"modified":"2021-06-30T19:47:58","modified_gmt":"2021-06-30T22:47:58","slug":"autoridades-sao-recebidas-pela-prefeita-para-debater-atendimento-do-hospital-joao-penido","status":"publish","type":"post","link":"https:\/\/diarioregionaldigital.com.br\/?p=184680","title":{"rendered":"Autoridades s\u00e3o recebidas pela Prefeita para debater atendimento do Hospital Jo\u00e3o Penido"},"content":{"rendered":"<p>A Prefeita Margarida Salom\u00e3o recebeu o deputado estadual Bet\u00e3o Cupolillo (PT-MG) e Jos\u00e9 Roberto Silva, representante do Conselho Municipal de Sa\u00fade da Regi\u00e3o Sanit\u00e1ria VI (Nordeste) de Juiz de Fora para debater a expans\u00e3o do atendimento do Hospital Jo\u00e3o Penido, no fim da tarde desta ter\u00e7a-feira, 29. O encontro, ocorrido na sede da Prefeitura de Juiz de Fora (PJF), tem como objetivo ampliar o acesso \u00e0 sa\u00fade e qualificar a presta\u00e7\u00e3o dos servi\u00e7os de sa\u00fade p\u00fablica na cidade, um dos principais compromissos da atual gest\u00e3o municipal.<\/p>\n<p>Segundo informa\u00e7\u00f5es do site da Prefeitura de Juiz de Fora, Margarida frisou o esfor\u00e7o que a PJF tem feito para refor\u00e7ar os equipamentos de sa\u00fade do munic\u00edpio, como com a expans\u00e3o de leitos de UTI Covid, que foram aumentados de cem para 168, al\u00e9m dos leitos de UTI Covid pedi\u00e1tricos, que foram de apenas um para dez. Sobre o Jo\u00e3o Penido, a Prefeita refor\u00e7ou a inten\u00e7\u00e3o de que futuramente o hospital funcione, tamb\u00e9m, como uma esp\u00e9cie de Unidade de Pronto Atendimento (UPA). \u201cUma das minhas metas priorit\u00e1rias na sa\u00fade p\u00fablica \u00e9 a abertura do Jo\u00e3o Penido, que \u00e9 uma reivindica\u00e7\u00e3o antiga da popula\u00e7\u00e3o da regi\u00e3o. Abrir a porta de urg\u00eancia e emerg\u00eancia significaria disponibilizar uma UPA com a retaguarda de um hospital\u201d, ressaltou a Prefeita.<\/p>\n","protected":false},"excerpt":{"rendered":"<p>A Prefeita Margarida Salom\u00e3o recebeu o deputado estadual Bet\u00e3o Cupolillo (PT-MG) e Jos\u00e9 Roberto Silva, representante do Conselho Municipal de Sa\u00fade da Regi\u00e3o Sanit\u00e1ria VI (Nordeste) de Juiz de Fora para debater a expans\u00e3o do atendimento do Hospital Jo\u00e3o Penido, no fim da tarde desta ter\u00e7a-feira, 29. O encontro, ocorrido na sede da Prefeitura de [&hellip;]<\/p>\n","protected":false},"author":246,"featured_media":184681,"comment_status":"closed","ping_status":"closed","sticky":false,"template":"","format":"standard","meta":{"footnotes":""},"categories":[253,436,439],"tags":[],"class_list":["post-184680","post","type-post","status-publish","format-standard","has-post-thumbnail","hentry","category-cidade","category-destaque-da-semana","category-ultima-hora"],"_links":{"self":[{"href":"https:\/\/diarioregionaldigital.com.br\/index.php?rest_route=\/wp\/v2\/posts\/184680","targetHints":{"allow":["GET"]}}],"collection":[{"href":"https:\/\/diarioregionaldigital.com.br\/index.php?rest_route=\/wp\/v2\/posts"}],"about":[{"href":"https:\/\/diarioregionaldigital.com.br\/index.php?rest_route=\/wp\/v2\/types\/post"}],"author":[{"embeddable":true,"href":"https:\/\/diarioregionaldigital.com.br\/index.php?rest_route=\/wp\/v2\/users\/246"}],"replies":[{"embeddable":true,"href":"https:\/\/diarioregionaldigital.com.br\/index.php?rest_route=%2Fwp%2Fv2%2Fcomments&post=184680"}],"version-history":[{"count":1,"href":"https:\/\/diarioregionaldigital.com.br\/index.php?rest_route=\/wp\/v2\/posts\/184680\/revisions"}],"predecessor-version":[{"id":184682,"href":"https:\/\/diarioregionaldigital.com.br\/index.php?rest_route=\/wp\/v2\/posts\/184680\/revisions\/184682"}],"wp:featuredmedia":[{"embeddable":true,"href":"https:\/\/diarioregionaldigital.com.br\/index.php?rest_route=\/wp\/v2\/media\/184681"}],"wp:attachment":[{"href":"https:\/\/diarioregionaldigital.com.br\/index.php?rest_route=%2Fwp%2Fv2%2Fmedia&parent=184680"}],"wp:term":[{"taxonomy":"category","embeddable":true,"href":"https:\/\/diarioregionaldigital.com.br\/index.php?rest_route=%2Fwp%2Fv2%2Fcategories&post=184680"},{"taxonomy":"post_tag","embeddable":true,"href":"https:\/\/diarioregionaldigital.com.br\/index.php?rest_route=%2Fwp%2Fv2%2Ftags&post=184680"}],"curies":[{"name":"wp","href":"https:\/\/api.w.org\/{rel}","templated":true}]}}