{"id":184633,"date":"2021-06-30T10:45:29","date_gmt":"2021-06-30T13:45:29","guid":{"rendered":"https:\/\/diarioregionaldigital.com.br\/?p=184633"},"modified":"2021-06-30T10:52:51","modified_gmt":"2021-06-30T13:52:51","slug":"estado-notifica-mais-de-6-mil-novos-casos-por-covid-19","status":"publish","type":"post","link":"https:\/\/diarioregionaldigital.com.br\/?p=184633","title":{"rendered":"Estado notifica mais de 6 mil novos casos por Covid-19"},"content":{"rendered":"<div class=\"evo-entry-content entry-content\">\n<p>O novo\u00a0<a href=\"https:\/\/coronavirus.saude.mg.gov.br\/images\/1_2021\/06-junho\/21-06-COVID-19_BOLETIM20210621.pdf\">boletim epidemiol\u00f3gico\u00a0<\/a>publicado nesta ter\u00e7a-feira (29), pela Secretaria de Estado da Sa\u00fade de Minas Gerais (SES-MG), informa que nas \u00faltimas 24h, o estado registrou mais 6.337 novos casos por Coronav\u00edrus, totalizando 1.795.062 pessoas infectadas. Conforme o levantamento, foram contabilizadas mais 37 mortes, acumulando 45.961 vidas perdidas.<\/p>\n<p>Al\u00e9m disso, 1.666.865 pacientes est\u00e3o recuperados da doen\u00e7a, representando 91,8 % dos casos. Quanto aos dados de hospitaliza\u00e7\u00e3o, 157.200 pacientes estiveram internados e 1.637.862 estiveram em isolamento domiciliar. At\u00e9 o momento, 6.971.415 pessoas receberam a primeira dose da vacina e 2.682.026 a segunda.<\/p>\n<\/div>\n<div class=\"evo-single-footer\">\n<div class=\"evo-post-directions\">\n<div class=\"evo-post-directions-inner\">\n<div class=\"evo-prev-post\"><\/div>\n<\/div>\n<\/div>\n<\/div>\n","protected":false},"excerpt":{"rendered":"<p>O novo\u00a0boletim epidemiol\u00f3gico\u00a0publicado nesta ter\u00e7a-feira (29), pela Secretaria de Estado da Sa\u00fade de Minas Gerais (SES-MG), informa que nas \u00faltimas 24h, o estado registrou mais 6.337 novos casos por Coronav\u00edrus, totalizando 1.795.062 pessoas infectadas. Conforme o levantamento, foram contabilizadas mais 37 mortes, acumulando 45.961 vidas perdidas. Al\u00e9m disso, 1.666.865 pacientes est\u00e3o recuperados da doen\u00e7a, representando [&hellip;]<\/p>\n","protected":false},"author":246,"featured_media":184634,"comment_status":"closed","ping_status":"closed","sticky":false,"template":"","format":"standard","meta":{"footnotes":""},"categories":[252],"tags":[],"class_list":["post-184633","post","type-post","status-publish","format-standard","has-post-thumbnail","hentry","category-regiao"],"_links":{"self":[{"href":"https:\/\/diarioregionaldigital.com.br\/index.php?rest_route=\/wp\/v2\/posts\/184633","targetHints":{"allow":["GET"]}}],"collection":[{"href":"https:\/\/diarioregionaldigital.com.br\/index.php?rest_route=\/wp\/v2\/posts"}],"about":[{"href":"https:\/\/diarioregionaldigital.com.br\/index.php?rest_route=\/wp\/v2\/types\/post"}],"author":[{"embeddable":true,"href":"https:\/\/diarioregionaldigital.com.br\/index.php?rest_route=\/wp\/v2\/users\/246"}],"replies":[{"embeddable":true,"href":"https:\/\/diarioregionaldigital.com.br\/index.php?rest_route=%2Fwp%2Fv2%2Fcomments&post=184633"}],"version-history":[{"count":2,"href":"https:\/\/diarioregionaldigital.com.br\/index.php?rest_route=\/wp\/v2\/posts\/184633\/revisions"}],"predecessor-version":[{"id":184639,"href":"https:\/\/diarioregionaldigital.com.br\/index.php?rest_route=\/wp\/v2\/posts\/184633\/revisions\/184639"}],"wp:featuredmedia":[{"embeddable":true,"href":"https:\/\/diarioregionaldigital.com.br\/index.php?rest_route=\/wp\/v2\/media\/184634"}],"wp:attachment":[{"href":"https:\/\/diarioregionaldigital.com.br\/index.php?rest_route=%2Fwp%2Fv2%2Fmedia&parent=184633"}],"wp:term":[{"taxonomy":"category","embeddable":true,"href":"https:\/\/diarioregionaldigital.com.br\/index.php?rest_route=%2Fwp%2Fv2%2Fcategories&post=184633"},{"taxonomy":"post_tag","embeddable":true,"href":"https:\/\/diarioregionaldigital.com.br\/index.php?rest_route=%2Fwp%2Fv2%2Ftags&post=184633"}],"curies":[{"name":"wp","href":"https:\/\/api.w.org\/{rel}","templated":true}]}}