{"id":184619,"date":"2021-06-30T06:00:51","date_gmt":"2021-06-30T09:00:51","guid":{"rendered":"https:\/\/diarioregionaldigital.com.br\/?p=184619"},"modified":"2021-06-29T23:58:24","modified_gmt":"2021-06-30T02:58:24","slug":"o-tempo-nao-para","status":"publish","type":"post","link":"https:\/\/diarioregionaldigital.com.br\/?p=184619","title":{"rendered":"O Tempo n\u00e3o Para"},"content":{"rendered":"<p style=\"text-align: center;\"><strong>Solidariedade<\/strong><\/p>\n<p style=\"text-align: center;\">A Vale anuncia nos pr\u00f3ximos dias a doa\u00e7\u00e3o de 1 milh\u00e3o de cestas b\u00e1sicas que ser\u00e3o distribu\u00eddas por todo Brasil. A a\u00e7\u00e3o vai alimentar at\u00e9 o fim do ano 876 mil pessoas de 219 mil fam\u00edlias em situa\u00e7\u00e3o de vulnerabilidade.<\/p>\n<p style=\"text-align: center;\"><strong>Apostando<\/strong><\/p>\n<p style=\"text-align: center;\">Dentro do Pal\u00e1cio do Planalto, a palavra de ordem \u00e9 apostar na recupera\u00e7\u00e3o da economia, sobretudo nos discursos e campanhas oficiais. O foco principal da comunica\u00e7\u00e3o do governo ser\u00e1 esse.<\/p>\n<p style=\"text-align: center;\"><strong>Palavra Feminina<\/strong><\/p>\n<p style=\"text-align: center;\">Sete artistas emergentes criam lindas instala\u00e7\u00f5es e performances a partir da escrita em mostra virtual atrav\u00e9s da Paralela, galeria figital (meio f\u00edsica, meio digital). Sofia Junqueira se destaca, a partir da palavra \u201cfr\u00e1gil\u201d, onde quebra o conceito figital de sexo \u201cfr\u00e1gil\u201d e cria obras cr\u00edticas e provocativas.<\/p>\n<p style=\"text-align: center;\"><strong>O Tempo n\u00e3o Para<\/strong><\/p>\n<p style=\"text-align: center;\">O livre \u2018Cazuza: Segredo de Liquidificador\u2019, do escritor Rafael Juli\u00e3o, oferece uma vis\u00e3o panor\u00e2mica da vida e da carreira do cantor, carioca e, ao mesmo tempo, desenvolve uma an\u00e1lise de suas composi\u00e7\u00f5es. As p\u00e1ginas s\u00e3o para f\u00e3s do artista e da MPB.<\/p>\n<div id=\"attachment_184571\" style=\"width: 690px\" class=\"wp-caption aligncenter\"><img loading=\"lazy\" decoding=\"async\" aria-describedby=\"caption-attachment-184571\" class=\"wp-image-184571\" src=\"https:\/\/diarioregionaldigital.com.br\/wp-content\/uploads\/2021\/06\/fotoa-12-e1625021433647.jpeg\" alt=\"\" width=\"680\" height=\"473\" srcset=\"https:\/\/diarioregionaldigital.com.br\/wp-content\/uploads\/2021\/06\/fotoa-12-e1625021433647.jpeg 1174w, https:\/\/diarioregionaldigital.com.br\/wp-content\/uploads\/2021\/06\/fotoa-12-e1625021433647-300x210.jpeg 300w, https:\/\/diarioregionaldigital.com.br\/wp-content\/uploads\/2021\/06\/fotoa-12-e1625021433647-1024x712.jpeg 1024w, https:\/\/diarioregionaldigital.com.br\/wp-content\/uploads\/2021\/06\/fotoa-12-e1625021433647-768x534.jpeg 768w, https:\/\/diarioregionaldigital.com.br\/wp-content\/uploads\/2021\/06\/fotoa-12-e1625021433647-360x250.jpeg 360w, https:\/\/diarioregionaldigital.com.br\/wp-content\/uploads\/2021\/06\/fotoa-12-e1625021433647-100x70.jpeg 100w\" sizes=\"auto, (max-width: 680px) 100vw, 680px\" \/><p id=\"caption-attachment-184571\" class=\"wp-caption-text\">Pr\u00eamio \u201cOs Melhores de 2021\u201d, para o J. Franklin &amp; Rossi com os advogados Karina Rossi Felipe Caputo e R\u00f4mulo Rossi Felipe<\/p><\/div>\n<div id=\"attachment_184572\" style=\"width: 690px\" class=\"wp-caption aligncenter\"><img loading=\"lazy\" decoding=\"async\" aria-describedby=\"caption-attachment-184572\" class=\"wp-image-184572\" src=\"https:\/\/diarioregionaldigital.com.br\/wp-content\/uploads\/2021\/06\/fotoaa-4-e1625021473851.jpeg\" alt=\"\" width=\"680\" height=\"491\" srcset=\"https:\/\/diarioregionaldigital.com.br\/wp-content\/uploads\/2021\/06\/fotoaa-4-e1625021473851.jpeg 757w, https:\/\/diarioregionaldigital.com.br\/wp-content\/uploads\/2021\/06\/fotoaa-4-e1625021473851-300x217.jpeg 300w, https:\/\/diarioregionaldigital.com.br\/wp-content\/uploads\/2021\/06\/fotoaa-4-e1625021473851-360x260.jpeg 360w\" sizes=\"auto, (max-width: 680px) 100vw, 680px\" \/><p id=\"caption-attachment-184572\" class=\"wp-caption-text\">Casal elegante em destaque: Oleg Abramov e a aniversariante da temporada (24\/6), Joana Dar\u2019c Torres Abramov<\/p><\/div>\n<div id=\"attachment_184573\" style=\"width: 690px\" class=\"wp-caption aligncenter\"><img loading=\"lazy\" decoding=\"async\" aria-describedby=\"caption-attachment-184573\" class=\"wp-image-184573\" src=\"https:\/\/diarioregionaldigital.com.br\/wp-content\/uploads\/2021\/06\/fotob-14-e1625021491226.jpg\" alt=\"\" width=\"680\" height=\"506\" srcset=\"https:\/\/diarioregionaldigital.com.br\/wp-content\/uploads\/2021\/06\/fotob-14-e1625021491226.jpg 1223w, https:\/\/diarioregionaldigital.com.br\/wp-content\/uploads\/2021\/06\/fotob-14-e1625021491226-300x223.jpg 300w, https:\/\/diarioregionaldigital.com.br\/wp-content\/uploads\/2021\/06\/fotob-14-e1625021491226-1024x762.jpg 1024w, https:\/\/diarioregionaldigital.com.br\/wp-content\/uploads\/2021\/06\/fotob-14-e1625021491226-768x571.jpg 768w, https:\/\/diarioregionaldigital.com.br\/wp-content\/uploads\/2021\/06\/fotob-14-e1625021491226-360x268.jpg 360w\" sizes=\"auto, (max-width: 680px) 100vw, 680px\" \/><p id=\"caption-attachment-184573\" class=\"wp-caption-text\">A lindeza Lenise Pires Zotti, em realce com \u00d3culos da \u00d3tica Juiz de Fora<\/p><\/div>\n<div id=\"attachment_184574\" style=\"width: 690px\" class=\"wp-caption aligncenter\"><img loading=\"lazy\" decoding=\"async\" aria-describedby=\"caption-attachment-184574\" class=\"wp-image-184574\" src=\"https:\/\/diarioregionaldigital.com.br\/wp-content\/uploads\/2021\/06\/fotoc-20-e1625021510197.jpg\" alt=\"\" width=\"680\" height=\"486\" srcset=\"https:\/\/diarioregionaldigital.com.br\/wp-content\/uploads\/2021\/06\/fotoc-20-e1625021510197.jpg 522w, https:\/\/diarioregionaldigital.com.br\/wp-content\/uploads\/2021\/06\/fotoc-20-e1625021510197-300x214.jpg 300w, https:\/\/diarioregionaldigital.com.br\/wp-content\/uploads\/2021\/06\/fotoc-20-e1625021510197-360x257.jpg 360w, https:\/\/diarioregionaldigital.com.br\/wp-content\/uploads\/2021\/06\/fotoc-20-e1625021510197-100x70.jpg 100w\" sizes=\"auto, (max-width: 680px) 100vw, 680px\" \/><p id=\"caption-attachment-184574\" class=\"wp-caption-text\">Um foco especial no cabeleireiro de astros e estrelas, Leandro Calixto<\/p><\/div>\n<div id=\"attachment_184575\" style=\"width: 690px\" class=\"wp-caption aligncenter\"><img loading=\"lazy\" decoding=\"async\" aria-describedby=\"caption-attachment-184575\" class=\"wp-image-184575\" src=\"https:\/\/diarioregionaldigital.com.br\/wp-content\/uploads\/2021\/06\/fotod-15-e1625021529538.jpg\" alt=\"\" width=\"680\" height=\"451\" srcset=\"https:\/\/diarioregionaldigital.com.br\/wp-content\/uploads\/2021\/06\/fotod-15-e1625021529538.jpg 1367w, https:\/\/diarioregionaldigital.com.br\/wp-content\/uploads\/2021\/06\/fotod-15-e1625021529538-300x199.jpg 300w, https:\/\/diarioregionaldigital.com.br\/wp-content\/uploads\/2021\/06\/fotod-15-e1625021529538-1024x679.jpg 1024w, https:\/\/diarioregionaldigital.com.br\/wp-content\/uploads\/2021\/06\/fotod-15-e1625021529538-768x510.jpg 768w, https:\/\/diarioregionaldigital.com.br\/wp-content\/uploads\/2021\/06\/fotod-15-e1625021529538-360x239.jpg 360w\" sizes=\"auto, (max-width: 680px) 100vw, 680px\" \/><p id=\"caption-attachment-184575\" class=\"wp-caption-text\">Em cena jantar rom\u00e2ntico, os belos Juliana Andreatta e Victor Abbidalla<\/p><\/div>\n<div id=\"attachment_184577\" style=\"width: 690px\" class=\"wp-caption aligncenter\"><img loading=\"lazy\" decoding=\"async\" aria-describedby=\"caption-attachment-184577\" class=\"wp-image-184577\" src=\"https:\/\/diarioregionaldigital.com.br\/wp-content\/uploads\/2021\/06\/fotog-16-e1625021563324.jpg\" alt=\"\" width=\"680\" height=\"475\" srcset=\"https:\/\/diarioregionaldigital.com.br\/wp-content\/uploads\/2021\/06\/fotog-16-e1625021563324.jpg 710w, https:\/\/diarioregionaldigital.com.br\/wp-content\/uploads\/2021\/06\/fotog-16-e1625021563324-300x210.jpg 300w, https:\/\/diarioregionaldigital.com.br\/wp-content\/uploads\/2021\/06\/fotog-16-e1625021563324-360x251.jpg 360w, https:\/\/diarioregionaldigital.com.br\/wp-content\/uploads\/2021\/06\/fotog-16-e1625021563324-100x70.jpg 100w\" sizes=\"auto, (max-width: 680px) 100vw, 680px\" \/><p id=\"caption-attachment-184577\" class=\"wp-caption-text\">Em sintonia \u00c2ngela Lopes e a filha Nathalia<\/p><\/div>\n<div id=\"attachment_184576\" style=\"width: 690px\" class=\"wp-caption aligncenter\"><img loading=\"lazy\" decoding=\"async\" aria-describedby=\"caption-attachment-184576\" class=\"wp-image-184576\" src=\"https:\/\/diarioregionaldigital.com.br\/wp-content\/uploads\/2021\/06\/fotof-16-e1625021547820.jpg\" alt=\"\" width=\"680\" height=\"452\" srcset=\"https:\/\/diarioregionaldigital.com.br\/wp-content\/uploads\/2021\/06\/fotof-16-e1625021547820.jpg 960w, https:\/\/diarioregionaldigital.com.br\/wp-content\/uploads\/2021\/06\/fotof-16-e1625021547820-300x199.jpg 300w, https:\/\/diarioregionaldigital.com.br\/wp-content\/uploads\/2021\/06\/fotof-16-e1625021547820-768x510.jpg 768w, https:\/\/diarioregionaldigital.com.br\/wp-content\/uploads\/2021\/06\/fotof-16-e1625021547820-360x239.jpg 360w\" sizes=\"auto, (max-width: 680px) 100vw, 680px\" \/><p id=\"caption-attachment-184576\" class=\"wp-caption-text\">Bonit\u00f5es em noite luz no Bom Pastor: Ricardo Alex Fabiano Garcia, Carlos Barbosa e M\u00e1rcio Marques<\/p><\/div>\n<p style=\"text-align: center;\"><strong>FOTOSS\u00cdNTESE<\/strong><\/p>\n<p>Foi um sucesso a \u201cEdi\u00e7\u00e3o Hist\u00f3rica\u201d virtual do Festival Primeiro Plano, com exibi\u00e7\u00e3o de mais de 25 filmes entre curtas e longas que fizeram parte das 19 edi\u00e7\u00f5es do evento.<\/p>\n<p>Foi maravilhoso o show de Elba Ramalho e a vencedora do \u201cBBB21\u201d Juliette apresentando um live de S\u00e3o Jo\u00e3o no YouTube. A noite foi marcada por bai\u00f5es, xotes, cocos e cl\u00e1ssicos do forr\u00f3, al\u00e9m de homenagem outros m\u00fasicos.<\/p>\n<p>Com a volta aos poucos dos eventos, as recep\u00e7\u00f5es de casamento com poucos convidados, reunindo familiares, tem sido a tend\u00eancia no p\u00f3s-vacina.<\/p>\n<p>A Santa Casa de Juiz de Fora, lidera os ranking entre as unidades transplantadoras de Minas Gerais.<\/p>\n<p>Com di\u00e1logo sem consenso, Mesa de Di\u00e1logo termina sem acordo, Prefeitura encaminhar\u00e1 a C\u00e2mara projeto de si para revisar o modelo de indica\u00e7\u00e3o de chefia da Funda\u00e7\u00e3o Museu Proc\u00f3pio. A proposta desagradou o Conselho de Amigos do Museu.<\/p>\n<p>Os flamenguistas Rafaela Braz Pereira Fortuna e Felipe Fortuna comemoraram os dois anos do filho Gabriel, s\u00f3 com familiares.<\/p>\n<p>O sentimento de esperan\u00e7a \u00e9 predominante entre 47% dos brasileiros ouvidos pela Tim ao serem questionados sobre a vacina contra a Covid-19.<\/p>\n<p>Paradigmas: A busca da excel\u00eancia exige a\u00e7\u00e3o. Mas sem cautela imobilizadora nem \u00edmpeto inconsequente. (Mario S\u00e9rgio Cortella). Bom dia.<\/p>\n<p><img loading=\"lazy\" decoding=\"async\" class=\"aligncenter size-full wp-image-184622\" src=\"https:\/\/diarioregionaldigital.com.br\/wp-content\/uploads\/2021\/06\/anuncio55-scaled.jpg\" alt=\"\" width=\"2560\" height=\"986\" srcset=\"https:\/\/diarioregionaldigital.com.br\/wp-content\/uploads\/2021\/06\/anuncio55-scaled.jpg 2560w, https:\/\/diarioregionaldigital.com.br\/wp-content\/uploads\/2021\/06\/anuncio55-300x116.jpg 300w, https:\/\/diarioregionaldigital.com.br\/wp-content\/uploads\/2021\/06\/anuncio55-1024x394.jpg 1024w, https:\/\/diarioregionaldigital.com.br\/wp-content\/uploads\/2021\/06\/anuncio55-768x296.jpg 768w, https:\/\/diarioregionaldigital.com.br\/wp-content\/uploads\/2021\/06\/anuncio55-1536x591.jpg 1536w, https:\/\/diarioregionaldigital.com.br\/wp-content\/uploads\/2021\/06\/anuncio55-2048x788.jpg 2048w, https:\/\/diarioregionaldigital.com.br\/wp-content\/uploads\/2021\/06\/anuncio55-360x139.jpg 360w\" sizes=\"auto, (max-width: 2560px) 100vw, 2560px\" \/><\/p>\n","protected":false},"excerpt":{"rendered":"<p>Solidariedade A Vale anuncia nos pr\u00f3ximos dias a doa\u00e7\u00e3o de 1 milh\u00e3o de cestas b\u00e1sicas que ser\u00e3o distribu\u00eddas por todo Brasil. A a\u00e7\u00e3o vai alimentar at\u00e9 o fim do ano 876 mil pessoas de 219 mil fam\u00edlias em situa\u00e7\u00e3o de vulnerabilidade. Apostando Dentro do Pal\u00e1cio do Planalto, a palavra de ordem \u00e9 apostar na recupera\u00e7\u00e3o [&hellip;]<\/p>\n","protected":false},"author":253,"featured_media":184571,"comment_status":"closed","ping_status":"closed","sticky":false,"template":"","format":"standard","meta":{"footnotes":""},"categories":[264],"tags":[],"class_list":["post-184619","post","type-post","status-publish","format-standard","has-post-thumbnail","hentry","category-eduardo-gomes"],"_links":{"self":[{"href":"https:\/\/diarioregionaldigital.com.br\/index.php?rest_route=\/wp\/v2\/posts\/184619","targetHints":{"allow":["GET"]}}],"collection":[{"href":"https:\/\/diarioregionaldigital.com.br\/index.php?rest_route=\/wp\/v2\/posts"}],"about":[{"href":"https:\/\/diarioregionaldigital.com.br\/index.php?rest_route=\/wp\/v2\/types\/post"}],"author":[{"embeddable":true,"href":"https:\/\/diarioregionaldigital.com.br\/index.php?rest_route=\/wp\/v2\/users\/253"}],"replies":[{"embeddable":true,"href":"https:\/\/diarioregionaldigital.com.br\/index.php?rest_route=%2Fwp%2Fv2%2Fcomments&post=184619"}],"version-history":[{"count":1,"href":"https:\/\/diarioregionaldigital.com.br\/index.php?rest_route=\/wp\/v2\/posts\/184619\/revisions"}],"predecessor-version":[{"id":184625,"href":"https:\/\/diarioregionaldigital.com.br\/index.php?rest_route=\/wp\/v2\/posts\/184619\/revisions\/184625"}],"wp:featuredmedia":[{"embeddable":true,"href":"https:\/\/diarioregionaldigital.com.br\/index.php?rest_route=\/wp\/v2\/media\/184571"}],"wp:attachment":[{"href":"https:\/\/diarioregionaldigital.com.br\/index.php?rest_route=%2Fwp%2Fv2%2Fmedia&parent=184619"}],"wp:term":[{"taxonomy":"category","embeddable":true,"href":"https:\/\/diarioregionaldigital.com.br\/index.php?rest_route=%2Fwp%2Fv2%2Fcategories&post=184619"},{"taxonomy":"post_tag","embeddable":true,"href":"https:\/\/diarioregionaldigital.com.br\/index.php?rest_route=%2Fwp%2Fv2%2Ftags&post=184619"}],"curies":[{"name":"wp","href":"https:\/\/api.w.org\/{rel}","templated":true}]}}