{"id":184611,"date":"2021-06-29T19:23:44","date_gmt":"2021-06-29T22:23:44","guid":{"rendered":"https:\/\/diarioregionaldigital.com.br\/?p=184611"},"modified":"2021-06-29T19:23:44","modified_gmt":"2021-06-29T22:23:44","slug":"transmissoes-do-centro-de-controle-e-monitoramento-sao-interrompidas-pela-smu-devido-a-mudanca-de-endereco","status":"publish","type":"post","link":"https:\/\/diarioregionaldigital.com.br\/?p=184611","title":{"rendered":"Transmiss\u00f5es do Centro de Controle e Monitoramento s\u00e3o interrompidas pela SMU devido \u00e0 mudan\u00e7a de endere\u00e7o"},"content":{"rendered":"<p>O Centro de Controle e Monitoramento (CCM) \u00e9 a \u00faltima unidade da Secretaria de Mobilidade Urbana (SMU) a ser transferida do antigo endere\u00e7o da Rua Maria Perp\u00e9tua, no bairro Ladeira, para a atual sede administrativa da pasta, na Avenida Brasil 2.001, no Centro. A mudan\u00e7a do CCM foi iniciada nesta ter\u00e7a-feira, 29, e deve ser conclu\u00edda nos pr\u00f3ximos dias. Durante este per\u00edodo, as transmiss\u00f5es das 15 c\u00e2meras de monitoramento da cidade ficar\u00e3o indispon\u00edveis no site da Prefeitura de Juiz de Fora (PJF).<\/p>\n<p>Segundo informa\u00e7\u00f5es do site da Prefeitura de Juiz de Fora, a altera\u00e7\u00e3o de endere\u00e7o da SMU de um im\u00f3vel alugado para outros pr\u00f3prios \u00e9 resultado de um trabalho de gest\u00e3o eficiente da atual administra\u00e7\u00e3o visando a reduzir custos aos cofres p\u00fablicos. O atendimento presencial da Secretaria de Mobilidade Urbana j\u00e1 foi transferido e est\u00e1 em funcionamento em novo endere\u00e7o na Rua Fonseca Hermes 143, Centro. Por\u00e9m, os servi\u00e7os tamb\u00e9m podem ser solicitados virtualmente por meio da plataforma Prefeitura \u00c1gil, no site da PJF.<\/p>\n<p>Entre os servi\u00e7os dispon\u00edveis ao cidad\u00e3o na unidade da Rua Fonseca Hermes 143, est\u00e3o: Passe Livre; credenciamento de idosos e de pessoas com defici\u00eancia; autoriza\u00e7\u00f5es de carga e descarga; tr\u00e2nsito livre; acesso \u00e0 garagem; declara\u00e7\u00e3o de sinaliza\u00e7\u00e3o; ponto de aluguel; defesa de multas e de ve\u00edculos removidos das vias. Os servi\u00e7os do setor de fretamento, vans e t\u00e1xis tamb\u00e9m est\u00e3o sendo realizados no local.<\/p>\n<p>Os atendimentos presenciais da SMU s\u00e3o realizados nos dias \u00fateis, nos seguintes hor\u00e1rios:<br \/>\n&#8211; Passe Livre: 8h \u00e0s 11h45 e das 14h \u00e0s 16h45;<br \/>\n&#8211; Servi\u00e7o de Orienta\u00e7\u00e3o ao Cidad\u00e3o: 8h30 \u00e0s 16h30;<br \/>\n&#8211; Multas e libera\u00e7\u00e3o de ve\u00edculos: 14h \u00e0s 17h;<br \/>\n&#8211; Servi\u00e7os de t\u00e1xi: 8h \u00e0s 11h e das 14h \u00e0s 17h;<br \/>\n&#8211; Escolar, fretamento e ponto de aluguel: 8h \u00e0s 12h e das 14h \u00e0s 17h.<\/p>\n","protected":false},"excerpt":{"rendered":"<p>O Centro de Controle e Monitoramento (CCM) \u00e9 a \u00faltima unidade da Secretaria de Mobilidade Urbana (SMU) a ser transferida do antigo endere\u00e7o da Rua Maria Perp\u00e9tua, no bairro Ladeira, para a atual sede administrativa da pasta, na Avenida Brasil 2.001, no Centro. A mudan\u00e7a do CCM foi iniciada nesta ter\u00e7a-feira, 29, e deve ser [&hellip;]<\/p>\n","protected":false},"author":246,"featured_media":184612,"comment_status":"closed","ping_status":"closed","sticky":false,"template":"","format":"standard","meta":{"footnotes":""},"categories":[253,436,439],"tags":[],"class_list":["post-184611","post","type-post","status-publish","format-standard","has-post-thumbnail","hentry","category-cidade","category-destaque-da-semana","category-ultima-hora"],"_links":{"self":[{"href":"https:\/\/diarioregionaldigital.com.br\/index.php?rest_route=\/wp\/v2\/posts\/184611","targetHints":{"allow":["GET"]}}],"collection":[{"href":"https:\/\/diarioregionaldigital.com.br\/index.php?rest_route=\/wp\/v2\/posts"}],"about":[{"href":"https:\/\/diarioregionaldigital.com.br\/index.php?rest_route=\/wp\/v2\/types\/post"}],"author":[{"embeddable":true,"href":"https:\/\/diarioregionaldigital.com.br\/index.php?rest_route=\/wp\/v2\/users\/246"}],"replies":[{"embeddable":true,"href":"https:\/\/diarioregionaldigital.com.br\/index.php?rest_route=%2Fwp%2Fv2%2Fcomments&post=184611"}],"version-history":[{"count":2,"href":"https:\/\/diarioregionaldigital.com.br\/index.php?rest_route=\/wp\/v2\/posts\/184611\/revisions"}],"predecessor-version":[{"id":184614,"href":"https:\/\/diarioregionaldigital.com.br\/index.php?rest_route=\/wp\/v2\/posts\/184611\/revisions\/184614"}],"wp:featuredmedia":[{"embeddable":true,"href":"https:\/\/diarioregionaldigital.com.br\/index.php?rest_route=\/wp\/v2\/media\/184612"}],"wp:attachment":[{"href":"https:\/\/diarioregionaldigital.com.br\/index.php?rest_route=%2Fwp%2Fv2%2Fmedia&parent=184611"}],"wp:term":[{"taxonomy":"category","embeddable":true,"href":"https:\/\/diarioregionaldigital.com.br\/index.php?rest_route=%2Fwp%2Fv2%2Fcategories&post=184611"},{"taxonomy":"post_tag","embeddable":true,"href":"https:\/\/diarioregionaldigital.com.br\/index.php?rest_route=%2Fwp%2Fv2%2Ftags&post=184611"}],"curies":[{"name":"wp","href":"https:\/\/api.w.org\/{rel}","templated":true}]}}