{"id":184608,"date":"2021-06-29T19:21:34","date_gmt":"2021-06-29T22:21:34","guid":{"rendered":"https:\/\/diarioregionaldigital.com.br\/?p=184608"},"modified":"2021-06-29T19:21:34","modified_gmt":"2021-06-29T22:21:34","slug":"pracas-e-canteiros-da-cidade-recebem-atuacao-da-pjf","status":"publish","type":"post","link":"https:\/\/diarioregionaldigital.com.br\/?p=184608","title":{"rendered":"Pra\u00e7as e canteiros da cidade recebem atua\u00e7\u00e3o da PJF"},"content":{"rendered":"<p>Nesta ter\u00e7a-feira, 29, servidores do Departamento de Parques e Jardins da Empresa Municipal de Pavimenta\u00e7\u00e3o e Urbaniza\u00e7\u00e3o (Empav) da Prefeitura de Juiz de Fora (PJF) prosseguiram com servi\u00e7os de manuten\u00e7\u00e3o e coleta de res\u00edduos na Pra\u00e7a Vov\u00f3 Elvira Gabriela do Carmo, no bairro Linhares; no trevo do Salvaterra e no trevo pr\u00f3ximo ao Parque Lajinha.<\/p>\n<p>Segundo informa\u00e7\u00f5es do site da Prefeitura de Juiz de Fora, a continuidade ao cronograma de atua\u00e7\u00e3o da Opera\u00e7\u00e3o Boniteza da Prefeitura de Juiz de Fora (PJF) foi dada, e as equipes realizaram tamb\u00e9m a poda de \u00e1rvores secas na Escola Municipal Lions Centro, no Cruzeiro do Sul; no Graja\u00fa, na Rua Nossa Senhora do L\u00edbano; na rua Ant\u00f4nio Soares Pereira, no bairro Grama; na Rua Jos\u00e9 de Almeida Ports, no Carlos Chagas; no bairro Mariano Proc\u00f3pio, na Rua Henrique Burnier; e nas pra\u00e7as dos bairros Nova Era II, S\u00e3o Pedro, S\u00e3o Judas, Santas Helena e Progresso.<\/p>\n<p>Para solicitar estes e outros servi\u00e7os, entre em contato com o Gabinete de A\u00e7\u00e3o e Di\u00e1logo Comunit\u00e1rio, que recebe e organiza pedidos relativos a interven\u00e7\u00f5es e melhorias urbanas. O contato pode ser feito atrav\u00e9s de liga\u00e7\u00e3o telef\u00f4nica pelo n\u00famero (32) 3690-7241 ou via WhatsApp, utilizando o mesmo n\u00famero.<\/p>\n","protected":false},"excerpt":{"rendered":"<p>Nesta ter\u00e7a-feira, 29, servidores do Departamento de Parques e Jardins da Empresa Municipal de Pavimenta\u00e7\u00e3o e Urbaniza\u00e7\u00e3o (Empav) da Prefeitura de Juiz de Fora (PJF) prosseguiram com servi\u00e7os de manuten\u00e7\u00e3o e coleta de res\u00edduos na Pra\u00e7a Vov\u00f3 Elvira Gabriela do Carmo, no bairro Linhares; no trevo do Salvaterra e no trevo pr\u00f3ximo ao Parque Lajinha. [&hellip;]<\/p>\n","protected":false},"author":246,"featured_media":184609,"comment_status":"closed","ping_status":"closed","sticky":false,"template":"","format":"standard","meta":{"footnotes":""},"categories":[253,440,439],"tags":[],"class_list":["post-184608","post","type-post","status-publish","format-standard","has-post-thumbnail","hentry","category-cidade","category-destaques-do-dia","category-ultima-hora"],"_links":{"self":[{"href":"https:\/\/diarioregionaldigital.com.br\/index.php?rest_route=\/wp\/v2\/posts\/184608","targetHints":{"allow":["GET"]}}],"collection":[{"href":"https:\/\/diarioregionaldigital.com.br\/index.php?rest_route=\/wp\/v2\/posts"}],"about":[{"href":"https:\/\/diarioregionaldigital.com.br\/index.php?rest_route=\/wp\/v2\/types\/post"}],"author":[{"embeddable":true,"href":"https:\/\/diarioregionaldigital.com.br\/index.php?rest_route=\/wp\/v2\/users\/246"}],"replies":[{"embeddable":true,"href":"https:\/\/diarioregionaldigital.com.br\/index.php?rest_route=%2Fwp%2Fv2%2Fcomments&post=184608"}],"version-history":[{"count":1,"href":"https:\/\/diarioregionaldigital.com.br\/index.php?rest_route=\/wp\/v2\/posts\/184608\/revisions"}],"predecessor-version":[{"id":184610,"href":"https:\/\/diarioregionaldigital.com.br\/index.php?rest_route=\/wp\/v2\/posts\/184608\/revisions\/184610"}],"wp:featuredmedia":[{"embeddable":true,"href":"https:\/\/diarioregionaldigital.com.br\/index.php?rest_route=\/wp\/v2\/media\/184609"}],"wp:attachment":[{"href":"https:\/\/diarioregionaldigital.com.br\/index.php?rest_route=%2Fwp%2Fv2%2Fmedia&parent=184608"}],"wp:term":[{"taxonomy":"category","embeddable":true,"href":"https:\/\/diarioregionaldigital.com.br\/index.php?rest_route=%2Fwp%2Fv2%2Fcategories&post=184608"},{"taxonomy":"post_tag","embeddable":true,"href":"https:\/\/diarioregionaldigital.com.br\/index.php?rest_route=%2Fwp%2Fv2%2Ftags&post=184608"}],"curies":[{"name":"wp","href":"https:\/\/api.w.org\/{rel}","templated":true}]}}