{"id":184605,"date":"2021-06-29T19:18:12","date_gmt":"2021-06-29T22:18:12","guid":{"rendered":"https:\/\/diarioregionaldigital.com.br\/?p=184605"},"modified":"2021-06-29T19:18:12","modified_gmt":"2021-06-29T22:18:12","slug":"nesta-sexta-feira-2-sera-realizado-o-pagamento-dos-servidores-pela-pjf","status":"publish","type":"post","link":"https:\/\/diarioregionaldigital.com.br\/?p=184605","title":{"rendered":"Nesta sexta-feira, 2, ser\u00e1 realizado o pagamento dos servidores pela PJF"},"content":{"rendered":"<p>Segundo informa\u00e7\u00f5es do site da Prefeitura de Juiz de Fora, o pagamento dos servidores da Prefeitura de Juiz de Fora (PJF), referente ao m\u00eas de junho, ser\u00e1 quitado na pr\u00f3xima sexta-feira, 2 de julho, 2\u00ba dia \u00fatil do m\u00eas. O contracheque estar\u00e1 dispon\u00edvel para os servidores a partir desta ter\u00e7a-feira, 29. Este pagamento j\u00e1 contempla a aplica\u00e7\u00e3o da recomposi\u00e7\u00e3o salarial de 4,51%, referente ao \u00cdndice de Pre\u00e7os ao Consumidor Amplo (IPCA) apurado de janeiro a dezembro de 2020, que corresponde \u00e0s perdas inflacion\u00e1rias no per\u00edodo. A lei que prev\u00ea a revis\u00e3o geral anual dos servidores havia sido sancionada pelo Executivo na \u00faltima ter\u00e7a-feira, 22, ap\u00f3s aprova\u00e7\u00e3o da C\u00e2mara Municipal.<\/p>\n","protected":false},"excerpt":{"rendered":"<p>Segundo informa\u00e7\u00f5es do site da Prefeitura de Juiz de Fora, o pagamento dos servidores da Prefeitura de Juiz de Fora (PJF), referente ao m\u00eas de junho, ser\u00e1 quitado na pr\u00f3xima sexta-feira, 2 de julho, 2\u00ba dia \u00fatil do m\u00eas. O contracheque estar\u00e1 dispon\u00edvel para os servidores a partir desta ter\u00e7a-feira, 29. Este pagamento j\u00e1 contempla [&hellip;]<\/p>\n","protected":false},"author":246,"featured_media":184606,"comment_status":"closed","ping_status":"closed","sticky":false,"template":"","format":"standard","meta":{"footnotes":""},"categories":[253,436,439],"tags":[],"class_list":["post-184605","post","type-post","status-publish","format-standard","has-post-thumbnail","hentry","category-cidade","category-destaque-da-semana","category-ultima-hora"],"_links":{"self":[{"href":"https:\/\/diarioregionaldigital.com.br\/index.php?rest_route=\/wp\/v2\/posts\/184605","targetHints":{"allow":["GET"]}}],"collection":[{"href":"https:\/\/diarioregionaldigital.com.br\/index.php?rest_route=\/wp\/v2\/posts"}],"about":[{"href":"https:\/\/diarioregionaldigital.com.br\/index.php?rest_route=\/wp\/v2\/types\/post"}],"author":[{"embeddable":true,"href":"https:\/\/diarioregionaldigital.com.br\/index.php?rest_route=\/wp\/v2\/users\/246"}],"replies":[{"embeddable":true,"href":"https:\/\/diarioregionaldigital.com.br\/index.php?rest_route=%2Fwp%2Fv2%2Fcomments&post=184605"}],"version-history":[{"count":1,"href":"https:\/\/diarioregionaldigital.com.br\/index.php?rest_route=\/wp\/v2\/posts\/184605\/revisions"}],"predecessor-version":[{"id":184607,"href":"https:\/\/diarioregionaldigital.com.br\/index.php?rest_route=\/wp\/v2\/posts\/184605\/revisions\/184607"}],"wp:featuredmedia":[{"embeddable":true,"href":"https:\/\/diarioregionaldigital.com.br\/index.php?rest_route=\/wp\/v2\/media\/184606"}],"wp:attachment":[{"href":"https:\/\/diarioregionaldigital.com.br\/index.php?rest_route=%2Fwp%2Fv2%2Fmedia&parent=184605"}],"wp:term":[{"taxonomy":"category","embeddable":true,"href":"https:\/\/diarioregionaldigital.com.br\/index.php?rest_route=%2Fwp%2Fv2%2Fcategories&post=184605"},{"taxonomy":"post_tag","embeddable":true,"href":"https:\/\/diarioregionaldigital.com.br\/index.php?rest_route=%2Fwp%2Fv2%2Ftags&post=184605"}],"curies":[{"name":"wp","href":"https:\/\/api.w.org\/{rel}","templated":true}]}}