{"id":184602,"date":"2021-06-29T19:14:45","date_gmt":"2021-06-29T22:14:45","guid":{"rendered":"https:\/\/diarioregionaldigital.com.br\/?p=184602"},"modified":"2021-06-29T19:14:45","modified_gmt":"2021-06-29T22:14:45","slug":"mais-de-100-mil-pessoas-foram-vacinadas-pela-pjf-contra-a-influenza-a-campanha-segue-nesta-quarta-30","status":"publish","type":"post","link":"https:\/\/diarioregionaldigital.com.br\/?p=184602","title":{"rendered":"Mais de 100 mil pessoas foram vacinadas pela PJF contra a Influenza; a campanha segue nesta quarta, 30"},"content":{"rendered":"<p>Nesta ter\u00e7a-feira, 29, os dados foram atualizados\u00a0 e j\u00e1 s\u00e3o 105.561 pessoas imunizadas contra a Influenza na campanha de vacina\u00e7\u00e3o realizada pela Secretaria de Sa\u00fade (SS) da Prefeitura de Juiz de Fora (PJF). At\u00e9 ent\u00e3o, mais da metade das pessoas que comp\u00f5em os maiores p\u00fablicos-alvo da campanha foram imunizados contra a Influenza, caso dos idosos, com 56.744 vacinados, o que representa 52,6% do total; 22.149 crian\u00e7as de 6 meses a 6 anos incompletos (65,5%) e 13.336 trabalhadores da sa\u00fade (50,3%).<\/p>\n<p>Segundo informa\u00e7\u00f5es do site da Prefeitura de Juiz de Fora, al\u00e9m dos grupos citados, foram vacinadas 6.437 pessoas com comorbidade, 2.710 professores, 2.462 gestantes, 564 pessoas com defici\u00eancia permanente, 489 membros das For\u00e7as Armadas, 362 pu\u00e9rperas, 259 caminhoneiros e 49 membros das for\u00e7as de seguran\u00e7a e salvamento. A vacina\u00e7\u00e3o para as pessoas que comp\u00f5em todos estes grupos tem sequ\u00eancia nesta quarta-feira, 30, em 38 Unidades B\u00e1sicas de Sa\u00fade (UBSs), das 13 \u00e0s 16h.<\/p>\n<p>Al\u00e9m das 38 UBSs, os idosos com 60 anos ou mais podem ser vacinados no Departamento de Sa\u00fade do Idoso (DSI), das 8h \u00e0s 16h, enquanto crian\u00e7as de 6 meses a 6 anos incompletos, gr\u00e1vidas e pu\u00e9rperas (mulheres em p\u00f3s-parto de at\u00e9 45 dias) t\u00eam a possibilidade de serem imunizadas no Departamento de Sa\u00fade da Mulher da Crian\u00e7a e Adolescente (DSMCA), das 8h \u00e0s 14h.\u00a0<b>Os endere\u00e7os e hor\u00e1rios de vacina\u00e7\u00e3o destes e dos demais p\u00fablicos-alvo da campanha podem ser vistos de forma detalhada no fim do texto.<\/b><\/p>\n<p>A vacina oferecida \u00e9 a trivalente, capaz de proteger contra os tr\u00eas principais tipos de v\u00edrus em circula\u00e7\u00e3o: Influenza A (H1N1), Influenza A (H3N2) e Influenza B. A imuniza\u00e7\u00e3o previne complica\u00e7\u00f5es decorrentes da doen\u00e7a, \u00f3bitos e suas consequ\u00eancias sobre os servi\u00e7os de sa\u00fade, al\u00e9m de minimizar a carga viral da doen\u00e7a, reduzindo os sintomas que podem ser confundidos com os da Covid-19.<\/p>\n<p><b>ATEN\u00c7\u00c3O<\/b><\/p>\n<p>Como a campanha contra o Influenza est\u00e1 ocorrendo paralela \u00e0 campanha de combate \u00e0 Covid-19, a Vigil\u00e2ncia Epidemiol\u00f3gica pede para as pessoas j\u00e1 imunizadas levarem o cart\u00e3o de vacina\u00e7\u00e3o da Covid-19. \u00c9 preciso um intervalo de, pelo menos, 14 dias entre a aplica\u00e7\u00e3o de uma e da outra vacina. \u00c9 importante que quem foi vacinado contra Covid-19 apresente o cart\u00e3o no momento de receber a vacina contra a Influenza. Para quem foi diagnosticado com Covid-19, \u00e9 recomendado ao menos 30 dias de espera entre o come\u00e7o dos sintomas ou teste positivo (no caso dos assintom\u00e1ticos) para receber o imunizante.<\/p>\n<p><b>Confira os locais e hor\u00e1rios de vacina\u00e7\u00e3o para cada grupo ao longo da semana<\/b><\/p>\n<p><b>Crian\u00e7as de 6 meses a 6 anos incompletos:<\/b><br \/>\nQuarta, dia 30 &#8211; no DSMCA, das 8h \u00e0s 14h, e em 38 UBSs, das 13 \u00e0s 16h<br \/>\nQuinta, dia 1\u00ba &#8211; no DSMCA, das 8h \u00e0s 14h, e em 38 UBSs, das 13 \u00e0s 13h<br \/>\nSexta, dia 2 &#8211; no DSMCA, das 8h \u00e0s 14h, e em 38 UBSs, das 13 \u00e0s 16h<\/p>\n<p><b>Gr\u00e1vidas e pu\u00e9rperas:<\/b><br \/>\nQuarta, dia 30 &#8211; No DSMCA, das 8h \u00e0s 14h, e em 38 UBSs, das 13 \u00e0s 16h<br \/>\nQuinta, dia 1\u00ba &#8211; No DSMCA, das 8h \u00e0s 14h, e em 38 UBSs, das 13 \u00e0s 13h<br \/>\nSexta, dia 2 &#8211; No DSMCA, das 8h \u00e0s 14h, e em 38 UBSs, das 13 \u00e0s 16h<\/p>\n<p><b>Idosos de 60 anos ou mais:<\/b><br \/>\nQuarta, dia 30 &#8211; No DSI, 8h \u00e0s 16h, e em 38 UBS, das 13h \u00e0s 16h.<br \/>\nQuinta, dia 1\u00ba &#8211; No DSI, 8h \u00e0s 16h, e em 38 UBS, das 13h \u00e0s 13h.<br \/>\nSexta, dia 2 &#8211; No DSI, 8h \u00e0s 16h, e em 38 UBS, das 13h \u00e0s 16h.<\/p>\n<p><b>Os seguintes grupos s\u00e3o vacinados exclusivamente nas 38 UBSs:<\/b><\/p>\n<p>Caminhoneiros<br \/>\nMembros das For\u00e7as Armadas<br \/>\nMembros das For\u00e7as de Seguran\u00e7a e Salvamento<br \/>\nPessoas com defici\u00eancia permanente<br \/>\nPessoas com comorbidades<br \/>\nTrabalhadores do transporte coletivo<br \/>\nTrabalhadores da educa\u00e7\u00e3o na ativa das redes p\u00fablica e privada<\/p>\n<p><b>Confira os endere\u00e7os dos locais de vacina\u00e7\u00e3o nesta quinta-feira, 17<\/b><\/p>\n<p><b>Departamento de Sa\u00fade do Idoso<\/b><br \/>\nRua Batista de Oliveira, 943, Granbery<\/p>\n<p><b>Departamento De Sa\u00fade da Mulher da Crian\u00e7a e Adolescente (DSMCA)<\/b><br \/>\nRua s\u00e3o Sebasti\u00e3o, 772, Centro<\/p>\n<p><b>38 UBSs:<\/b><br \/>\nUBS Alto Graja\u00fa, Rua Doutor Leonel Jaguaribe, 178;<br \/>\nUBS Bairro Industrial, Rua Jo\u00e3o Gualberto,110;<br \/>\nUBS Barreira do Triunfo, Avenida Juscelino Kubitscheck, s\/n\u00ba;<br \/>\nUBS Borboleta, Rua Tenente Paulo Maria Delage, 229;<br \/>\nUBS Cidade do Sol, Rua Gustavo Capanema, 70;<br \/>\nUBS Dom Bosco, Rua Jo\u00e3o Manata, 93;<br \/>\nUBS Esplanada, Rua Bias Fortes, 74;<br \/>\nUBS Filgueiras, Rua Orlando Riani, 2.200;<br \/>\nUBS Furtado de Menezes, Rua Furtado de Menezes, 19 \u00c0;<br \/>\nUBS Grama, Pra\u00e7a \u00c1ureo Carneiro s\/n;<br \/>\nUBS Granjas Beth\u00e2nia, Rua Nove de Julho, 294;<br \/>\nUBS Ipiranga, Rua Etiene Loures, 85;<br \/>\nUBS Jardim da Lua, Rua Natalino Jos\u00e9 de Paula, 314;<br \/>\nUBS Jardim Esperan\u00e7a, Rua Padre Jo\u00e3o Micheleto, 35;<br \/>\nUBS Jardim Natal, Rua Tenente Lucas Drumond, 370;<br \/>\nUBS Joquei Clube I, Rua Antonio Armando Pereira, 140;<br \/>\nUBS Joquei Clube II, Rua Ant\u00f4nio Guimar\u00e3es Peralva, 130;<br \/>\nUBS Linhares, Rua Ministro Odilon Braga, s\/n\u00ba;<br \/>\nUBS Marumbi, Rua Bar\u00e3o do Retiro, 1.462;<br \/>\nUBS Milho Branco, Rua Nicolau Schuery, s\/n\u00ba;<br \/>\nUBS Monte Castelo, Rua Doutor Oswaldo Mascarenhas, s\/n\u00ba;<br \/>\nUBS Nova Era, Rua Guimar\u00e3es J\u00fanior, 850;<br \/>\nUBS Parque Guarani, Rua Sofia Rafael Zacarias, 685;<br \/>\nUBS Progresso, Rua Jorge Knopp, 119;<br \/>\nUBS Retiro Rua, Sebasti\u00e3o Cardoso, 41;<br \/>\nUBS Santa Cec\u00edlia, Rua Gabriel Rodrigues, 900;<br \/>\nUBS Santa Cruz, Rua Doutor Ant\u00f4nio Mour\u00e3o Guimar\u00e3es, 245;<br \/>\nUBS Santa Efig\u00eania, Rua Jos\u00e9 Ferreira, 13;<br \/>\nUBS Santa Rita, Rua Jos\u00e9 Vicente, 390;<br \/>\nUBS Santo Ant\u00f4nio, Rua Pedro Trogo, 285;<br \/>\nUBS Santos Dumont, Rua \u00c1lvaro Jos\u00e9 Rodrigues, 25;<br \/>\nUBS S\u00e3o Judas Tadeu, Rua Ernesto Pancini, 446;UBS S\u00e3o Sebasti\u00e3o, Rua Jorge Raimundo, 209;<br \/>\nUBS Teixeiras, Rua Cust\u00f3dio Furtado de Souza, 131;<br \/>\nUBS Vale dos Bandeirantes Rua Laurindo Nocelli, 100;<br \/>\nUBS Vale Verde, Rua Marciano Pinto, 685;<br \/>\nUBS Vila Esperan\u00e7a, Rua Nova, 30;<br \/>\nUBS Vila Olavo Costa, Rua Jacinto Marcelino, 16.<\/p>\n","protected":false},"excerpt":{"rendered":"<p>Nesta ter\u00e7a-feira, 29, os dados foram atualizados\u00a0 e j\u00e1 s\u00e3o 105.561 pessoas imunizadas contra a Influenza na campanha de vacina\u00e7\u00e3o realizada pela Secretaria de Sa\u00fade (SS) da Prefeitura de Juiz de Fora (PJF). At\u00e9 ent\u00e3o, mais da metade das pessoas que comp\u00f5em os maiores p\u00fablicos-alvo da campanha foram imunizados contra a Influenza, caso dos idosos, [&hellip;]<\/p>\n","protected":false},"author":246,"featured_media":184603,"comment_status":"closed","ping_status":"closed","sticky":false,"template":"","format":"standard","meta":{"footnotes":""},"categories":[253,440,439],"tags":[],"class_list":["post-184602","post","type-post","status-publish","format-standard","has-post-thumbnail","hentry","category-cidade","category-destaques-do-dia","category-ultima-hora"],"_links":{"self":[{"href":"https:\/\/diarioregionaldigital.com.br\/index.php?rest_route=\/wp\/v2\/posts\/184602","targetHints":{"allow":["GET"]}}],"collection":[{"href":"https:\/\/diarioregionaldigital.com.br\/index.php?rest_route=\/wp\/v2\/posts"}],"about":[{"href":"https:\/\/diarioregionaldigital.com.br\/index.php?rest_route=\/wp\/v2\/types\/post"}],"author":[{"embeddable":true,"href":"https:\/\/diarioregionaldigital.com.br\/index.php?rest_route=\/wp\/v2\/users\/246"}],"replies":[{"embeddable":true,"href":"https:\/\/diarioregionaldigital.com.br\/index.php?rest_route=%2Fwp%2Fv2%2Fcomments&post=184602"}],"version-history":[{"count":1,"href":"https:\/\/diarioregionaldigital.com.br\/index.php?rest_route=\/wp\/v2\/posts\/184602\/revisions"}],"predecessor-version":[{"id":184604,"href":"https:\/\/diarioregionaldigital.com.br\/index.php?rest_route=\/wp\/v2\/posts\/184602\/revisions\/184604"}],"wp:featuredmedia":[{"embeddable":true,"href":"https:\/\/diarioregionaldigital.com.br\/index.php?rest_route=\/wp\/v2\/media\/184603"}],"wp:attachment":[{"href":"https:\/\/diarioregionaldigital.com.br\/index.php?rest_route=%2Fwp%2Fv2%2Fmedia&parent=184602"}],"wp:term":[{"taxonomy":"category","embeddable":true,"href":"https:\/\/diarioregionaldigital.com.br\/index.php?rest_route=%2Fwp%2Fv2%2Fcategories&post=184602"},{"taxonomy":"post_tag","embeddable":true,"href":"https:\/\/diarioregionaldigital.com.br\/index.php?rest_route=%2Fwp%2Fv2%2Ftags&post=184602"}],"curies":[{"name":"wp","href":"https:\/\/api.w.org\/{rel}","templated":true}]}}