{"id":184599,"date":"2021-06-29T18:59:37","date_gmt":"2021-06-29T21:59:37","guid":{"rendered":"https:\/\/diarioregionaldigital.com.br\/?p=184599"},"modified":"2021-06-29T18:59:37","modified_gmt":"2021-06-29T21:59:37","slug":"no-ultimo-dia-do-prazo-nubia-soares-obtem-indice-olimpico-no-salto-triplo","status":"publish","type":"post","link":"https:\/\/diarioregionaldigital.com.br\/?p=184599","title":{"rendered":"No \u00faltimo dia do prazo, Nubia Soares obt\u00e9m \u00edndice ol\u00edmpico no salto triplo"},"content":{"rendered":"<p>No \u00faltimo dia do prazo estipulado pela World Athletics, a mineira Nubia Soares obteve nesta ter\u00e7a-feira (29.06) o \u00edndice exigido para os Jogos Ol\u00edmpicos de T\u00f3quio. Ela ficou em segundo lugar na prova do salto triplo do Trofeo Diputaci\u00f3n Castell\u00f3n &#8211; Memorial Jos\u00e9 Antonio Cansino, na pista Gaet\u00e0 Huguet, em Castel\u00f3n de La Plana, na Espanha. Ela saltou 14,68m em sua primeira tentativa e superou o \u00edndice de 14,32m. Nubia pertence \u00e0 categoria Ol\u00edmpica do Bolsa Atleta, programa de patroc\u00ednio individual do Governo Federal Brasileiro, executado pela Secretaria Especial do Esporte do Minist\u00e9rio da Cidadania.<\/p>\n<p>Na trilha em busca do \u00edndice, valeu a persist\u00eancia da atleta, que desde maio buscava a qualifica\u00e7\u00e3o em competi\u00e7\u00f5es na Espanha. Ela havia saltado 14,03m em Ciudad Real, no dia 29 de maio, depois 13,97m, em La Nucia, e 14,26m em Getafe, no \u00faltimo domingo (27.06).<\/p>\n<p>Atleta do Barcelona, Nubia, de 25 anos, enfrentou problemas de les\u00f5es e qualificou-se para a segunda Olimp\u00edada, j\u00e1 que representou o Brasil nos Jogos Rio-2016. Recordista brasileira da especialidade, com 14,69m, desde 2018, a saltadora j\u00e1 liderava o Ranking Nacional.<\/p>\n<p>Em Castell\u00f3n, Nubia, que acertou apenas um salto, ficou na segunda coloca\u00e7\u00e3o. A campe\u00e3 foi a cubana Liadagmis Povea, com 14,70m. Leyanis Perez, tamb\u00e9m de Cuba, terminou em terceiro, com 14,53m.<\/p>\n<p>Nascida em Lagoa da Prata, a atleta mora na Espanha h\u00e1 tr\u00eas anos. Ela treina na cidade de Guadalajara, com o cubano Ivan Pedroso, que foi um dos maiores representantes do pa\u00eds no salto em dist\u00e2ncia. A brasileira \u00e9 companheira de treinos da venezuelana Yulimar Rojas, campe\u00e3 mundial do triplo.<\/p>\n<p>Fonte: Confedera\u00e7\u00e3o Brasileira de Atletismo (CBAt)<\/p>\n<p>&nbsp;<\/p>\n","protected":false},"excerpt":{"rendered":"<p>No \u00faltimo dia do prazo estipulado pela World Athletics, a mineira Nubia Soares obteve nesta ter\u00e7a-feira (29.06) o \u00edndice exigido para os Jogos Ol\u00edmpicos de T\u00f3quio. Ela ficou em segundo lugar na prova do salto triplo do Trofeo Diputaci\u00f3n Castell\u00f3n &#8211; Memorial Jos\u00e9 Antonio Cansino, na pista Gaet\u00e0 Huguet, em Castel\u00f3n de La Plana, na [&hellip;]<\/p>\n","protected":false},"author":246,"featured_media":184600,"comment_status":"closed","ping_status":"closed","sticky":false,"template":"","format":"standard","meta":{"footnotes":""},"categories":[436,257,439],"tags":[],"class_list":["post-184599","post","type-post","status-publish","format-standard","has-post-thumbnail","hentry","category-destaque-da-semana","category-esporte","category-ultima-hora"],"_links":{"self":[{"href":"https:\/\/diarioregionaldigital.com.br\/index.php?rest_route=\/wp\/v2\/posts\/184599","targetHints":{"allow":["GET"]}}],"collection":[{"href":"https:\/\/diarioregionaldigital.com.br\/index.php?rest_route=\/wp\/v2\/posts"}],"about":[{"href":"https:\/\/diarioregionaldigital.com.br\/index.php?rest_route=\/wp\/v2\/types\/post"}],"author":[{"embeddable":true,"href":"https:\/\/diarioregionaldigital.com.br\/index.php?rest_route=\/wp\/v2\/users\/246"}],"replies":[{"embeddable":true,"href":"https:\/\/diarioregionaldigital.com.br\/index.php?rest_route=%2Fwp%2Fv2%2Fcomments&post=184599"}],"version-history":[{"count":1,"href":"https:\/\/diarioregionaldigital.com.br\/index.php?rest_route=\/wp\/v2\/posts\/184599\/revisions"}],"predecessor-version":[{"id":184601,"href":"https:\/\/diarioregionaldigital.com.br\/index.php?rest_route=\/wp\/v2\/posts\/184599\/revisions\/184601"}],"wp:featuredmedia":[{"embeddable":true,"href":"https:\/\/diarioregionaldigital.com.br\/index.php?rest_route=\/wp\/v2\/media\/184600"}],"wp:attachment":[{"href":"https:\/\/diarioregionaldigital.com.br\/index.php?rest_route=%2Fwp%2Fv2%2Fmedia&parent=184599"}],"wp:term":[{"taxonomy":"category","embeddable":true,"href":"https:\/\/diarioregionaldigital.com.br\/index.php?rest_route=%2Fwp%2Fv2%2Fcategories&post=184599"},{"taxonomy":"post_tag","embeddable":true,"href":"https:\/\/diarioregionaldigital.com.br\/index.php?rest_route=%2Fwp%2Fv2%2Ftags&post=184599"}],"curies":[{"name":"wp","href":"https:\/\/api.w.org\/{rel}","templated":true}]}}