{"id":184596,"date":"2021-06-29T18:57:05","date_gmt":"2021-06-29T21:57:05","guid":{"rendered":"https:\/\/diarioregionaldigital.com.br\/?p=184596"},"modified":"2021-06-29T18:57:05","modified_gmt":"2021-06-29T21:57:05","slug":"selecao-feminina-de-rugbi-de-sete-e-convocada-para-os-jogos-olimpicos","status":"publish","type":"post","link":"https:\/\/diarioregionaldigital.com.br\/?p=184596","title":{"rendered":"Sele\u00e7\u00e3o feminina de r\u00fagbi de sete \u00e9 convocada para os Jogos Ol\u00edmpicos"},"content":{"rendered":"<p>Nesta segunda-feira (28.06), a Confedera\u00e7\u00e3o Brasileira de Rugby (CBRu) anunciou a convoca\u00e7\u00e3o da sele\u00e7\u00e3o feminina da modalidade para os Jogos Ol\u00edmpicos de T\u00f3quio. As Yaras, como \u00e9 conhecida a equipe, contam com 12 jogadoras titulares e duas suplentes. Do grupo selecionado pelo t\u00e9cnico Will Broderick, 11 das 12 s\u00e3o contempladas pelo Bolsa Atleta do Governo Federal.<\/p>\n<p>No mais recente edital,\u00a0<b><a class=\"external-link\" title=\"\" href=\"https:\/\/www.gov.br\/cidadania\/pt-br\/noticias-e-conteudos\/esporte\/noticias_esporte\/7197-aprovados-governo-federal-divulga-a-maior-lista-de-beneficiados-olimpicos-e-paralimpicos-da-historia-do-bolsa-atleta\" target=\"_blank\" rel=\"noopener\">a iniciativa federal de patroc\u00ednio direto aos atletas atingiu o n\u00famero recorde de 7.197 contemplados<\/a><\/b>. Desse total, 252 s\u00e3o praticantes de r\u00fagbi, o que representa um investimento de R$ 3,44 milh\u00f5es ao ano. Quando considerada tamb\u00e9m a modalidade na vers\u00e3o paral\u00edmpica, o n\u00famero de atletas sobe para 289 e o investimento chega a R$ 4,1 milh\u00f5es.\u00a0No ciclo entre os Jogos Rio 2016 e T\u00f3quio 2021, o investimento federal na modalidade via Bolsa Atleta totaliza R$ 12,37 milh\u00f5es.<\/p>\n<p>As convocadas para representar o Brasil em T\u00f3quio s\u00e3o: Mariana Nicolau, Luiza Gonzalez da Costa, Rafaela Zanellato, Leila Cassia dos Santos, Thalia da Silva Costa, Isadora Cerullo, Aline Ribeiro Furtado, Mariana Fiovaranti, Haline Leme Scatrut, Raquel Kochhann (capit\u00e3), Bianca dos Santos Silva e Thalita da Silva Costa. As reservas s\u00e3o Eshyllen Coimbra e Gabriela Lima.<\/p>\n<p>Entre os nomes, quatro estiveram nos Jogos Ol\u00edmpicos Rio 2016. Haline Scatrut, Isadora Cerullo, Luiza Gonzalez e Raquel Kochhann integraram o elenco que chegou \u00e0 nona posi\u00e7\u00e3o na estreia da disputa feminina no megaevento. Para T\u00f3quio, a classifica\u00e7\u00e3o foi alcan\u00e7ada em 2019, ap\u00f3s a\u00a0<b><a class=\"external-link\" title=\"\" href=\"http:\/\/rededoesporte.gov.br\/pt-br\/selecao-feminina-de-rugbi-vence-o-pre-olimpico-de-lima-e-se-garante-em-toquio\" target=\"_blank\" rel=\"noopener\">conquista do Pr\u00e9-Ol\u00edmpico, realizado em Lima, no Peru<\/a><\/b>.<\/p>\n<p>As Yaras permanecem no centro de treinamento de S\u00e3o Jos\u00e9 dos Campos (SP) at\u00e9 o pr\u00f3ximo dia 8, quando embarcam para Nagato. L\u00e1, ter\u00e3o mais duas semanas de prepara\u00e7\u00e3o, sempre seguindo os protocolos sanit\u00e1rios e o per\u00edodo de isolamento obrigat\u00f3rio at\u00e9 a ida para T\u00f3quio. A sele\u00e7\u00e3o feminina entra em campo no dia 29 de julho, com hor\u00e1rio ainda a definir.<\/p>\n<p><b>A disputa<\/b><\/p>\n<p>O Brasil est\u00e1 no grupo B, ao lado de Canad\u00e1, Fran\u00e7a e Fiji. O grupo A conta com Nova Zel\u00e2ndia, R\u00fassia, Gr\u00e3-Bretanha e Qu\u00eania. J\u00e1 na chave C est\u00e3o Austr\u00e1lia, Estados Unidos, China e Jap\u00e3o. Cada partida tem dois tempos de sete minutos, exceto a final ol\u00edmpica, que ter\u00e1 dez minutos. O campo de disputa mede 70m x 100m.<\/p>\n<p>A edi\u00e7\u00e3o ol\u00edmpica do Rio de Janeiro, em 2016, marcou o retorno da modalidade ao programa dos Jogos ap\u00f3s 92 anos, mas na vers\u00e3o &#8220;sevens&#8221;, com sete atletas em cada equipe. Antes disso, o esporte tinha sido praticado em quatro edi\u00e7\u00f5es (Paris 1900, Londres 1908, Antu\u00e9rpia 1920 e Paris 1924), mas na modalidade XV, com 15 atletas de cada lado, e apenas no masculino.<\/p>\n<p><b>Recorde hist\u00f3rico<\/b><\/p>\n<p>O Brasil ter\u00e1 em T\u00f3quio a maior delega\u00e7\u00e3o ol\u00edmpica de sua hist\u00f3ria em edi\u00e7\u00f5es disputadas fora do pa\u00eds. At\u00e9 ent\u00e3o o recorde pertencia aos Jogos de Pequim, na China, em 2008, quando o Brasil levou 277 atletas. Nesta segunda-feira, os nomes de Marcelo Melo e de Bruno Soares foram confirmados para a disputa ol\u00edmpica das duplas no t\u00eanis. Com isso, o Brasil j\u00e1 soma 278 vagas, em 33 modalidades. No \u00faltimo fim de semana, ap\u00f3s o t\u00edtulo masculino e o\u00a0<strong><a class=\"external-link\" title=\"\" href=\"http:\/\/rededoesporte.gov.br\/selecao-feminina-de-volei-fica-com-a-prata-na-liga-das-nacoes\" target=\"_blank\" rel=\"noopener\" data-tippreview-image=\"\" data-tippreview-title=\"\" data-tippreview-enabled=\"false\">vice-campeonato feminino<\/a><\/strong>\u00a0na Liga das Na\u00e7\u00f5es de V\u00f4lei,\u00a0<strong><a class=\"external-link\" title=\"\" href=\"http:\/\/rededoesporte.gov.br\/selecao-masculina-de-volei-conquista-a-liga-das-nacoes-e-renan-anuncia-os-12-que-vao-a-toquio\" target=\"_blank\" rel=\"noopener\" data-tippreview-image=\"\" data-tippreview-title=\"\" data-tippreview-enabled=\"false\">os t\u00e9cnicos Renan<\/a><\/strong>\u00a0e\u00a0<strong><a class=\"external-link\" title=\"\" href=\"http:\/\/rededoesporte.gov.br\/jose-roberto-guimaraes-define-lista-oficial-do-volei-feminino-em-toquio\" target=\"_blank\" rel=\"noopener\" data-tippreview-image=\"\" data-tippreview-title=\"\" data-tippreview-enabled=\"false\">Jos\u00e9 Roberto Guimar\u00e3es<\/a><\/strong>\u00a0anunciaram os nomes dos atletas que representar\u00e3o o pa\u00eds em T\u00f3quio. O pa\u00eds ainda tem chances de emplacar mais uma modalidade em T\u00f3quio. Nesta ter\u00e7a, 29.06,\u00a0<strong><a class=\"external-link\" title=\"\" href=\"http:\/\/rededoesporte.gov.br\/tecnico-petrovic-define-os-12-atleta-que-defenderao-o-brasil-no-pre-olimpico-de-split\" target=\"_blank\" rel=\"noopener\" data-tippreview-image=\"\" data-tippreview-title=\"\" data-tippreview-enabled=\"false\">a sele\u00e7\u00e3o masculina de basquete estreia no pr\u00e9-ol\u00edmpico<\/a><\/strong>\u00a0que vale uma vaga nos Jogos.<\/p>\n<p class=\"callout\"><b>Sele\u00e7\u00e3o brasileira feminina de r\u00fagbi:<\/b><\/p>\n<p class=\"callout\">Aline Furtado (hooker e pilar) \u2013 Rugby USP<\/p>\n<p class=\"callout\">Bianca Silva (ponta) \u2013 Rugby Para Todos<\/p>\n<p class=\"callout\">Haline Scatrut (pilar e centro) \u2013 Melina Rugby<\/p>\n<p class=\"callout\">Isadora Cerullo (half crum ou abertura) \u2013 Niter\u00f3i Rugby<\/p>\n<p class=\"callout\">Leila C\u00e1ssia(half crum) \u2013 Rugby Para Todos<\/p>\n<p class=\"callout\">Luiza Campos (hooker) \u2013 Charrua Rugby Clube<\/p>\n<p class=\"callout\">Mariana Nicolau (pilar e centro) \u2013 S\u00e3o Jos\u00e9 Rugby<\/p>\n<p class=\"callout\">Marina Fioravanti (centro) \u2013 Saracens Bandeirantes Rugby<\/p>\n<p class=\"callout\">Rafaela Zanellato (centro e pilar) \u2013 Curitiba Rugby<\/p>\n<p class=\"callout\">Raquel Kochhann (pilar e abertura) \u2013 Charrua Rugby Clube<\/p>\n<p class=\"callout\">Thalia Costa (ponta) \u2013 Delta Rugby<\/p>\n<p class=\"callout\">Thalita Costa (hooker e ponta) \u2013 Delta Rugby<\/p>\n<p>Fonte: Minist\u00e9rio da Cidadania \/ CBRu<\/p>\n","protected":false},"excerpt":{"rendered":"<p>Nesta segunda-feira (28.06), a Confedera\u00e7\u00e3o Brasileira de Rugby (CBRu) anunciou a convoca\u00e7\u00e3o da sele\u00e7\u00e3o feminina da modalidade para os Jogos Ol\u00edmpicos de T\u00f3quio. As Yaras, como \u00e9 conhecida a equipe, contam com 12 jogadoras titulares e duas suplentes. Do grupo selecionado pelo t\u00e9cnico Will Broderick, 11 das 12 s\u00e3o contempladas pelo Bolsa Atleta do Governo [&hellip;]<\/p>\n","protected":false},"author":246,"featured_media":184597,"comment_status":"closed","ping_status":"closed","sticky":false,"template":"","format":"standard","meta":{"footnotes":""},"categories":[436,257,439],"tags":[],"class_list":["post-184596","post","type-post","status-publish","format-standard","has-post-thumbnail","hentry","category-destaque-da-semana","category-esporte","category-ultima-hora"],"_links":{"self":[{"href":"https:\/\/diarioregionaldigital.com.br\/index.php?rest_route=\/wp\/v2\/posts\/184596","targetHints":{"allow":["GET"]}}],"collection":[{"href":"https:\/\/diarioregionaldigital.com.br\/index.php?rest_route=\/wp\/v2\/posts"}],"about":[{"href":"https:\/\/diarioregionaldigital.com.br\/index.php?rest_route=\/wp\/v2\/types\/post"}],"author":[{"embeddable":true,"href":"https:\/\/diarioregionaldigital.com.br\/index.php?rest_route=\/wp\/v2\/users\/246"}],"replies":[{"embeddable":true,"href":"https:\/\/diarioregionaldigital.com.br\/index.php?rest_route=%2Fwp%2Fv2%2Fcomments&post=184596"}],"version-history":[{"count":1,"href":"https:\/\/diarioregionaldigital.com.br\/index.php?rest_route=\/wp\/v2\/posts\/184596\/revisions"}],"predecessor-version":[{"id":184598,"href":"https:\/\/diarioregionaldigital.com.br\/index.php?rest_route=\/wp\/v2\/posts\/184596\/revisions\/184598"}],"wp:featuredmedia":[{"embeddable":true,"href":"https:\/\/diarioregionaldigital.com.br\/index.php?rest_route=\/wp\/v2\/media\/184597"}],"wp:attachment":[{"href":"https:\/\/diarioregionaldigital.com.br\/index.php?rest_route=%2Fwp%2Fv2%2Fmedia&parent=184596"}],"wp:term":[{"taxonomy":"category","embeddable":true,"href":"https:\/\/diarioregionaldigital.com.br\/index.php?rest_route=%2Fwp%2Fv2%2Fcategories&post=184596"},{"taxonomy":"post_tag","embeddable":true,"href":"https:\/\/diarioregionaldigital.com.br\/index.php?rest_route=%2Fwp%2Fv2%2Ftags&post=184596"}],"curies":[{"name":"wp","href":"https:\/\/api.w.org\/{rel}","templated":true}]}}