{"id":184590,"date":"2021-06-29T18:49:26","date_gmt":"2021-06-29T21:49:26","guid":{"rendered":"https:\/\/diarioregionaldigital.com.br\/?p=184590"},"modified":"2021-06-29T18:49:26","modified_gmt":"2021-06-29T21:49:26","slug":"bruno-soares-e-marcelo-melo-disputarao-os-jogos-olimpicos-juntos-pela-3a-vez","status":"publish","type":"post","link":"https:\/\/diarioregionaldigital.com.br\/?p=184590","title":{"rendered":"Bruno Soares e Marcelo Melo disputar\u00e3o os Jogos Ol\u00edmpicos juntos pela 3\u00aa vez"},"content":{"rendered":"<p>Os mineiros Bruno Soares e Marcelo Melo foram confirmados na chave de duplas dos Jogos Ol\u00edmpicos de T\u00f3quio. A classifica\u00e7\u00e3o deles foi anunciada nesta segunda-feira (28.06) pela Federa\u00e7\u00e3o Internacional de T\u00eanis. Os parceiros asseguraram presen\u00e7a na capital japonesa pelo ranking mundial de duplas do \u00faltimo dia 14, fim do prazo para classifica\u00e7\u00e3o por pontos. Soares aparece como 13\u00ba e Melo ocupa a 18\u00aa posi\u00e7\u00e3o.<\/p>\n<p>Ser\u00e1 a terceira vez que Soares e Melo disputar\u00e3o juntos os Jogos Ol\u00edmpicos: eles atuaram lado a lado na edi\u00e7\u00e3o de Londres (Inglaterra) e na Rio 2016 &#8211; em ambas seguiram at\u00e9 as quartas de final.<\/p>\n<p>\u201cEstou muito feliz em poder fazer parte dos Jogos Ol\u00edmpicos mais uma vez. \u00c9 o objetivo de qualquer atleta. Uma honra representar o Brasil em T\u00f3quio,&#8221; disse Soares, por meio da assessoria de imprensa.<\/p>\n<p>&#8220;A prepara\u00e7\u00e3o vai ser feita em Belo Horizonte. Eu e Marcelo vamos voltar ao Brasil assim que Wimbledon acabar e focaremos 100% nessas tr\u00eas semanas antes dos Jogos. Vamos trabalhar duro e estamos motivados\u201d Bruno Soares<\/p>\n<p>A dupla busca uma medalha in\u00e9dita para o pa\u00eds na modalidade e j\u00e1 planejou os \u00faltimos dias de prepara\u00e7\u00e3o antes de T\u00f3quio 2020. &#8220;A prepara\u00e7\u00e3o vai ser feita em Belo Horizonte. Eu e Marcelo vamos voltar para o Brasil assim que Wimbledon acabar e focaremos 100% nessas duas, tr\u00eas semanas antes dos Jogos Ol\u00edmpicos. Vamos trabalhar duro e estamos motivados. Com certeza \u00e9 o nosso maior objetivo neste ano. Chegamos perto no Rio e em Londres e agora vamos ter uma nova oportunidade\u201d, completou Soares.<\/p>\n<p>Na chave de simples, o pa\u00eds ser\u00e1 representado pelo cearense Thiago Monteiro e pelo mineiro Jo\u00e3o Menezes. As partidas de t\u00eanis est\u00e3o programadas para come\u00e7ar em 24 de julho, no Ariake Tennis Park, na capital japonesa.<\/p>\n<p>Fonte: Ag\u00eancia Brasil<\/p>\n","protected":false},"excerpt":{"rendered":"<p>Os mineiros Bruno Soares e Marcelo Melo foram confirmados na chave de duplas dos Jogos Ol\u00edmpicos de T\u00f3quio. A classifica\u00e7\u00e3o deles foi anunciada nesta segunda-feira (28.06) pela Federa\u00e7\u00e3o Internacional de T\u00eanis. Os parceiros asseguraram presen\u00e7a na capital japonesa pelo ranking mundial de duplas do \u00faltimo dia 14, fim do prazo para classifica\u00e7\u00e3o por pontos. Soares [&hellip;]<\/p>\n","protected":false},"author":246,"featured_media":184591,"comment_status":"closed","ping_status":"closed","sticky":false,"template":"","format":"standard","meta":{"footnotes":""},"categories":[436,257,439],"tags":[],"class_list":["post-184590","post","type-post","status-publish","format-standard","has-post-thumbnail","hentry","category-destaque-da-semana","category-esporte","category-ultima-hora"],"_links":{"self":[{"href":"https:\/\/diarioregionaldigital.com.br\/index.php?rest_route=\/wp\/v2\/posts\/184590","targetHints":{"allow":["GET"]}}],"collection":[{"href":"https:\/\/diarioregionaldigital.com.br\/index.php?rest_route=\/wp\/v2\/posts"}],"about":[{"href":"https:\/\/diarioregionaldigital.com.br\/index.php?rest_route=\/wp\/v2\/types\/post"}],"author":[{"embeddable":true,"href":"https:\/\/diarioregionaldigital.com.br\/index.php?rest_route=\/wp\/v2\/users\/246"}],"replies":[{"embeddable":true,"href":"https:\/\/diarioregionaldigital.com.br\/index.php?rest_route=%2Fwp%2Fv2%2Fcomments&post=184590"}],"version-history":[{"count":1,"href":"https:\/\/diarioregionaldigital.com.br\/index.php?rest_route=\/wp\/v2\/posts\/184590\/revisions"}],"predecessor-version":[{"id":184592,"href":"https:\/\/diarioregionaldigital.com.br\/index.php?rest_route=\/wp\/v2\/posts\/184590\/revisions\/184592"}],"wp:featuredmedia":[{"embeddable":true,"href":"https:\/\/diarioregionaldigital.com.br\/index.php?rest_route=\/wp\/v2\/media\/184591"}],"wp:attachment":[{"href":"https:\/\/diarioregionaldigital.com.br\/index.php?rest_route=%2Fwp%2Fv2%2Fmedia&parent=184590"}],"wp:term":[{"taxonomy":"category","embeddable":true,"href":"https:\/\/diarioregionaldigital.com.br\/index.php?rest_route=%2Fwp%2Fv2%2Fcategories&post=184590"},{"taxonomy":"post_tag","embeddable":true,"href":"https:\/\/diarioregionaldigital.com.br\/index.php?rest_route=%2Fwp%2Fv2%2Ftags&post=184590"}],"curies":[{"name":"wp","href":"https:\/\/api.w.org\/{rel}","templated":true}]}}