{"id":184583,"date":"2021-06-29T18:42:59","date_gmt":"2021-06-29T21:42:59","guid":{"rendered":"https:\/\/diarioregionaldigital.com.br\/?p=184583"},"modified":"2021-06-29T18:42:59","modified_gmt":"2021-06-29T21:42:59","slug":"mais-escolas-estaduais-comecam-atividades-presenciais-com-estudantes","status":"publish","type":"post","link":"https:\/\/diarioregionaldigital.com.br\/?p=184583","title":{"rendered":"Mais escolas estaduais come\u00e7am atividades presenciais com estudantes"},"content":{"rendered":"<p>A partir desta semana, mais escolas da rede estadual de ensino voltam a ter os estudantes em sala de aula em Minas Gerais. S\u00e3o unidades localizadas em cidades inseridas nas ondas amarela ou verde, que oferecem do 1\u00ba ao 5\u00ba ano do ensino fundamental e que as prefeituras n\u00e3o apresentaram restri\u00e7\u00f5es ao retorno das atividades\u00a0presenciais. O retorno seguro, gradual, h\u00edbrido e facultativo foi planejado, com todo o cuidado, para garantir o cumprimento dos protocolos sanit\u00e1rios e transmitir a seguran\u00e7a e a confian\u00e7a necess\u00e1rias a alunos, funcion\u00e1rios, pais e respons\u00e1veis.<\/p>\n<p>A Escola Estadual Prefeito Mauricio de Azevedo, no munic\u00edpio de Jana\u00faba, come\u00e7ou as atividades presenciais com os estudantes nessa segunda-feira (28\/6). A diretora da unidade, Alessandra Aparecida Carvalho Aguiar, falou sobre as a\u00e7\u00f5es realizadas na escola. \u201cFoi um momento tranquilo e gostoso. Seguimos todas as orienta\u00e7\u00f5es. Nas salas de aula, tivemos conta\u00e7\u00e3o de hist\u00f3ria e conversamos com os estudantes sobre a sensa\u00e7\u00e3o do retorno. Cada sala fez uma din\u00e2mica. Foi um momento mais de escuta\u201d, conta.<\/p>\n<p>O aluno do 5\u00ba ano do ensino fundamental, Heitor Souza de Oliveira, fala do que mais gostou. \u201cGostei muito das brincadeiras e da conversa que tive com a professora nesse primeiro dia. Agora que tenho que vir para a escola sei que vou brincar menos em casa, mas estou feliz por voltar\u201d, relata.<\/p>\n<p>Conhecer um pouquinho mais de como foi esse per\u00edodo longe\u00a0da escola tamb\u00e9m foi a atividade do primeiro dia de aula na sala do 4\u00ba ano da professora Zora Santos. \u201c\u00c9 uma satisfa\u00e7\u00e3o muito grande estar no ambiente da escola, poder ter esse contato com os alunos e escutar os relatos deles. No atual momento, \u00e9 muito importante\u00a0saber um pouco sobre o que eles passaram e est\u00e3o sentindo\u201d, afirma.<\/p>\n<p><strong>Modelo h\u00edbrido<\/strong><\/p>\n<p>No modelo de ensino h\u00edbrido implementado pela\u00a0<a href=\"https:\/\/www.educacao.mg.gov.br\/\" target=\"_blank\" rel=\"noopener noreferrer\">Secretaria de Estado de Educa\u00e7\u00e3o (SEE\/MG)<\/a>,\u00a0h\u00e1 altern\u00e2ncia entre o atendimento presencial e o remoto. Em uma semana os estudantes participam de atividades na escola e, na semana seguinte, os professores atendem pelo aplicativo Conex\u00e3o Escola. J\u00e1 na outra semana, as atividades voltam a ser presenciais\u00a0e assim por diante.<\/p>\n<p>Todas as escolas aplicaram um checklist criterioso para\u00a0cumprimento dos protocolos sanit\u00e1rios, garantindo o distanciamento necess\u00e1rio, os cuidados com a limpeza do local e a disponibiliza\u00e7\u00e3o de itens de prote\u00e7\u00e3o individual, limpeza e higiene.<\/p>\n<p>As atividades pedag\u00f3gicas presenciais est\u00e3o sendo ministradas com objetivo de fortalecer a aprendizagem de acordo com a necessidade da turma. Durante o per\u00edodo na escola, o estudante tem oportunidade de interagir e compartilhar os conhecimentos alcan\u00e7ados durante o Regime de Estudo n\u00e3o Presencial e obter suporte\u00a0pedag\u00f3gico para desenvolver as habilidades ainda n\u00e3o consolidadas.<\/p>\n<p>Mesmo com as atividades presenciais, o Regime de Estudo n\u00e3o Presencial continua sendo oferecido pela\u00a0<a href=\"https:\/\/www.educacao.mg.gov.br\/\" target=\"_blank\" rel=\"noopener noreferrer\">Secretariade Estado de Educa\u00e7\u00e3o de Minas Gerais (SEE\/MG)<\/a>\u00a0aos estudantes.<\/p>\n<p><strong>Acolhimento\u00a0<\/strong><\/p>\n<p>Na Escola Estadual Padre Ant\u00f4nio Corr\u00eaa, em Visconde do Rio\u00a0Branco, cerca de 80% dos estudantes tiveram autoriza\u00e7\u00e3o de pais e\/ou respons\u00e1veis para participar das atividades presenciais e o acolhimento tamb\u00e9m marcou o primeiro dia. \u201cFoi um primeiro dia de acolhimento para os pais tamb\u00e9m, para que eles se sintam seguros. Foi muito bacana e emocionante\u201d, destaca a diretora Roberta Cardoso Vilas Boas.<\/p>\n<p>Na unidade de ensino, um dos destaques foram as oficinas realizadas\u00a0na hora do recreio. \u201cDividi a escola em quatro espa\u00e7os; garantimos o distanciamento entre as crian\u00e7as e, em cada um dos espa\u00e7os, fizemos oficinas, como cart\u00f5es para m\u00edmica, pula corda individual, mestre mandou e atividades de colorir. Eles gostaram bastante\u201d, comenta Roberta.<\/p>\n<p><strong>Pais e\/ou respons\u00e1veis seguros<\/strong><\/p>\n<p>J\u00e1 em Patos de Minas, na Escola Estadual Abner Afonso, o diretor William Mota conta que o retorno est\u00e1 sendo muito bom. \u201cTivemos um n\u00famero expressivo de alunos. Realizamos din\u00e2micas e atividades de acolhimento. Al\u00e9m disso, todas as medidas preventivas est\u00e3o sendo seguidas\u201d, frisa.<\/p>\n<p>Maria Geralda Rezende de Melo \u00e9 m\u00e3e de Felipe de Melo Rezende, do 5\u00ba ano do ensino fundamental. Ela fez quest\u00e3o de levar o filho no primeiro dia de aulas presenciais. \u201cMeu filho sempre gostou muito de vir para a escola e, diante das medidas, autorizei ele a vir. A escola est\u00e1 bem organizada e todas as orienta\u00e7\u00f5es de prote\u00e7\u00e3o que vi est\u00e3o de acordo\u201d, conta.<\/p>\n<p>Talita Vasconcelos tamb\u00e9m acompanhou a filha no primeiro dia. Esta \u00e9 a primeira vez que Esther Vasconcelos Prestes, aluna do 1\u00ba ano do ensino fundamental, participa das atividades pedag\u00f3gicas presenciais na unidade de ensino. \u201cA Esther estava muito ansiosa. O cora\u00e7\u00e3o de m\u00e3e tamb\u00e9m fica ansioso, mas vi que est\u00e1 tudo dentro\u00a0do protocolo. Tem \u00e1lcool e distanciamento, estou bem tranquila e confio na escola\u201d, relata.<\/p>\n<p><strong>Lista de escolas autorizadas\u00a0\u00a0<\/strong><\/p>\n<p>Pais e\/ou respons\u00e1veis, estudantes e professores podem consultar\u00a0diariamente a lista de escolas estaduais autorizadas a retomar as atividades pedag\u00f3gicas presenciais. No\u00a0<a href=\"https:\/\/www.educacao.mg.gov.br\/\" target=\"_blank\" rel=\"noopener noreferrer\">site da Secretaria de Estado de Educa\u00e7\u00e3o de Minas Gerais (SEE\/MG)<\/a>\u00a0foi criada uma aba dedicada a atualizar a comunidade escolar sobre como est\u00e1 a retomada no estado.<\/p>\n<p>No boletim n\u00e3o est\u00e3o listadas escolas em que o munic\u00edpio est\u00e1 localizado em uma microrregi\u00e3o em onda vermelha; ou em que a cidade possui um decreto que impede o retorno presencial; ou em que a unidade ainda est\u00e1 em prepara\u00e7\u00e3o para implementa\u00e7\u00e3o do ensino h\u00edbrido ou n\u00e3o oferece os anos iniciais do ensino fundamental.<\/p>\n<p><span style=\"font-weight: 400;\">Fonte: Ag\u00eancia Minas<\/span><\/p>\n","protected":false},"excerpt":{"rendered":"<p>A partir desta semana, mais escolas da rede estadual de ensino voltam a ter os estudantes em sala de aula em Minas Gerais. S\u00e3o unidades localizadas em cidades inseridas nas ondas amarela ou verde, que oferecem do 1\u00ba ao 5\u00ba ano do ensino fundamental e que as prefeituras n\u00e3o apresentaram restri\u00e7\u00f5es ao retorno das atividades\u00a0presenciais. [&hellip;]<\/p>\n","protected":false},"author":246,"featured_media":184584,"comment_status":"closed","ping_status":"closed","sticky":false,"template":"","format":"standard","meta":{"footnotes":""},"categories":[440,254,439],"tags":[],"class_list":["post-184583","post","type-post","status-publish","format-standard","has-post-thumbnail","hentry","category-destaques-do-dia","category-politica","category-ultima-hora"],"_links":{"self":[{"href":"https:\/\/diarioregionaldigital.com.br\/index.php?rest_route=\/wp\/v2\/posts\/184583","targetHints":{"allow":["GET"]}}],"collection":[{"href":"https:\/\/diarioregionaldigital.com.br\/index.php?rest_route=\/wp\/v2\/posts"}],"about":[{"href":"https:\/\/diarioregionaldigital.com.br\/index.php?rest_route=\/wp\/v2\/types\/post"}],"author":[{"embeddable":true,"href":"https:\/\/diarioregionaldigital.com.br\/index.php?rest_route=\/wp\/v2\/users\/246"}],"replies":[{"embeddable":true,"href":"https:\/\/diarioregionaldigital.com.br\/index.php?rest_route=%2Fwp%2Fv2%2Fcomments&post=184583"}],"version-history":[{"count":1,"href":"https:\/\/diarioregionaldigital.com.br\/index.php?rest_route=\/wp\/v2\/posts\/184583\/revisions"}],"predecessor-version":[{"id":184585,"href":"https:\/\/diarioregionaldigital.com.br\/index.php?rest_route=\/wp\/v2\/posts\/184583\/revisions\/184585"}],"wp:featuredmedia":[{"embeddable":true,"href":"https:\/\/diarioregionaldigital.com.br\/index.php?rest_route=\/wp\/v2\/media\/184584"}],"wp:attachment":[{"href":"https:\/\/diarioregionaldigital.com.br\/index.php?rest_route=%2Fwp%2Fv2%2Fmedia&parent=184583"}],"wp:term":[{"taxonomy":"category","embeddable":true,"href":"https:\/\/diarioregionaldigital.com.br\/index.php?rest_route=%2Fwp%2Fv2%2Fcategories&post=184583"},{"taxonomy":"post_tag","embeddable":true,"href":"https:\/\/diarioregionaldigital.com.br\/index.php?rest_route=%2Fwp%2Fv2%2Ftags&post=184583"}],"curies":[{"name":"wp","href":"https:\/\/api.w.org\/{rel}","templated":true}]}}