{"id":184580,"date":"2021-06-29T18:34:38","date_gmt":"2021-06-29T21:34:38","guid":{"rendered":"https:\/\/diarioregionaldigital.com.br\/?p=184580"},"modified":"2021-06-29T18:34:38","modified_gmt":"2021-06-29T21:34:38","slug":"governo-central-tem-deficit-primario-de-r-209-bilhoes-em-maio","status":"publish","type":"post","link":"https:\/\/diarioregionaldigital.com.br\/?p=184580","title":{"rendered":"Governo Central tem d\u00e9ficit prim\u00e1rio de R$ 20,9 bilh\u00f5es em maio"},"content":{"rendered":"<p>Pela segunda vez no ano, o Governo Central (Tesouro Nacional, Previd\u00eancia Social e Banco Central) registrou d\u00e9ficit prim\u00e1rio nas contas. Em maio, o resultado ficou negativo em R$ 20,947 bilh\u00f5es.<\/p>\n<p>Esse foi o terceiro maior d\u00e9ficit para o m\u00eas desde o in\u00edcio da s\u00e9rie hist\u00f3rica, em 1997. O resultado s\u00f3 perde para maio de 2017 (d\u00e9ficit de R$ 29,387 bilh\u00f5es) e para maio do ano passado, quando o resultado ficou negativo em R$ 126,63 bilh\u00f5es por causa dos gastos extras e do adiamento de impostos promovido no in\u00edcio da pandemia de covid-19.<\/p>\n<p>Apesar do d\u00e9ficit em maio, o resultado veio melhor que o previsto. Segundo a pesquisa Prisma Fiscal, divulgada todos os meses pelo Minist\u00e9rio da Economia, as institui\u00e7\u00f5es financeiras projetavam d\u00e9ficit prim\u00e1rio de R$ 48,7 bilh\u00f5es para maio.<\/p>\n<p>O d\u00e9ficit prim\u00e1rio representa o resultado negativo nas contas do governo sem considerar os juros da d\u00edvida p\u00fablica. Com o resultado de maio, o Governo Central acumula super\u00e1vit prim\u00e1rio de R$ 19,911 bilh\u00f5es nos cinco primeiros meses de 2021. Esse \u00e9 o melhor resultado para o per\u00edodo desde 2015, quando o super\u00e1vit acumulado havia atingido R$ 5,027 bilh\u00f5es.<\/p>\n<p><strong>Meta<br \/>\n<\/strong><br \/>\nApesar do super\u00e1vit no acumulado do ano, a tend\u00eancia \u00e9 que o resultado das contas p\u00fablicas fique negativo nos pr\u00f3ximos meses. Para este ano, a Lei de Diretrizes Or\u00e7ament\u00e1rias (LDO) estabelece meta de d\u00e9ficit de R$ 247,1 bilh\u00f5es para o Governo Central, mas projeto de lei aprovado no fim de abril permite o abatimento da meta de at\u00e9 R$ 40 bilh\u00f5es de gastos.<\/p>\n<p>Os gastos que podem ser deduzidos da meta est\u00e3o relacionados com o enfrentamento \u00e0 pandemia de covid-19. Dos R$ 40 bilh\u00f5es autorizados pelo Congresso, R$ 20 bilh\u00f5es destinam-se \u00e0 sa\u00fade, R$ 10 bilh\u00f5es ao programa de redu\u00e7\u00e3o de jornada e suspens\u00e3o de contrato e R$ 10 bilh\u00f5es ao Pronampe, programa que fornece cr\u00e9dito emergencial a micro e pequenas empresas.<\/p>\n<p><strong>Receitas e despesas<br \/>\n<\/strong><br \/>\nO principal fator que contribuiu para a redu\u00e7\u00e3o do d\u00e9ficit prim\u00e1rio em maio foi a alta na arrecada\u00e7\u00e3o do governo. A receita l\u00edquida do Governo Central subiu 93,4% em maio acima da infla\u00e7\u00e3o oficial pelo \u00cdndice Nacional de Pre\u00e7os ao Consumidor Amplo (IPCA), na compara\u00e7\u00e3o com o mesmo m\u00eas do ano passado. No m\u00eas, elas somaram R$ 112,876 bilh\u00f5es.<\/p>\n<p>Boa parte dessa alta deve-se \u00e0 queda de arrecada\u00e7\u00e3o provocada pela restri\u00e7\u00e3o das atividades sociais no in\u00edcio da pandemia e pelo adiamento de diversos pagamentos, como contribui\u00e7\u00f5es \u00e0 Previd\u00eancia Social e recolhimentos ao Fundo de Garantia do Tempo de Servi\u00e7o (FGTS), que vigorou no ano passado como medida de ajuda \u00e0s empresas.<\/p>\n<p>As despesas totais ca\u00edram 31,4% na mesma compara\u00e7\u00e3o, tamb\u00e9m descontando a infla\u00e7\u00e3o pelo IPCA. Em maio, elas somaram R$ 133,823 bilh\u00f5es. Em 2021, as despesas totais somaram R$ 601,5 bilh\u00f5es. Em rela\u00e7\u00e3o ao teto de gastos, o governo gastou, neste ano, 37,3% do limite de R$ 1,486 trilh\u00e3o, numa conta que exclui cerca de R$ 30 bilh\u00f5es em despesas fora do teto.<\/p>\n<p>A queda das despesas totais est\u00e1 relacionada principalmente \u00e0 redu\u00e7\u00e3o dos gastos com o enfrentamento \u00e0 pandemia. Em maio, o volume de cr\u00e9ditos extraordin\u00e1rios caiu R$ 40,4 bilh\u00f5es em rela\u00e7\u00e3o ao mesmo m\u00eas de 2020, e o pagamento de R$ 6 bilh\u00f5es do d\u00e9cimo terceiro das aposentadorias e pens\u00f5es, que havia sido antecipado para maio de 2020, neste ano ocorreu apenas entre o fim de maio e in\u00edcio de junho.<\/p>\n<p>Em rela\u00e7\u00e3o aos investimentos (obras p\u00fablicas e compra de equipamentos), o governo federal investiu R$ 2,661 bilh\u00f5es em maio, recuo de 13,5% em rela\u00e7\u00e3o ao mesmo m\u00eas de 2020, descontada a infla\u00e7\u00e3o pelo IPCA. No acumulado do ano, os investimentos somam R$ 8,642 bilh\u00f5es, queda de 7,3% na compara\u00e7\u00e3o com o primeiro quadrimestre do ano passado, tamb\u00e9m descontado o IPCA. O atraso na aprova\u00e7\u00e3o do Or\u00e7amento de 2021, sancionado apenas no fim de abril, explica o recuo nos investimentos no acumulado do ano.<\/p>\n<p><span style=\"font-weight: 400;\">Fonte: Ag\u00eancia Brasil<\/span><\/p>\n","protected":false},"excerpt":{"rendered":"<p>Pela segunda vez no ano, o Governo Central (Tesouro Nacional, Previd\u00eancia Social e Banco Central) registrou d\u00e9ficit prim\u00e1rio nas contas. Em maio, o resultado ficou negativo em R$ 20,947 bilh\u00f5es. Esse foi o terceiro maior d\u00e9ficit para o m\u00eas desde o in\u00edcio da s\u00e9rie hist\u00f3rica, em 1997. O resultado s\u00f3 perde para maio de 2017 [&hellip;]<\/p>\n","protected":false},"author":246,"featured_media":184581,"comment_status":"closed","ping_status":"closed","sticky":false,"template":"","format":"standard","meta":{"footnotes":""},"categories":[436,261,439],"tags":[],"class_list":["post-184580","post","type-post","status-publish","format-standard","has-post-thumbnail","hentry","category-destaque-da-semana","category-economia","category-ultima-hora"],"_links":{"self":[{"href":"https:\/\/diarioregionaldigital.com.br\/index.php?rest_route=\/wp\/v2\/posts\/184580","targetHints":{"allow":["GET"]}}],"collection":[{"href":"https:\/\/diarioregionaldigital.com.br\/index.php?rest_route=\/wp\/v2\/posts"}],"about":[{"href":"https:\/\/diarioregionaldigital.com.br\/index.php?rest_route=\/wp\/v2\/types\/post"}],"author":[{"embeddable":true,"href":"https:\/\/diarioregionaldigital.com.br\/index.php?rest_route=\/wp\/v2\/users\/246"}],"replies":[{"embeddable":true,"href":"https:\/\/diarioregionaldigital.com.br\/index.php?rest_route=%2Fwp%2Fv2%2Fcomments&post=184580"}],"version-history":[{"count":1,"href":"https:\/\/diarioregionaldigital.com.br\/index.php?rest_route=\/wp\/v2\/posts\/184580\/revisions"}],"predecessor-version":[{"id":184582,"href":"https:\/\/diarioregionaldigital.com.br\/index.php?rest_route=\/wp\/v2\/posts\/184580\/revisions\/184582"}],"wp:featuredmedia":[{"embeddable":true,"href":"https:\/\/diarioregionaldigital.com.br\/index.php?rest_route=\/wp\/v2\/media\/184581"}],"wp:attachment":[{"href":"https:\/\/diarioregionaldigital.com.br\/index.php?rest_route=%2Fwp%2Fv2%2Fmedia&parent=184580"}],"wp:term":[{"taxonomy":"category","embeddable":true,"href":"https:\/\/diarioregionaldigital.com.br\/index.php?rest_route=%2Fwp%2Fv2%2Fcategories&post=184580"},{"taxonomy":"post_tag","embeddable":true,"href":"https:\/\/diarioregionaldigital.com.br\/index.php?rest_route=%2Fwp%2Fv2%2Ftags&post=184580"}],"curies":[{"name":"wp","href":"https:\/\/api.w.org\/{rel}","templated":true}]}}