{"id":184559,"date":"2021-06-29T06:00:02","date_gmt":"2021-06-29T09:00:02","guid":{"rendered":"https:\/\/diarioregionaldigital.com.br\/?p=184559"},"modified":"2021-06-28T22:30:26","modified_gmt":"2021-06-29T01:30:26","slug":"184559","status":"publish","type":"post","link":"https:\/\/diarioregionaldigital.com.br\/?p=184559","title":{"rendered":"Prefeitura Municipal de Descoberto &#8211; Licita\u00e7\u00e3o n\u00ba 049 &#8211; 29\/06\/2021"},"content":{"rendered":"<p style=\"text-align: center;\"><strong>AVISO DE ADES\u00c3O A LICITA\u00c7\u00c3O &#8211; &#8220;CARONA&#8221;<\/strong><\/p>\n<p style=\"text-align: center;\"><strong>Licita\u00e7\u00e3o n\u00b0 020\/2021 <\/strong><\/p>\n<p style=\"text-align: center;\"><strong>Termo de Ades\u00e3o a Licita\u00e7\u00e3o<\/strong><\/p>\n<p style=\"text-align: center;\">O Munic\u00edpio de DESCOBERTO, na forma da lei, faz saber a todos quantos o presente virem, ou dele conhecimento tiverem, que aderiu a licita\u00e7\u00e3o n\u00b0049\/2021 promovida pelo <strong>CONS\u00d3RCIO INTERMUNICIPAL DE ES\u00c9CIALIDADES- CIESP<\/strong>\u00a0 desenvolvida sob a modalidade de Preg\u00e3o n\u00b0010\/2021, desenvolvida sob o sistema de registro de pre\u00e7os . Por conta da referida ades\u00e3o, foi firmado o contrato ATA 075\/2021\u00a0 tendo como partes o munic\u00edpio DESCOBERTO e a empresa \u00a0AUGUSTO PNEUS EIRELI, no valor de R$47.384,40, cuja \u00edntegra se encontra arquivada e a disposi\u00e7\u00e3o para consulta. Para conhecimento de todos os interessados, expediu-se o presente que ser\u00e1 afixado no lugar de costume, publicando-se na forma da lei. DESCOBERTO, dia 23 de junho de 2021.<\/p>\n","protected":false},"excerpt":{"rendered":"<p>AVISO DE ADES\u00c3O A LICITA\u00c7\u00c3O &#8211; &#8220;CARONA&#8221; Licita\u00e7\u00e3o n\u00b0 020\/2021 Termo de Ades\u00e3o a Licita\u00e7\u00e3o O Munic\u00edpio de DESCOBERTO, na forma da lei, faz saber a todos quantos o presente virem, ou dele conhecimento tiverem, que aderiu a licita\u00e7\u00e3o n\u00b0049\/2021 promovida pelo CONS\u00d3RCIO INTERMUNICIPAL DE ES\u00c9CIALIDADES- CIESP\u00a0 desenvolvida sob a modalidade de Preg\u00e3o n\u00b0010\/2021, desenvolvida [&hellip;]<\/p>\n","protected":false},"author":96,"featured_media":0,"comment_status":"closed","ping_status":"closed","sticky":false,"template":"","format":"standard","meta":{"footnotes":""},"categories":[307],"tags":[],"class_list":["post-184559","post","type-post","status-publish","format-standard","hentry","category-editais"],"_links":{"self":[{"href":"https:\/\/diarioregionaldigital.com.br\/index.php?rest_route=\/wp\/v2\/posts\/184559","targetHints":{"allow":["GET"]}}],"collection":[{"href":"https:\/\/diarioregionaldigital.com.br\/index.php?rest_route=\/wp\/v2\/posts"}],"about":[{"href":"https:\/\/diarioregionaldigital.com.br\/index.php?rest_route=\/wp\/v2\/types\/post"}],"author":[{"embeddable":true,"href":"https:\/\/diarioregionaldigital.com.br\/index.php?rest_route=\/wp\/v2\/users\/96"}],"replies":[{"embeddable":true,"href":"https:\/\/diarioregionaldigital.com.br\/index.php?rest_route=%2Fwp%2Fv2%2Fcomments&post=184559"}],"version-history":[{"count":4,"href":"https:\/\/diarioregionaldigital.com.br\/index.php?rest_route=\/wp\/v2\/posts\/184559\/revisions"}],"predecessor-version":[{"id":184563,"href":"https:\/\/diarioregionaldigital.com.br\/index.php?rest_route=\/wp\/v2\/posts\/184559\/revisions\/184563"}],"wp:attachment":[{"href":"https:\/\/diarioregionaldigital.com.br\/index.php?rest_route=%2Fwp%2Fv2%2Fmedia&parent=184559"}],"wp:term":[{"taxonomy":"category","embeddable":true,"href":"https:\/\/diarioregionaldigital.com.br\/index.php?rest_route=%2Fwp%2Fv2%2Fcategories&post=184559"},{"taxonomy":"post_tag","embeddable":true,"href":"https:\/\/diarioregionaldigital.com.br\/index.php?rest_route=%2Fwp%2Fv2%2Ftags&post=184559"}],"curies":[{"name":"wp","href":"https:\/\/api.w.org\/{rel}","templated":true}]}}