{"id":184556,"date":"2021-06-29T06:00:11","date_gmt":"2021-06-29T09:00:11","guid":{"rendered":"https:\/\/diarioregionaldigital.com.br\/?p=184556"},"modified":"2021-06-28T22:16:34","modified_gmt":"2021-06-29T01:16:34","slug":"inverno","status":"publish","type":"post","link":"https:\/\/diarioregionaldigital.com.br\/?p=184556","title":{"rendered":"Inverno"},"content":{"rendered":"<p style=\"text-align: center;\"><strong>Natureza<\/strong><\/p>\n<p style=\"text-align: center;\">Em comemora\u00e7\u00e3o ao Dia Mundial do Meio Ambiente, no dia 5 de junho, a Sesmaur realizou a\u00e7\u00e3o no Parque da Lajinha distribuindo 300 mudas de plantas nativas, al\u00e9m de arrecada\u00e7\u00e3o de 130 quilos de alimentos e uma cesta b\u00e1sica tamb\u00e9m doados para campanha Juiz de Fora Solid\u00e1ria.<\/p>\n<p style=\"text-align: center;\"><strong>Inverno<\/strong><\/p>\n<p style=\"text-align: center;\">O friozinho come\u00e7a a dar o ar da gra\u00e7a e os fondues viram um programa saboroso para se fazer em casa. Para as v\u00e1rias vers\u00f5es a Alaska Frios na Mister Moore tem tudo para se fazer um fondue deliciosos e as frutas do Rei das Frutas no Mercado Municipal completam a fina mesa.<\/p>\n<p style=\"text-align: center;\"><strong>Novidade<\/strong><\/p>\n<p style=\"text-align: center;\">Saudade de um bolo de casamento? Famosa por seus docinhos lindos e deliciosos, a Louzieh Doces, lan\u00e7ou uma linha de bolos, daqueles recheados com v\u00e1rios camadas e, claro, bem decorados. Tem de baunilha com damasco, baba de mo\u00e7a, nozes, coco e ameixa. A fatia sai por R$23.<\/p>\n<p style=\"text-align: center;\"><strong>CPI<\/strong><\/p>\n<p style=\"text-align: center;\">Em momento delicado, est\u00e1 nas m\u00e3os do presidente da Assembleia, Agostinho Patrus, um requerimento com 27 assinaturas propondo a abertura de uma Comiss\u00e3o Parlamentar de Inqu\u00e9rito para investigar poss\u00edveis irregularidades na gest\u00e3o da Cemig.<\/p>\n<div id=\"attachment_184549\" style=\"width: 690px\" class=\"wp-caption aligncenter\"><img loading=\"lazy\" decoding=\"async\" aria-describedby=\"caption-attachment-184549\" class=\"wp-image-184549\" src=\"https:\/\/diarioregionaldigital.com.br\/wp-content\/uploads\/2021\/06\/fotoa-6-e1624928915866.jpg\" alt=\"\" width=\"680\" height=\"455\" srcset=\"https:\/\/diarioregionaldigital.com.br\/wp-content\/uploads\/2021\/06\/fotoa-6-e1624928915866.jpg 1827w, https:\/\/diarioregionaldigital.com.br\/wp-content\/uploads\/2021\/06\/fotoa-6-e1624928915866-300x201.jpg 300w, https:\/\/diarioregionaldigital.com.br\/wp-content\/uploads\/2021\/06\/fotoa-6-e1624928915866-1024x685.jpg 1024w, https:\/\/diarioregionaldigital.com.br\/wp-content\/uploads\/2021\/06\/fotoa-6-e1624928915866-768x514.jpg 768w, https:\/\/diarioregionaldigital.com.br\/wp-content\/uploads\/2021\/06\/fotoa-6-e1624928915866-1536x1028.jpg 1536w, https:\/\/diarioregionaldigital.com.br\/wp-content\/uploads\/2021\/06\/fotoa-6-e1624928915866-360x241.jpg 360w\" sizes=\"auto, (max-width: 680px) 100vw, 680px\" \/><p id=\"caption-attachment-184549\" class=\"wp-caption-text\">Pr\u00eamio \u201cOs Melhores de 2021\u201d, com a Souza Gomes Im\u00f3veis, com Victor, Norma e Diogo Souza Gomes<\/p><\/div>\n<div id=\"attachment_184550\" style=\"width: 690px\" class=\"wp-caption aligncenter\"><img loading=\"lazy\" decoding=\"async\" aria-describedby=\"caption-attachment-184550\" class=\"wp-image-184550\" src=\"https:\/\/diarioregionaldigital.com.br\/wp-content\/uploads\/2021\/06\/fotob-13-e1624928947394.jpg\" alt=\"\" width=\"680\" height=\"520\" srcset=\"https:\/\/diarioregionaldigital.com.br\/wp-content\/uploads\/2021\/06\/fotob-13-e1624928947394.jpg 335w, https:\/\/diarioregionaldigital.com.br\/wp-content\/uploads\/2021\/06\/fotob-13-e1624928947394-300x229.jpg 300w\" sizes=\"auto, (max-width: 680px) 100vw, 680px\" \/><p id=\"caption-attachment-184550\" class=\"wp-caption-text\">Enfeitando a coluna hoje a bela Juliana Firmino<\/p><\/div>\n<div id=\"attachment_184551\" style=\"width: 690px\" class=\"wp-caption aligncenter\"><img loading=\"lazy\" decoding=\"async\" aria-describedby=\"caption-attachment-184551\" class=\"wp-image-184551\" src=\"https:\/\/diarioregionaldigital.com.br\/wp-content\/uploads\/2021\/06\/fotoc-19-e1624928975696.jpg\" alt=\"\" width=\"680\" height=\"505\" srcset=\"https:\/\/diarioregionaldigital.com.br\/wp-content\/uploads\/2021\/06\/fotoc-19-e1624928975696.jpg 512w, https:\/\/diarioregionaldigital.com.br\/wp-content\/uploads\/2021\/06\/fotoc-19-e1624928975696-300x223.jpg 300w, https:\/\/diarioregionaldigital.com.br\/wp-content\/uploads\/2021\/06\/fotoc-19-e1624928975696-360x267.jpg 360w\" sizes=\"auto, (max-width: 680px) 100vw, 680px\" \/><p id=\"caption-attachment-184551\" class=\"wp-caption-text\">Aniversariando Len\u00edlson Fonseca com a amiga Erika Beire<\/p><\/div>\n<div id=\"attachment_184553\" style=\"width: 690px\" class=\"wp-caption aligncenter\"><img loading=\"lazy\" decoding=\"async\" aria-describedby=\"caption-attachment-184553\" class=\"wp-image-184553\" src=\"https:\/\/diarioregionaldigital.com.br\/wp-content\/uploads\/2021\/06\/fotoe-14-e1624929025287.jpg\" alt=\"\" width=\"680\" height=\"443\" srcset=\"https:\/\/diarioregionaldigital.com.br\/wp-content\/uploads\/2021\/06\/fotoe-14-e1624929025287.jpg 514w, https:\/\/diarioregionaldigital.com.br\/wp-content\/uploads\/2021\/06\/fotoe-14-e1624929025287-300x196.jpg 300w, https:\/\/diarioregionaldigital.com.br\/wp-content\/uploads\/2021\/06\/fotoe-14-e1624929025287-360x235.jpg 360w\" sizes=\"auto, (max-width: 680px) 100vw, 680px\" \/><p id=\"caption-attachment-184553\" class=\"wp-caption-text\">Lindos e felizes em Penedo Mazuquiele Afonso e Tathiane Alves<\/p><\/div>\n<div id=\"attachment_184554\" style=\"width: 690px\" class=\"wp-caption aligncenter\"><img loading=\"lazy\" decoding=\"async\" aria-describedby=\"caption-attachment-184554\" class=\"wp-image-184554\" src=\"https:\/\/diarioregionaldigital.com.br\/wp-content\/uploads\/2021\/06\/fotof-15.jpg\" alt=\"\" width=\"680\" height=\"484\" srcset=\"https:\/\/diarioregionaldigital.com.br\/wp-content\/uploads\/2021\/06\/fotof-15.jpg 720w, https:\/\/diarioregionaldigital.com.br\/wp-content\/uploads\/2021\/06\/fotof-15-300x213.jpg 300w, https:\/\/diarioregionaldigital.com.br\/wp-content\/uploads\/2021\/06\/fotof-15-360x256.jpg 360w, https:\/\/diarioregionaldigital.com.br\/wp-content\/uploads\/2021\/06\/fotof-15-100x70.jpg 100w\" sizes=\"auto, (max-width: 680px) 100vw, 680px\" \/><p id=\"caption-attachment-184554\" class=\"wp-caption-text\">Na Assunta, a jornalista Fernanda Sanglard e seu pai, Jorge Sanglard<\/p><\/div>\n<div id=\"attachment_184555\" style=\"width: 690px\" class=\"wp-caption aligncenter\"><img loading=\"lazy\" decoding=\"async\" aria-describedby=\"caption-attachment-184555\" class=\"wp-image-184555\" src=\"https:\/\/diarioregionaldigital.com.br\/wp-content\/uploads\/2021\/06\/fotog-e1624929053515.jpeg\" alt=\"\" width=\"680\" height=\"488\" srcset=\"https:\/\/diarioregionaldigital.com.br\/wp-content\/uploads\/2021\/06\/fotog-e1624929053515.jpeg 709w, https:\/\/diarioregionaldigital.com.br\/wp-content\/uploads\/2021\/06\/fotog-e1624929053515-300x215.jpeg 300w, https:\/\/diarioregionaldigital.com.br\/wp-content\/uploads\/2021\/06\/fotog-e1624929053515-360x258.jpeg 360w\" sizes=\"auto, (max-width: 680px) 100vw, 680px\" \/><p id=\"caption-attachment-184555\" class=\"wp-caption-text\">No Jardim Gl\u00f3ria, V\u00f4 Tonho e a bela neta Iasmin Nascimento<\/p><\/div>\n<div id=\"attachment_184552\" style=\"width: 690px\" class=\"wp-caption aligncenter\"><img loading=\"lazy\" decoding=\"async\" aria-describedby=\"caption-attachment-184552\" class=\"wp-image-184552\" src=\"https:\/\/diarioregionaldigital.com.br\/wp-content\/uploads\/2021\/06\/fotod-14-e1624929004777.jpg\" alt=\"\" width=\"680\" height=\"462\" srcset=\"https:\/\/diarioregionaldigital.com.br\/wp-content\/uploads\/2021\/06\/fotod-14-e1624929004777.jpg 651w, https:\/\/diarioregionaldigital.com.br\/wp-content\/uploads\/2021\/06\/fotod-14-e1624929004777-300x204.jpg 300w, https:\/\/diarioregionaldigital.com.br\/wp-content\/uploads\/2021\/06\/fotod-14-e1624929004777-360x244.jpg 360w\" sizes=\"auto, (max-width: 680px) 100vw, 680px\" \/><p id=\"caption-attachment-184552\" class=\"wp-caption-text\">Em S\u00e3o Pedro, os glamourosos: Fabr\u00edcio Almeida, \u00darsula Scavolini, Mauro Lipp e Jorge J\u00fanior<\/p><\/div>\n<p style=\"text-align: center;\"><strong>FOTOSS\u00cdNTESE<\/strong><\/p>\n<p>Em boa hora, o Coletivo Cinefanon promoveu oficina de jornalismo comunit\u00e1rio no Bairro Dom Bosco para incentivar adolescentes a transformar a realidade do local.<\/p>\n<p>No encontro com diretor-geral do Hospital S\u00edrio Liban\u00eas (SP), Fernando Ganem, o Diretor superintendente do Hospital Monte Sinei, Jos\u00e9 Mariano de Moraes, teve tamb\u00e9m a presen\u00e7a do ex-diretor Paulo Chapchap, que agora \u00e9 coordenador de grupo de transplante de f\u00edgado do hospital.<\/p>\n<p>Eterno Rei do R\u00e1dio, o cantor e compositor Carlos Fernandes Cunha lan\u00e7ou \u201cDo caminho novo \u00e0 velha avenida\u201d, m\u00fasica de trabalho de EP em homenagem ao grande Armando Aguiar, o Mam\u00e3o.<\/p>\n<p>Contabilizando sucesso, Aline Rochedo Pachamama e Marcos Apoema Pusi com o livre ind\u00edgena \u201cMorukah Puky\u201d, publicado em portugu\u00eas e na l\u00edngua Puri.<\/p>\n<p>O Sabin Sinai \u00e9 uma das 20 operadoras selecionadas pela Ag\u00eancia Nacional de Sa\u00fade Suplementar (ANS), para participar de Projeto Cuidado Integral \u00e1 Sa\u00fade.<\/p>\n<p>Jovem e competente, a m\u00e9dica \u2013 dermatologista La\u00eds Vieira se destaca com seu atendimento na Cl\u00ednica Lana.<\/p>\n<p>Com faixa laranja, foi reaberto o Parque da Lajinha.<\/p>\n<p>Conte\u00fado: \u201cEm busca do sentido, enxergar um significado maior na vida aproxima o tema da espiritualidade do mundo do trabalho\u201d (M\u00e1rio S\u00e9rgio Cortella). Bom dia.<\/p>\n<p><img loading=\"lazy\" decoding=\"async\" class=\"aligncenter size-full wp-image-184557\" src=\"https:\/\/diarioregionaldigital.com.br\/wp-content\/uploads\/2021\/06\/anuncio36-scaled.jpg\" alt=\"\" width=\"2560\" height=\"953\" srcset=\"https:\/\/diarioregionaldigital.com.br\/wp-content\/uploads\/2021\/06\/anuncio36-scaled.jpg 2560w, https:\/\/diarioregionaldigital.com.br\/wp-content\/uploads\/2021\/06\/anuncio36-300x112.jpg 300w, https:\/\/diarioregionaldigital.com.br\/wp-content\/uploads\/2021\/06\/anuncio36-1024x381.jpg 1024w, https:\/\/diarioregionaldigital.com.br\/wp-content\/uploads\/2021\/06\/anuncio36-768x286.jpg 768w, https:\/\/diarioregionaldigital.com.br\/wp-content\/uploads\/2021\/06\/anuncio36-1536x572.jpg 1536w, https:\/\/diarioregionaldigital.com.br\/wp-content\/uploads\/2021\/06\/anuncio36-2048x762.jpg 2048w, https:\/\/diarioregionaldigital.com.br\/wp-content\/uploads\/2021\/06\/anuncio36-360x134.jpg 360w\" sizes=\"auto, (max-width: 2560px) 100vw, 2560px\" \/><\/p>\n","protected":false},"excerpt":{"rendered":"<p>Natureza Em comemora\u00e7\u00e3o ao Dia Mundial do Meio Ambiente, no dia 5 de junho, a Sesmaur realizou a\u00e7\u00e3o no Parque da Lajinha distribuindo 300 mudas de plantas nativas, al\u00e9m de arrecada\u00e7\u00e3o de 130 quilos de alimentos e uma cesta b\u00e1sica tamb\u00e9m doados para campanha Juiz de Fora Solid\u00e1ria. Inverno O friozinho come\u00e7a a dar o [&hellip;]<\/p>\n","protected":false},"author":253,"featured_media":184549,"comment_status":"closed","ping_status":"closed","sticky":false,"template":"","format":"standard","meta":{"footnotes":""},"categories":[264],"tags":[],"class_list":["post-184556","post","type-post","status-publish","format-standard","has-post-thumbnail","hentry","category-eduardo-gomes"],"_links":{"self":[{"href":"https:\/\/diarioregionaldigital.com.br\/index.php?rest_route=\/wp\/v2\/posts\/184556","targetHints":{"allow":["GET"]}}],"collection":[{"href":"https:\/\/diarioregionaldigital.com.br\/index.php?rest_route=\/wp\/v2\/posts"}],"about":[{"href":"https:\/\/diarioregionaldigital.com.br\/index.php?rest_route=\/wp\/v2\/types\/post"}],"author":[{"embeddable":true,"href":"https:\/\/diarioregionaldigital.com.br\/index.php?rest_route=\/wp\/v2\/users\/253"}],"replies":[{"embeddable":true,"href":"https:\/\/diarioregionaldigital.com.br\/index.php?rest_route=%2Fwp%2Fv2%2Fcomments&post=184556"}],"version-history":[{"count":2,"href":"https:\/\/diarioregionaldigital.com.br\/index.php?rest_route=\/wp\/v2\/posts\/184556\/revisions"}],"predecessor-version":[{"id":184567,"href":"https:\/\/diarioregionaldigital.com.br\/index.php?rest_route=\/wp\/v2\/posts\/184556\/revisions\/184567"}],"wp:featuredmedia":[{"embeddable":true,"href":"https:\/\/diarioregionaldigital.com.br\/index.php?rest_route=\/wp\/v2\/media\/184549"}],"wp:attachment":[{"href":"https:\/\/diarioregionaldigital.com.br\/index.php?rest_route=%2Fwp%2Fv2%2Fmedia&parent=184556"}],"wp:term":[{"taxonomy":"category","embeddable":true,"href":"https:\/\/diarioregionaldigital.com.br\/index.php?rest_route=%2Fwp%2Fv2%2Fcategories&post=184556"},{"taxonomy":"post_tag","embeddable":true,"href":"https:\/\/diarioregionaldigital.com.br\/index.php?rest_route=%2Fwp%2Fv2%2Ftags&post=184556"}],"curies":[{"name":"wp","href":"https:\/\/api.w.org\/{rel}","templated":true}]}}