{"id":184546,"date":"2021-06-28T18:51:08","date_gmt":"2021-06-28T21:51:08","guid":{"rendered":"https:\/\/diarioregionaldigital.com.br\/?p=184546"},"modified":"2021-06-28T18:51:08","modified_gmt":"2021-06-28T21:51:08","slug":"policia-militar-prende-autor-de-roubo-acontecido-na-praca-do-benfica-e-recupera-aparelho-celular-da-vitima","status":"publish","type":"post","link":"https:\/\/diarioregionaldigital.com.br\/?p=184546","title":{"rendered":"Pol\u00edcia Militar prende autor de roubo acontecido na Pra\u00e7a do Benfica e recupera aparelho celular da v\u00edtima"},"content":{"rendered":"<p>No domingo, 27jun21 por volta das 22h23min, a Pol\u00edcia Militar foi acionada via COPOM a comparecer na Pra\u00e7a Jeremias Garcia no bairro Benfica para atendimento a um homem de 30 anos v\u00edtima de roubo. Segundo relato, a v\u00edtima foi abordada pelo autor, um homem de 32 anos j\u00e1 conhecido no meio policial pela pr\u00e1tica do crime. O autor deu um chute no rosto da v\u00edtima, que mesmo tentando fugir foi perseguida e agredida v\u00e1rias vezes. O autor roubou o telefone celular e fugiu tomando rumo ignorado. A Pol\u00edcia Militar realizou intenso rastreamento e o autor foi localizado e detido, correndo pela Avenida Sime\u00e3o de Faria no bairro Santa Cruz. O telefone celular roubado foi recuperado. Tudo foi encaminhado \u00e0 Delegacia.<\/p>\n","protected":false},"excerpt":{"rendered":"<p>No domingo, 27jun21 por volta das 22h23min, a Pol\u00edcia Militar foi acionada via COPOM a comparecer na Pra\u00e7a Jeremias Garcia no bairro Benfica para atendimento a um homem de 30 anos v\u00edtima de roubo. Segundo relato, a v\u00edtima foi abordada pelo autor, um homem de 32 anos j\u00e1 conhecido no meio policial pela pr\u00e1tica do [&hellip;]<\/p>\n","protected":false},"author":246,"featured_media":184547,"comment_status":"closed","ping_status":"closed","sticky":false,"template":"","format":"standard","meta":{"footnotes":""},"categories":[301,1229,439],"tags":[],"class_list":["post-184546","post","type-post","status-publish","format-standard","has-post-thumbnail","hentry","category-artigos-policiais","category-policial","category-ultima-hora"],"_links":{"self":[{"href":"https:\/\/diarioregionaldigital.com.br\/index.php?rest_route=\/wp\/v2\/posts\/184546","targetHints":{"allow":["GET"]}}],"collection":[{"href":"https:\/\/diarioregionaldigital.com.br\/index.php?rest_route=\/wp\/v2\/posts"}],"about":[{"href":"https:\/\/diarioregionaldigital.com.br\/index.php?rest_route=\/wp\/v2\/types\/post"}],"author":[{"embeddable":true,"href":"https:\/\/diarioregionaldigital.com.br\/index.php?rest_route=\/wp\/v2\/users\/246"}],"replies":[{"embeddable":true,"href":"https:\/\/diarioregionaldigital.com.br\/index.php?rest_route=%2Fwp%2Fv2%2Fcomments&post=184546"}],"version-history":[{"count":1,"href":"https:\/\/diarioregionaldigital.com.br\/index.php?rest_route=\/wp\/v2\/posts\/184546\/revisions"}],"predecessor-version":[{"id":184548,"href":"https:\/\/diarioregionaldigital.com.br\/index.php?rest_route=\/wp\/v2\/posts\/184546\/revisions\/184548"}],"wp:featuredmedia":[{"embeddable":true,"href":"https:\/\/diarioregionaldigital.com.br\/index.php?rest_route=\/wp\/v2\/media\/184547"}],"wp:attachment":[{"href":"https:\/\/diarioregionaldigital.com.br\/index.php?rest_route=%2Fwp%2Fv2%2Fmedia&parent=184546"}],"wp:term":[{"taxonomy":"category","embeddable":true,"href":"https:\/\/diarioregionaldigital.com.br\/index.php?rest_route=%2Fwp%2Fv2%2Fcategories&post=184546"},{"taxonomy":"post_tag","embeddable":true,"href":"https:\/\/diarioregionaldigital.com.br\/index.php?rest_route=%2Fwp%2Fv2%2Ftags&post=184546"}],"curies":[{"name":"wp","href":"https:\/\/api.w.org\/{rel}","templated":true}]}}