{"id":184542,"date":"2021-06-28T18:48:43","date_gmt":"2021-06-28T21:48:43","guid":{"rendered":"https:\/\/diarioregionaldigital.com.br\/?p=184542"},"modified":"2021-06-28T18:48:43","modified_gmt":"2021-06-28T21:48:43","slug":"policia-militar-prende-autor-de-duas-tentativas-de-roubo-consecutivas-no-bairro-costa-carvalho-e-recupera-motocicleta-que-havia-sido-furtada-anteriormente-no-bairro-santa-luzia","status":"publish","type":"post","link":"https:\/\/diarioregionaldigital.com.br\/?p=184542","title":{"rendered":"Pol\u00edcia Militar prende autor de duas tentativas de roubo consecutivas no bairro Costa Carvalho e recupera motocicleta que havia sido furtada anteriormente no bairro Santa Luzia"},"content":{"rendered":"<p>Na noite de domingo,\u00a0 27jun21 por volta das 21h05min, durante o patrulhamento da Pol\u00edcia Militar pela Avenida Sete de Setembro no bairro Costa Carvalho, um motoboy de 26 anos informou aos policiais que havia acabado de ser abordado por um indiv\u00edduo que estava em uma motocicleta e simulando estar armado, anunciou o roubo mas n\u00e3o teve \u00eaxito na a\u00e7\u00e3o criminosa e fugiu. Durante o rastreamento os militares depararam com o autor, um homem de 22 anos, tentando assaltar uma v\u00edtima, homem de 49 anos. A a\u00e7\u00e3o do autor foi interrompida com a chegada da Pol\u00edcia Militar. A motocicleta usada pelo autor, uma Yamaha YBR Factor de cor azul, havia sido furtada h\u00e1 menos de 01 hora no bairro Santa Luzia e a v\u00edtima encontrava-se registrando o fato na sede da PM no mesmo bairro. O autor foi preso em flagrante delito e a motocicleta removida. Tudo foi encaminhado \u00e0 Delegacia.<\/p>\n","protected":false},"excerpt":{"rendered":"<p>Na noite de domingo,\u00a0 27jun21 por volta das 21h05min, durante o patrulhamento da Pol\u00edcia Militar pela Avenida Sete de Setembro no bairro Costa Carvalho, um motoboy de 26 anos informou aos policiais que havia acabado de ser abordado por um indiv\u00edduo que estava em uma motocicleta e simulando estar armado, anunciou o roubo mas n\u00e3o [&hellip;]<\/p>\n","protected":false},"author":246,"featured_media":184543,"comment_status":"closed","ping_status":"closed","sticky":false,"template":"","format":"standard","meta":{"footnotes":""},"categories":[301,1229,439],"tags":[],"class_list":["post-184542","post","type-post","status-publish","format-standard","has-post-thumbnail","hentry","category-artigos-policiais","category-policial","category-ultima-hora"],"_links":{"self":[{"href":"https:\/\/diarioregionaldigital.com.br\/index.php?rest_route=\/wp\/v2\/posts\/184542","targetHints":{"allow":["GET"]}}],"collection":[{"href":"https:\/\/diarioregionaldigital.com.br\/index.php?rest_route=\/wp\/v2\/posts"}],"about":[{"href":"https:\/\/diarioregionaldigital.com.br\/index.php?rest_route=\/wp\/v2\/types\/post"}],"author":[{"embeddable":true,"href":"https:\/\/diarioregionaldigital.com.br\/index.php?rest_route=\/wp\/v2\/users\/246"}],"replies":[{"embeddable":true,"href":"https:\/\/diarioregionaldigital.com.br\/index.php?rest_route=%2Fwp%2Fv2%2Fcomments&post=184542"}],"version-history":[{"count":2,"href":"https:\/\/diarioregionaldigital.com.br\/index.php?rest_route=\/wp\/v2\/posts\/184542\/revisions"}],"predecessor-version":[{"id":184545,"href":"https:\/\/diarioregionaldigital.com.br\/index.php?rest_route=\/wp\/v2\/posts\/184542\/revisions\/184545"}],"wp:featuredmedia":[{"embeddable":true,"href":"https:\/\/diarioregionaldigital.com.br\/index.php?rest_route=\/wp\/v2\/media\/184543"}],"wp:attachment":[{"href":"https:\/\/diarioregionaldigital.com.br\/index.php?rest_route=%2Fwp%2Fv2%2Fmedia&parent=184542"}],"wp:term":[{"taxonomy":"category","embeddable":true,"href":"https:\/\/diarioregionaldigital.com.br\/index.php?rest_route=%2Fwp%2Fv2%2Fcategories&post=184542"},{"taxonomy":"post_tag","embeddable":true,"href":"https:\/\/diarioregionaldigital.com.br\/index.php?rest_route=%2Fwp%2Fv2%2Ftags&post=184542"}],"curies":[{"name":"wp","href":"https:\/\/api.w.org\/{rel}","templated":true}]}}