{"id":184539,"date":"2021-06-28T18:26:06","date_gmt":"2021-06-28T21:26:06","guid":{"rendered":"https:\/\/diarioregionaldigital.com.br\/?p=184539"},"modified":"2021-06-28T18:26:06","modified_gmt":"2021-06-28T21:26:06","slug":"nesta-terca-29-o-museu-mariano-procopio-distribuira-120-mudas-de-planta","status":"publish","type":"post","link":"https:\/\/diarioregionaldigital.com.br\/?p=184539","title":{"rendered":"Nesta ter\u00e7a, 29, o Museu Mariano Proc\u00f3pio distribuir\u00e1 120 mudas de planta"},"content":{"rendered":"<p>Nesta ter\u00e7a-feira, 29, a partir das 10h, cerca de 120 mudas de esp\u00e9cies diversas ser\u00e3o distribu\u00eddas gratuitamente no Museu Mariano Proc\u00f3pio. A a\u00e7\u00e3o \u00e9 parte da programa\u00e7\u00e3o comemorativa do centen\u00e1rio do equipamento urbano, inaugurado em 23 de junho de 1921. Os interessados podem retirar as mudas no port\u00e3o da Rua Mariano Proc\u00f3pio, atendendo todas as regras do protocolo sanit\u00e1rio de conten\u00e7\u00e3o da Covid-19, como uso de m\u00e1scara e distanciamento social.<\/p>\n<p>Conforme o funcion\u00e1rio do Departamento de Parque e Edifica\u00e7\u00f5es (Dpae) do museu, Ulisses Lenz, entre as esp\u00e9cies de mudas que ser\u00e3o ofertadas est\u00e3o: suculentas, dracena vermelha, sing\u00f4nio, grama pelo de urso e ant\u00fario. Cada pessoa ter\u00e1 direito de escolher uma planta.<\/p>\n<p>Segundo informa\u00e7\u00f5es do site da Prefeitura de Juiz de Fora, o Museu mant\u00e9m um viveiro pr\u00f3prio, onde cultiva algumas das esp\u00e9cies de plantas encontradas em seu jardim hist\u00f3rico. Periodicamente, a equipe promove doa\u00e7\u00e3o de mudas, sempre registrando grande demanda da popula\u00e7\u00e3o.<\/p>\n","protected":false},"excerpt":{"rendered":"<p>Nesta ter\u00e7a-feira, 29, a partir das 10h, cerca de 120 mudas de esp\u00e9cies diversas ser\u00e3o distribu\u00eddas gratuitamente no Museu Mariano Proc\u00f3pio. A a\u00e7\u00e3o \u00e9 parte da programa\u00e7\u00e3o comemorativa do centen\u00e1rio do equipamento urbano, inaugurado em 23 de junho de 1921. Os interessados podem retirar as mudas no port\u00e3o da Rua Mariano Proc\u00f3pio, atendendo todas as [&hellip;]<\/p>\n","protected":false},"author":246,"featured_media":184540,"comment_status":"closed","ping_status":"closed","sticky":false,"template":"","format":"standard","meta":{"footnotes":""},"categories":[253,440,439],"tags":[],"class_list":["post-184539","post","type-post","status-publish","format-standard","has-post-thumbnail","hentry","category-cidade","category-destaques-do-dia","category-ultima-hora"],"_links":{"self":[{"href":"https:\/\/diarioregionaldigital.com.br\/index.php?rest_route=\/wp\/v2\/posts\/184539","targetHints":{"allow":["GET"]}}],"collection":[{"href":"https:\/\/diarioregionaldigital.com.br\/index.php?rest_route=\/wp\/v2\/posts"}],"about":[{"href":"https:\/\/diarioregionaldigital.com.br\/index.php?rest_route=\/wp\/v2\/types\/post"}],"author":[{"embeddable":true,"href":"https:\/\/diarioregionaldigital.com.br\/index.php?rest_route=\/wp\/v2\/users\/246"}],"replies":[{"embeddable":true,"href":"https:\/\/diarioregionaldigital.com.br\/index.php?rest_route=%2Fwp%2Fv2%2Fcomments&post=184539"}],"version-history":[{"count":1,"href":"https:\/\/diarioregionaldigital.com.br\/index.php?rest_route=\/wp\/v2\/posts\/184539\/revisions"}],"predecessor-version":[{"id":184541,"href":"https:\/\/diarioregionaldigital.com.br\/index.php?rest_route=\/wp\/v2\/posts\/184539\/revisions\/184541"}],"wp:featuredmedia":[{"embeddable":true,"href":"https:\/\/diarioregionaldigital.com.br\/index.php?rest_route=\/wp\/v2\/media\/184540"}],"wp:attachment":[{"href":"https:\/\/diarioregionaldigital.com.br\/index.php?rest_route=%2Fwp%2Fv2%2Fmedia&parent=184539"}],"wp:term":[{"taxonomy":"category","embeddable":true,"href":"https:\/\/diarioregionaldigital.com.br\/index.php?rest_route=%2Fwp%2Fv2%2Fcategories&post=184539"},{"taxonomy":"post_tag","embeddable":true,"href":"https:\/\/diarioregionaldigital.com.br\/index.php?rest_route=%2Fwp%2Fv2%2Ftags&post=184539"}],"curies":[{"name":"wp","href":"https:\/\/api.w.org\/{rel}","templated":true}]}}