{"id":184529,"date":"2021-06-28T17:58:50","date_gmt":"2021-06-28T20:58:50","guid":{"rendered":"https:\/\/diarioregionaldigital.com.br\/?p=184529"},"modified":"2021-06-28T17:58:50","modified_gmt":"2021-06-28T20:58:50","slug":"plano-de-desenvolvimento-sustentavel-e-inclusivo-de-juiz-de-fora-e-apresentado-pela-pjf","status":"publish","type":"post","link":"https:\/\/diarioregionaldigital.com.br\/?p=184529","title":{"rendered":"Plano de Desenvolvimento Sustent\u00e1vel e Inclusivo de Juiz de Fora \u00e9 apresentado pela PJF"},"content":{"rendered":"<p>Nesta ter\u00e7a-feira, 29, ser\u00e1 apresentado pela Prefeitura de Juiz de Fora (PJF), por meio das secretarias da Fazenda (SF) e de Desenvolvimento Sustent\u00e1vel e Inclusivo, da Inova\u00e7\u00e3o e Sustentabilidade (Sedic) o Plano de Desenvolvimento Sustent\u00e1vel e Inclusivo de Juiz de Fora. O evento ser\u00e1 realizado a partir das 19h, no Teatro Paschoal Carlos Magno, na Rua Gilberto de Alencar, 1, no Centro, e contar\u00e1 com a presen\u00e7a da prefeita Margarida Salom\u00e3o, secret\u00e1rios municipais, entidades empresariais e imprensa. A popula\u00e7\u00e3o pode acompanhar o encontro, ao vivo, no perfil oficial da Prefeitura, no <a href=\"https:\/\/www.instagram.com\/prefeiturajuizdefora\/\"><b>Instagram<\/b><\/a>\u00a0e\u00a0<a href=\"https:\/\/www.facebook.com\/JuizdeForaPJF\"><b>Facebook<\/b><\/a>.<\/p>\n<p>Segundo informa\u00e7\u00f5es do site da Prefeitura de Juiz de Fora, o secret\u00e1rio de Desenvolvimento, Ignacio Delgado, explica que o plano \u00e9 \u201cum roteiro para identifica\u00e7\u00e3o das potencialidades existentes na cidade, para que consiga consolidar as atividades que hoje j\u00e1 t\u00eam relev\u00e2ncia na economia local, bem como o capital humano e capacidade de pesquisa que disp\u00f5e, alinhando-as com a germina\u00e7\u00e3o e atra\u00e7\u00e3o de novos empreendimentos em Juiz de Fora, que favore\u00e7am a transforma\u00e7\u00e3o de sua estrutura produtiva e uma articula\u00e7\u00e3o mais intensa com a economia regional.\u201d<\/p>\n<p>O Plano envolve, basicamente, cinco perspectivas b\u00e1sicas: 1) a cria\u00e7\u00e3o de um ambiente de neg\u00f3cios mais amig\u00e1vel aos empreendedores, com processos de simplifica\u00e7\u00e3o de procedimentos e desburocratiza\u00e7\u00e3o; 2) a defini\u00e7\u00e3o de miss\u00f5es estrat\u00e9gicas que permitam mapear e levar adiante atividades &#8220;portadoras de futuro&#8221;, mas que em Juiz de Fora, apesar de terem grande potencial, encontram-se em estado latente, como os segmentos produtivos do complexo industrial da sa\u00fade e o setor de novas energias; 3) a reinser\u00e7\u00e3o competitiva de setores tradicionais na cidade, como o t\u00eaxtil-confeccionista e o de alimentos; 4) o fortalecimento da economia solid\u00e1ria e da economia criativa; 5) a cria\u00e7\u00e3o de um Plano Geral de Incentivos, que estimule toda a economia local e regional, fixando metas e contrapartidas.<\/p>\n<p>Segundo a secret\u00e1ria da Fazenda, Fernando Finotti, a pasta apoiou a elabora\u00e7\u00e3o do Plano estudando poss\u00edveis benef\u00edcios fiscais, como isen\u00e7\u00e3o do Imposto Sobre Servi\u00e7os (ISS) e Imposto Predial e Territorial Urbano (IPTU), pensando em formas de estruturar os projetos que venham a se apresentar no munic\u00edpio, numa an\u00e1lise econ\u00f4mica e financeira. \u201cNosso objetivo com essas discuss\u00f5es \u00e9 conhecer, a partir das falas dos setores, como podemos ajudar a tornar um projeto vi\u00e1vel e com que elementos vamos trabalhar para viabilizar os projetos que t\u00eam interesse no munic\u00edpio e para o qual o nosso munic\u00edpio tem voca\u00e7\u00e3o\u201d, explica.<\/p>\n<p><b>Envolvimento da sociedade<\/b><\/p>\n<p>Para o secret\u00e1rio Ignacio Delgado, o Plano \u00e9 um guia para a a\u00e7\u00e3o e o debate, que s\u00f3 ter\u00e1 \u00eaxito se envolver toda a sociedade de Juiz de Fora e for conduzido em sintonia com ag\u00eancias de todas as esferas federativas, organismos e sujeitos locais, regionais, nacionais e internacionais. \u201cN\u00e3o \u00e9 um conjunto de f\u00f3rmulas prontas, nem um pacote de inten\u00e7\u00f5es ou medidas impositivas. \u00c9 um convite para Juiz de Fora refletir sobre sua trajet\u00f3ria e construir de forma compartilhada seu porvir. Um pacto entre as pessoas do presente, com ra\u00edzes em nossa hist\u00f3ria e com mira num futuro sustent\u00e1vel e inclusivo.\u201d<\/p>\n","protected":false},"excerpt":{"rendered":"<p>Nesta ter\u00e7a-feira, 29, ser\u00e1 apresentado pela Prefeitura de Juiz de Fora (PJF), por meio das secretarias da Fazenda (SF) e de Desenvolvimento Sustent\u00e1vel e Inclusivo, da Inova\u00e7\u00e3o e Sustentabilidade (Sedic) o Plano de Desenvolvimento Sustent\u00e1vel e Inclusivo de Juiz de Fora. O evento ser\u00e1 realizado a partir das 19h, no Teatro Paschoal Carlos Magno, na [&hellip;]<\/p>\n","protected":false},"author":246,"featured_media":184530,"comment_status":"closed","ping_status":"closed","sticky":false,"template":"","format":"standard","meta":{"footnotes":""},"categories":[253,436,439],"tags":[],"class_list":["post-184529","post","type-post","status-publish","format-standard","has-post-thumbnail","hentry","category-cidade","category-destaque-da-semana","category-ultima-hora"],"_links":{"self":[{"href":"https:\/\/diarioregionaldigital.com.br\/index.php?rest_route=\/wp\/v2\/posts\/184529","targetHints":{"allow":["GET"]}}],"collection":[{"href":"https:\/\/diarioregionaldigital.com.br\/index.php?rest_route=\/wp\/v2\/posts"}],"about":[{"href":"https:\/\/diarioregionaldigital.com.br\/index.php?rest_route=\/wp\/v2\/types\/post"}],"author":[{"embeddable":true,"href":"https:\/\/diarioregionaldigital.com.br\/index.php?rest_route=\/wp\/v2\/users\/246"}],"replies":[{"embeddable":true,"href":"https:\/\/diarioregionaldigital.com.br\/index.php?rest_route=%2Fwp%2Fv2%2Fcomments&post=184529"}],"version-history":[{"count":1,"href":"https:\/\/diarioregionaldigital.com.br\/index.php?rest_route=\/wp\/v2\/posts\/184529\/revisions"}],"predecessor-version":[{"id":184531,"href":"https:\/\/diarioregionaldigital.com.br\/index.php?rest_route=\/wp\/v2\/posts\/184529\/revisions\/184531"}],"wp:featuredmedia":[{"embeddable":true,"href":"https:\/\/diarioregionaldigital.com.br\/index.php?rest_route=\/wp\/v2\/media\/184530"}],"wp:attachment":[{"href":"https:\/\/diarioregionaldigital.com.br\/index.php?rest_route=%2Fwp%2Fv2%2Fmedia&parent=184529"}],"wp:term":[{"taxonomy":"category","embeddable":true,"href":"https:\/\/diarioregionaldigital.com.br\/index.php?rest_route=%2Fwp%2Fv2%2Fcategories&post=184529"},{"taxonomy":"post_tag","embeddable":true,"href":"https:\/\/diarioregionaldigital.com.br\/index.php?rest_route=%2Fwp%2Fv2%2Ftags&post=184529"}],"curies":[{"name":"wp","href":"https:\/\/api.w.org\/{rel}","templated":true}]}}