{"id":184526,"date":"2021-06-28T17:04:34","date_gmt":"2021-06-28T20:04:34","guid":{"rendered":"https:\/\/diarioregionaldigital.com.br\/?p=184526"},"modified":"2021-06-28T17:04:34","modified_gmt":"2021-06-28T20:04:34","slug":"selecao-conquista-a-liga-das-nacoes-e-renan-anuncia-os-12-que-vao-a-toquio","status":"publish","type":"post","link":"https:\/\/diarioregionaldigital.com.br\/?p=184526","title":{"rendered":"Sele\u00e7\u00e3o conquista a Liga das Na\u00e7\u00f5es e Renan anuncia os 12 que v\u00e3o a T\u00f3quio"},"content":{"rendered":"<p>A sele\u00e7\u00e3o masculina de v\u00f4lei \u00e9 campe\u00e3 da Liga das Na\u00e7\u00f5es. Neste domingo (27.06), o Brasil venceu, de virada, a Pol\u00f4nia por 3 sets a 1 (22\/25, 25\/23, 25\/16 e 25\/14), em Rimini, na It\u00e1lia. O t\u00edtulo coroou uma grande campanha do time, dono da melhor performance, com 15 vit\u00f3rias e duas derrotas. Foi o primeiro t\u00edtulo dos brasileiros na competi\u00e7\u00e3o e o d\u00e9cimo se o pa\u00eds contar os nove da Liga dos Campe\u00f5es, nome que a competi\u00e7\u00e3o similar tinha anteriormente.<\/p>\n<p>O oposto Wallace brilhou na decis\u00e3o e foi o maior pontuador da final, com 22 pontos. O atacante ainda foi eleito o melhor jogador da Liga das Na\u00e7\u00f5es e ficou com o pr\u00eamio de melhor oposto.<\/p>\n<p>\u201cEu sou parte de um time e fico feliz de contribuir e cumprir bem meu papel nesse grupo. \u00c9 o nosso primeiro t\u00edtulo da Liga Das Na\u00e7\u00f5es, o que me deixa ainda mais feliz. Hoje sacamos bem e o nosso passe funcionou, mesmo com o saque forte da Pol\u00f4nia. N\u00f3s tamb\u00e9m cometemos poucos erros e isso foi importante\u201d, disse Wallace.<\/p>\n<p>Al\u00e9m de Wallace, outros tr\u00eas brasileiros entraram na sele\u00e7\u00e3o da Liga das Na\u00e7\u00f5es. O central Maur\u00edcio Souza, o ponteiro Leal e o l\u00edbero Thales foram eleitos os melhores em suas posi\u00e7\u00f5es.<\/p>\n<p>O levantador e capit\u00e3o Bruninho destacou a for\u00e7a do grupo brasileiro ao longo de mais de 30 dias na bolha da Liga das Na\u00e7\u00f5es, em Rimini, na It\u00e1lia.<\/p>\n<p>\u201c\u00c9 uma sensa\u00e7\u00e3o incr\u00edvel. Esse m\u00eas foi dif\u00edcil, ficamos mais de 30 dias na bolha, algo novo para todos. Foi uma competi\u00e7\u00e3o de alto n\u00edvel e nosso time mereceu o t\u00edtulo. Espero que os brasileiros estejam orgulhosos de n\u00f3s. Agora vamos descansar por tr\u00eas dias e depois vamos pensar nos Jogos de T\u00f3quio\u201d, analisou.<\/p>\n<p>O treinador Renan, que se recupera de uma interna\u00e7\u00e3o por COVID-19, fez uma an\u00e1lise da participa\u00e7\u00e3o do Brasil na competi\u00e7\u00e3o. \u201cO Brasil fez uma campanha brilhante e sempre deixamos claro que era um processo de crescimento, que essa competi\u00e7\u00e3o faz parte de um processo, mas esse t\u00edtulo foi importante porque passamos por grandes prova\u00e7\u00f5es, principalmente na semifinal e na final, contra duas grandes sele\u00e7\u00f5es, e serviu para encorpar o time, dar mais maturidade. Estamos felizes, mas quinta-feira recome\u00e7amos com o p\u00e9 no ch\u00e3o, visando o grande objetivo, que s\u00e3o os Jogos de T\u00f3quio\u201d disse Renan.<\/p>\n<p><strong>Convoca\u00e7\u00e3o anunciada<\/strong><\/p>\n<p>Horas depois do jogo, Renan anunciou os 12 convocados para representar o Brasil nos Jogos Ol\u00edmpico de T\u00f3quio. Confira:<\/p>\n<p class=\"callout\"><strong>Levantadores<\/strong><br \/>\nBruninho<br \/>\nFernando Cachopa<\/p>\n<p class=\"callout\"><strong>Opostos<\/strong><br \/>\nWallace<br \/>\nAlan<\/p>\n<p class=\"callout\"><strong>Centrais<\/strong><br \/>\nLuc\u00e3o<br \/>\nMaur\u00edcio Souza<br \/>\nIsac<\/p>\n<p class=\"callout\"><strong>Ponteiros<\/strong><br \/>\nLucarelli<br \/>\nLeal<br \/>\nMaur\u00edcio Borges<br \/>\nDouglas<\/p>\n<p class=\"callout\"><strong>L\u00edbero<\/strong><br \/>\nThales<\/p>\n<p class=\"callout\"><strong>Campanha do Brasil na Liga das Na\u00e7\u00f5es<\/strong><\/p>\n<p class=\"callout\">28.05 \u2013 Brasil 3 x 0 Argentina (31\/29, 26\/24 e 25\/16)<br \/>\n29.05 \u2013 Brasil 3 x 0 Estados Unidos (25\/22, 25\/23 e 25\/19)<br \/>\n30.05 \u2013 Brasil 3 x 1 Canad\u00e1 (25\/17, 25\/20, 22\/25 e 27\/25)<br \/>\n03.06 \u2013 Brasil 0 x 3 Fran\u00e7a (37\/39, 18\/25 e 28\/30)<br \/>\n04.06 \u2013 Brasil 3 x 0 Jap\u00e3o (25\/20, 25\/16 e 25\/20)<br \/>\n05.06 \u2013 Brasil 3 x 1 S\u00e9rvia (23\/25, 25\/23, 25\/15 e 25\/22)<br \/>\n09.06 \u2013 Brasil 3 x 0 Holanda (25\/19, 25\/22 e 27\/25)<br \/>\n10.06 \u2013 Brasil 3 x 0 Bulg\u00e1ria (25\/16, 25\/22e 25\/12)<br \/>\n11.06 \u2013 Brasil 3 x 0 Pol\u00f4nia (25\/17, 28\/26 e 25\/19)<br \/>\n15.06 \u2013 Brasil 3 x 2 Eslov\u00eania (15\/25, 25\/22, 19\/25, 25\/13 e 15\/12)<br \/>\n16.06 \u2013 Brasil 3 x 1 Ir\u00e3 (25\/19, 23\/25, 25\/19 e 25\/21)<br \/>\n17.06 \u2013 Brasil 3 x 0 Austr\u00e1lia (25\/17, 25\/22 e 25\/12)<br \/>\n21.06 \u2013 Brasil 3 x 1 It\u00e1lia (25\/19, 32\/30, 22\/25 e 25\/20)<br \/>\n22.06 \u2013 Brasil 3 x 0 Alemanha (25\/21, 25\/21 e 25\/23)<br \/>\n23.06 \u2013 Brasil 0 x 3 R\u00fassia (21\/25, 26\/28 e 20\/25)<\/p>\n<p class=\"callout\"><strong>Semifinal<\/strong><br \/>\n26.06 \u2013 Brasil 3 x 0 Fran\u00e7a (25\/20, 25\/18 e 25\/19)<\/p>\n<p class=\"callout\"><strong>Final<\/strong><br \/>\n27.06 \u2013 Brasil 3 x 1 Pol\u00f4nia (22\/25, 25\/23, 25\/16 e 25\/14)<\/p>\n<p>Fonte: Confedera\u00e7\u00e3o Brasileira de V\u00f4lei<\/p>\n","protected":false},"excerpt":{"rendered":"<p>A sele\u00e7\u00e3o masculina de v\u00f4lei \u00e9 campe\u00e3 da Liga das Na\u00e7\u00f5es. Neste domingo (27.06), o Brasil venceu, de virada, a Pol\u00f4nia por 3 sets a 1 (22\/25, 25\/23, 25\/16 e 25\/14), em Rimini, na It\u00e1lia. O t\u00edtulo coroou uma grande campanha do time, dono da melhor performance, com 15 vit\u00f3rias e duas derrotas. Foi o [&hellip;]<\/p>\n","protected":false},"author":246,"featured_media":184527,"comment_status":"closed","ping_status":"closed","sticky":false,"template":"","format":"standard","meta":{"footnotes":""},"categories":[436,257,439],"tags":[],"class_list":["post-184526","post","type-post","status-publish","format-standard","has-post-thumbnail","hentry","category-destaque-da-semana","category-esporte","category-ultima-hora"],"_links":{"self":[{"href":"https:\/\/diarioregionaldigital.com.br\/index.php?rest_route=\/wp\/v2\/posts\/184526","targetHints":{"allow":["GET"]}}],"collection":[{"href":"https:\/\/diarioregionaldigital.com.br\/index.php?rest_route=\/wp\/v2\/posts"}],"about":[{"href":"https:\/\/diarioregionaldigital.com.br\/index.php?rest_route=\/wp\/v2\/types\/post"}],"author":[{"embeddable":true,"href":"https:\/\/diarioregionaldigital.com.br\/index.php?rest_route=\/wp\/v2\/users\/246"}],"replies":[{"embeddable":true,"href":"https:\/\/diarioregionaldigital.com.br\/index.php?rest_route=%2Fwp%2Fv2%2Fcomments&post=184526"}],"version-history":[{"count":1,"href":"https:\/\/diarioregionaldigital.com.br\/index.php?rest_route=\/wp\/v2\/posts\/184526\/revisions"}],"predecessor-version":[{"id":184528,"href":"https:\/\/diarioregionaldigital.com.br\/index.php?rest_route=\/wp\/v2\/posts\/184526\/revisions\/184528"}],"wp:featuredmedia":[{"embeddable":true,"href":"https:\/\/diarioregionaldigital.com.br\/index.php?rest_route=\/wp\/v2\/media\/184527"}],"wp:attachment":[{"href":"https:\/\/diarioregionaldigital.com.br\/index.php?rest_route=%2Fwp%2Fv2%2Fmedia&parent=184526"}],"wp:term":[{"taxonomy":"category","embeddable":true,"href":"https:\/\/diarioregionaldigital.com.br\/index.php?rest_route=%2Fwp%2Fv2%2Fcategories&post=184526"},{"taxonomy":"post_tag","embeddable":true,"href":"https:\/\/diarioregionaldigital.com.br\/index.php?rest_route=%2Fwp%2Fv2%2Ftags&post=184526"}],"curies":[{"name":"wp","href":"https:\/\/api.w.org\/{rel}","templated":true}]}}