{"id":184523,"date":"2021-06-28T17:00:18","date_gmt":"2021-06-28T20:00:18","guid":{"rendered":"https:\/\/diarioregionaldigital.com.br\/?p=184523"},"modified":"2021-06-28T17:00:18","modified_gmt":"2021-06-28T20:00:18","slug":"a-dois-meses-da-abertura-dos-jogos-paralimpicos-brasil-ajusta-logistica-e-prepara-aclimatacao-em-hamamatsu","status":"publish","type":"post","link":"https:\/\/diarioregionaldigital.com.br\/?p=184523","title":{"rendered":"A dois meses da abertura dos Jogos Paral\u00edmpicos, Brasil ajusta log\u00edstica e prepara aclimata\u00e7\u00e3o em Hamamatsu"},"content":{"rendered":"<p>A dois meses para a abertura dos Jogos Paral\u00edmpicos de T\u00f3quio, o Comit\u00ea Paral\u00edmpico Brasileiro (CPB) tem o desafio de finalizar os ajustes da mega log\u00edstica para a miss\u00e3o na capital japonesa. A cerim\u00f4nia de abertura est\u00e1 marcada para 24 de agosto e o encerramento para 5 de setembro.<\/p>\n<p>A estimativa \u00e9 de que a delega\u00e7\u00e3o brasileira seja composta por 230 atletas, sendo 150 homens e 80 mulheres, al\u00e9m de comiss\u00e3o t\u00e9cnica, m\u00e9dica e administrativa. O Comit\u00ea Paral\u00edmpico Brasileiro (CPB) estabeleceu como meta manter-se entre as dez principais pot\u00eancias do planeta nos Jogos Paral\u00edmpicos. O objetivo para T\u00f3quio 2020 \u00e9 ficar no top 10 no quadro geral de medalhas.<\/p>\n<p>A convoca\u00e7\u00e3o oficial dos integrantes da delega\u00e7\u00e3o para os Jogos Paral\u00edmpicos ser\u00e1 realizada at\u00e9 a primeira quinzena de julho. Devido ao fechamento dos rankings classificat\u00f3rios de algumas modalidades, desta vez a convoca\u00e7\u00e3o ser\u00e1 anunciada por partes.<\/p>\n<p>Ap\u00f3s a convoca\u00e7\u00e3o, um dos momentos mais aguardados pelos atletas \u00e9 a distribui\u00e7\u00e3o do enxoval que usar\u00e3o durante os Jogos. O kit contar\u00e1 com traje completo especial para o desfile de abertura, para a cerim\u00f4nia de premia\u00e7\u00e3o (p\u00f3dio), conjunto passeio com: moletom, camisas, bermudas\/shorts e casaco corta-vento. Al\u00e9m disso, cada esporte tem uniforme completo para competi\u00e7\u00e3o, de acordo com as especifica\u00e7\u00f5es da modalidade.<\/p>\n<p>Os trajes foram desenvolvidos pela pr\u00f3pria equipe de design do CPB e tiveram a acessibilidade como principal objetivo, sendo voltado para atender diretamente \u00e0s necessidades e particularidades das defici\u00eancias dos atletas paral\u00edmpicos.<\/p>\n<p>Embarque e aclimata\u00e7\u00e3o<\/p>\n<p>O embarque brasileiro iniciar\u00e1 na primeira semana de agosto para a aclimata\u00e7\u00e3o de 14 modalidades (atletismo, bocha, canoagem, futebol de 5, goalball, halterofilismo, jud\u00f4, nata\u00e7\u00e3o, parabadminton, remo, tiro com arco, t\u00eanis de mesa, t\u00eanis em cadeira de rodas e v\u00f4lei sentado) na cidade japonesa de Hamamatsu.<\/p>\n<p>L\u00e1, o Brasil utilizar\u00e1 cinco hot\u00e9is e 12 locais de treinamento, al\u00e9m de espa\u00e7o para fisioterapia, academia, escrit\u00f3rio administrativo. A cidade na prov\u00edncia de Shizuoka, 260km ao sul de T\u00f3quio, tem cerca de 790 mil habitantes. Hamamatsu abriga a maior col\u00f4nia brasileira no Jap\u00e3o, o que motivou o munic\u00edpio a interessar-se em receber a delega\u00e7\u00e3o nacional.<\/p>\n<p>Fonte: Comit\u00ea Paral\u00edmpico Brasileiro<\/p>\n<p>&nbsp;<\/p>\n","protected":false},"excerpt":{"rendered":"<p>A dois meses para a abertura dos Jogos Paral\u00edmpicos de T\u00f3quio, o Comit\u00ea Paral\u00edmpico Brasileiro (CPB) tem o desafio de finalizar os ajustes da mega log\u00edstica para a miss\u00e3o na capital japonesa. A cerim\u00f4nia de abertura est\u00e1 marcada para 24 de agosto e o encerramento para 5 de setembro. A estimativa \u00e9 de que a [&hellip;]<\/p>\n","protected":false},"author":246,"featured_media":184524,"comment_status":"closed","ping_status":"closed","sticky":false,"template":"","format":"standard","meta":{"footnotes":""},"categories":[436,257,439],"tags":[],"class_list":["post-184523","post","type-post","status-publish","format-standard","has-post-thumbnail","hentry","category-destaque-da-semana","category-esporte","category-ultima-hora"],"_links":{"self":[{"href":"https:\/\/diarioregionaldigital.com.br\/index.php?rest_route=\/wp\/v2\/posts\/184523","targetHints":{"allow":["GET"]}}],"collection":[{"href":"https:\/\/diarioregionaldigital.com.br\/index.php?rest_route=\/wp\/v2\/posts"}],"about":[{"href":"https:\/\/diarioregionaldigital.com.br\/index.php?rest_route=\/wp\/v2\/types\/post"}],"author":[{"embeddable":true,"href":"https:\/\/diarioregionaldigital.com.br\/index.php?rest_route=\/wp\/v2\/users\/246"}],"replies":[{"embeddable":true,"href":"https:\/\/diarioregionaldigital.com.br\/index.php?rest_route=%2Fwp%2Fv2%2Fcomments&post=184523"}],"version-history":[{"count":1,"href":"https:\/\/diarioregionaldigital.com.br\/index.php?rest_route=\/wp\/v2\/posts\/184523\/revisions"}],"predecessor-version":[{"id":184525,"href":"https:\/\/diarioregionaldigital.com.br\/index.php?rest_route=\/wp\/v2\/posts\/184523\/revisions\/184525"}],"wp:featuredmedia":[{"embeddable":true,"href":"https:\/\/diarioregionaldigital.com.br\/index.php?rest_route=\/wp\/v2\/media\/184524"}],"wp:attachment":[{"href":"https:\/\/diarioregionaldigital.com.br\/index.php?rest_route=%2Fwp%2Fv2%2Fmedia&parent=184523"}],"wp:term":[{"taxonomy":"category","embeddable":true,"href":"https:\/\/diarioregionaldigital.com.br\/index.php?rest_route=%2Fwp%2Fv2%2Fcategories&post=184523"},{"taxonomy":"post_tag","embeddable":true,"href":"https:\/\/diarioregionaldigital.com.br\/index.php?rest_route=%2Fwp%2Fv2%2Ftags&post=184523"}],"curies":[{"name":"wp","href":"https:\/\/api.w.org\/{rel}","templated":true}]}}