{"id":184520,"date":"2021-06-28T16:55:27","date_gmt":"2021-06-28T19:55:27","guid":{"rendered":"https:\/\/diarioregionaldigital.com.br\/?p=184520"},"modified":"2021-06-28T16:55:27","modified_gmt":"2021-06-28T19:55:27","slug":"david-freitas-marliane-santos-e-millena-franca-completam-a-equipe-brasileira-de-tenis-de-mesa-nos-jogos-paralimpicos","status":"publish","type":"post","link":"https:\/\/diarioregionaldigital.com.br\/?p=184520","title":{"rendered":"David Freitas, Marliane Santos e Millena Fran\u00e7a completam a equipe brasileira de t\u00eanis de mesa nos Jogos Paral\u00edmpicos"},"content":{"rendered":"<p>O t\u00eanis de mesa brasileiro ter\u00e1 mais tr\u00eas atletas nos Jogos Paral\u00edmpicos de T\u00f3quio. No in\u00edcio da tarde deste s\u00e1bado (26.06), a Federa\u00e7\u00e3o Internacional de T\u00eanis de Mesa (ITTF) confirmou a lista de convites para o torneio no Jap\u00e3o, com as presen\u00e7as de David Freitas (classe M3), Marliane Santos (F3) e Millena Fran\u00e7a (F7).<\/p>\n<p>Ao todo, a modalidade conseguiu 14 vagas nos Jogos Paral\u00edmpicos. Os primeiros classificados foram os vencedores individuais dos Jogos Parapan-Americanos, em Lima: Carlos Carbinatti (M10), Danielle Rauen (F9), Joyce Oliveira (F4), Luiz Filipe Manara (M8) e Paulo Salmin (M7).<\/p>\n<p>Posteriormente, mais cinco atletas conquistaram as vagas pelo ranking mundial: Bruna Alexandre (F10), C\u00e1tia Oliveira (F2), Israel Stroh (M7), Leth\u00edcia Lacerda (F8) e Welder Knaf (M3). Jennyfer Parinos (F9), por sua vez, ganhou a vaga na Seletiva Mundial, no in\u00edcio deste m\u00eas, na Eslov\u00eania.<\/p>\n<p>Millena Fran\u00e7a \u00e9 um dos jovens talentos do t\u00eanis de mesa paral\u00edmpico. Aos 24 anos, disputar\u00e1 a primeira Paralimp\u00edada e ocupa a 12\u00aa coloca\u00e7\u00e3o no ranking mundial da classe 7, sendo a terceira melhor das Am\u00e9ricas. \u201cEstou extremamente feliz pela confirma\u00e7\u00e3o da vaga, estou realizando um sonho\u201d, disse a atleta goiana.<\/p>\n<p>Os 14 atletas do t\u00eanis de mesa paral\u00edmpico classificados para T\u00f3quio (100%) s\u00e3o integrantes do Bolsa Atleta, programa de patroc\u00ednio individual do Governo Federal Brasileiro. Da lista de qualificados, oito fazem parte da categoria P\u00f3dio, a principal do Bolsa Atleta. Tr\u00eas s\u00e3o da categoria Ol\u00edmpica\/Paral\u00edmpica (Manara, Carbinatti e David Freitas), dois s\u00e3o da Internacional (Leth\u00edcia Lacerda e Marliane Santos) e Millena Fran\u00e7a pertence \u00e0 categoria Nacional.<\/p>\n<p>Marliane Santos \u00e9 outra estreante nos Jogos. Mineira de Comercinho, ela est\u00e1 em 23\u00b0 no ranking da classe 3 e conquistou a medalha de prata individual e ouro por equipes no Parapan de Lima. \u201cEstou vivendo um momento muito feliz na carreira. Confesso que estava ansiosa essas duas semanas, mas tinha em mente que, independentemente do resultado, eu ia continuar firme e me dedicando ao m\u00e1ximo. Estou muito feliz em saber que irei participar da Paralimp\u00edada. Estar l\u00e1, representando o Brasil, \u00e9 tudo que sempre quis\u201d, explicou Marliane.<\/p>\n<p>O mais experiente dos tr\u00eas \u00e9 o cearense David Freitas. Tem 43 anos, disputou os Jogos do Rio-2016 e j\u00e1 ganhou tr\u00eas medalhas de ouro e duas pratas em Parapans. \u201cEm tudo que fiz na vida, dei o meu melhor. Tudo na vida precisa ser dif\u00edcil para darmos valor e percebermos a import\u00e2ncia da competi\u00e7\u00e3o. Receber essa liga\u00e7\u00e3o me deixou muito feliz. Agora \u00e9 T\u00f3quio, foco total\u201d, comemorou David.<\/p>\n<p><strong>Treinos em S\u00e3o Paulo<\/strong><\/p>\n<p>A partir da pr\u00f3xima segunda-feira (28), os atletas que v\u00e3o disputar os Jogos Paral\u00edmpicos de T\u00f3quio realizam mais um per\u00edodo de treinos intensivos durante uma semana, no CT Paral\u00edmpico Brasileiro, em S\u00e3o Paulo. Este ser\u00e1 o terceiro per\u00edodo programado pela comiss\u00e3o t\u00e9cnica nesta temporada.<\/p>\n<p>Fonte: Confedera\u00e7\u00e3o Brasileira de T\u00eanis de Mesa (CBTM)<\/p>\n","protected":false},"excerpt":{"rendered":"<p>O t\u00eanis de mesa brasileiro ter\u00e1 mais tr\u00eas atletas nos Jogos Paral\u00edmpicos de T\u00f3quio. No in\u00edcio da tarde deste s\u00e1bado (26.06), a Federa\u00e7\u00e3o Internacional de T\u00eanis de Mesa (ITTF) confirmou a lista de convites para o torneio no Jap\u00e3o, com as presen\u00e7as de David Freitas (classe M3), Marliane Santos (F3) e Millena Fran\u00e7a (F7). Ao [&hellip;]<\/p>\n","protected":false},"author":246,"featured_media":184521,"comment_status":"closed","ping_status":"closed","sticky":false,"template":"","format":"standard","meta":{"footnotes":""},"categories":[436,257,439],"tags":[],"class_list":["post-184520","post","type-post","status-publish","format-standard","has-post-thumbnail","hentry","category-destaque-da-semana","category-esporte","category-ultima-hora"],"_links":{"self":[{"href":"https:\/\/diarioregionaldigital.com.br\/index.php?rest_route=\/wp\/v2\/posts\/184520","targetHints":{"allow":["GET"]}}],"collection":[{"href":"https:\/\/diarioregionaldigital.com.br\/index.php?rest_route=\/wp\/v2\/posts"}],"about":[{"href":"https:\/\/diarioregionaldigital.com.br\/index.php?rest_route=\/wp\/v2\/types\/post"}],"author":[{"embeddable":true,"href":"https:\/\/diarioregionaldigital.com.br\/index.php?rest_route=\/wp\/v2\/users\/246"}],"replies":[{"embeddable":true,"href":"https:\/\/diarioregionaldigital.com.br\/index.php?rest_route=%2Fwp%2Fv2%2Fcomments&post=184520"}],"version-history":[{"count":1,"href":"https:\/\/diarioregionaldigital.com.br\/index.php?rest_route=\/wp\/v2\/posts\/184520\/revisions"}],"predecessor-version":[{"id":184522,"href":"https:\/\/diarioregionaldigital.com.br\/index.php?rest_route=\/wp\/v2\/posts\/184520\/revisions\/184522"}],"wp:featuredmedia":[{"embeddable":true,"href":"https:\/\/diarioregionaldigital.com.br\/index.php?rest_route=\/wp\/v2\/media\/184521"}],"wp:attachment":[{"href":"https:\/\/diarioregionaldigital.com.br\/index.php?rest_route=%2Fwp%2Fv2%2Fmedia&parent=184520"}],"wp:term":[{"taxonomy":"category","embeddable":true,"href":"https:\/\/diarioregionaldigital.com.br\/index.php?rest_route=%2Fwp%2Fv2%2Fcategories&post=184520"},{"taxonomy":"post_tag","embeddable":true,"href":"https:\/\/diarioregionaldigital.com.br\/index.php?rest_route=%2Fwp%2Fv2%2Ftags&post=184520"}],"curies":[{"name":"wp","href":"https:\/\/api.w.org\/{rel}","templated":true}]}}