{"id":184517,"date":"2021-06-28T16:52:09","date_gmt":"2021-06-28T19:52:09","guid":{"rendered":"https:\/\/diarioregionaldigital.com.br\/?p=184517"},"modified":"2021-06-28T16:52:09","modified_gmt":"2021-06-28T19:52:09","slug":"jose-roberto-guimaraes-define-lista-oficial-do-volei-feminino-em-toquio","status":"publish","type":"post","link":"https:\/\/diarioregionaldigital.com.br\/?p=184517","title":{"rendered":"Jos\u00e9 Roberto Guimar\u00e3es define lista oficial do v\u00f4lei feminino em T\u00f3quio"},"content":{"rendered":"<p>O treinador Jos\u00e9 Roberto Guimar\u00e3es divulgou, neste s\u00e1bado (26.06), a lista das 12 jogadoras convocadas para os Jogos de T\u00f3quio.\u00a0<strong><a class=\"internal-link\" title=\"\" href=\"http:\/\/rededoesporte.gov.br\/pt-br\/noticias\/selecao-feminina-de-volei-fica-com-a-prata-na-liga-das-nacoes\" target=\"_self\" rel=\"noopener\">Ap\u00f3s a conquista da medalha de prata na Liga das Na\u00e7\u00f5es<\/a><\/strong>\u00a0na \u00faltima sexta-feira (25.06), o t\u00e9cnico tricampe\u00e3o ol\u00edmpico definiu o grupo que representar\u00e1 o Brasil no Jap\u00e3o.<\/p>\n<p>Foram convocadas as levantadoras Macris e Roberta, a oposta Tandara, a oposta\/ponteira Rosamaria, as ponteiras Nat\u00e1lia, Fernanda Garay, Gabi e Ana Cristina, as centrais Carol Gattaz, Carol e Bia e a l\u00edbero Camila Brait. O time retorna da It\u00e1lia ainda neste s\u00e1bado (26.06) e se reapresentar\u00e1 na pr\u00f3xima quarta-feira (30.06) em S\u00e3o Paulo.<\/p>\n<p>Na decis\u00e3o da Liga das Na\u00e7\u00f5es, o Brasil foi superado pelos Estados Unidos por 3 sets a 1 (26\/28, 25\/23, 25\/23 e 25\/21), em Rimini, na It\u00e1lia. As brasileiras terminaram a competi\u00e7\u00e3o, com 14 vit\u00f3rias e tr\u00eas resultados negativos.\u00a0A sele\u00e7\u00e3o da Liga das Na\u00e7\u00f5es contou com tr\u00eas brasileiras. A oposta Tandara, a ponteira Gabi e a central Carol Gattaz entraram na equipe do campeonato nas suas respectivas posi\u00e7\u00f5es.<\/p>\n<p>Dos nomes que estavam no torneio, Aden\u00edzia, Sheilla, Dani Lins, Nyeme, Lorenne, e Mayany n\u00e3o foram selecionadas.<\/p>\n<p><strong>Local de competi\u00e7\u00e3o<\/strong><\/p>\n<p>Na capital japonesa, as competi\u00e7\u00f5es do v\u00f4lei ser\u00e3o entre o dia 24 de julho e 8 de agosto. As partidas ser\u00e3o disputadas na Arena Ariake, na regi\u00e3o da Ba\u00eda de T\u00f3quio, com capacidade para 15 mil torcedores. Em fun\u00e7\u00e3o dos protocolos sanit\u00e1rios diante da Covid-19, a organiza\u00e7\u00e3o dos Jogos determinou que o p\u00fablico m\u00e1ximo no evento ser\u00e1 de at\u00e9 dez mil atletas.<\/p>\n<p>O design da arena \u00e9 ic\u00f4nico, com um teto c\u00f4ncavo desenhado para minimizar a necessidade de ilumina\u00e7\u00e3o e de uso do ar-condicionado. A estrutura \u00e9 dotada de pain\u00e9is de capta\u00e7\u00e3o de energia solar e equipamentos de aquecimento geotermal para reduzir as pegadas de carbono geradas pela constru\u00e7\u00e3o do gin\u00e1sio.<\/p>\n<p>Volta \u00e0s origens<\/p>\n<p>O torneio de v\u00f4lei ol\u00edmpico ter\u00e1 12 sele\u00e7\u00f5es no masculino e no feminino. Ser\u00e3o 16 dias de competi\u00e7\u00e3o. A final masculina ser\u00e1 em 7 de agosto e a feminina, no dia 8.<\/p>\n<p>A competi\u00e7\u00e3o ter\u00e1 uma dose de nostalgia, j\u00e1 que a inclus\u00e3o do esporte no programa ol\u00edmpico ocorreu na edi\u00e7\u00e3o de 1964, tamb\u00e9m disputada em T\u00f3quio. Naquela ocasi\u00e3o, a sele\u00e7\u00e3o japonesa levou o bronze no masculino e o ouro no feminino.<\/p>\n<p>Rivais definidos<\/p>\n<p>As sele\u00e7\u00f5es j\u00e1 conhecem os advers\u00e1rios da primeira fase. No feminino, a equipe comandada pelo treinador Jos\u00e9 Roberto Guimar\u00e3es estar\u00e1 no Grupo A, ao lado de S\u00e9rvia, Jap\u00e3o, Coreia do Sul, Rep\u00fablica Dominicana e Qu\u00eania. O Grupo B ter\u00e1 China, Estados Unidos, R\u00fassia, It\u00e1lia, Argentina e Turquia. A estreia ser\u00e1 contra a Coreia do Sul, no dia 25 de julho.<\/p>\n<p>No masculino, o time liderado pelo t\u00e9cnico Renan Dal Zotto far\u00e1 parte do Grupo B, ao lado de Estados Unidos, R\u00fassia, Argentina, Fran\u00e7a e Tun\u00edsia. A chave A tem Jap\u00e3o, Pol\u00f4nia, It\u00e1lia, Canad\u00e1, Ir\u00e3 e Venezuela. O Brasil estreia contra a Tun\u00edsia, no dia 24.<\/p>\n<p>Pelo regulamento, as sele\u00e7\u00f5es se enfrentam dentro dos respectivos grupos em turno \u00fanico e as quatro mais bem colocadas em cada chave passam para as quartas de final. O primeiro enfrenta o quarto colocado e o segundo pega o terceiro.<\/p>\n<p><strong>CONVOCADAS<\/strong><\/p>\n<p>Levantadoras<br \/>\nMacris<br \/>\nRoberta<\/p>\n<p>Opostas<br \/>\nTandara<br \/>\nRosamaria<\/p>\n<p>Ponteiras<br \/>\nNat\u00e1lia<br \/>\nFernanda Garay<br \/>\nGabi<br \/>\nAna Cristina<\/p>\n<p>Centrais<br \/>\nCarol Gattaz<br \/>\nCarol<br \/>\nBia<\/p>\n<p>L\u00edbero<br \/>\nCamila Brait<\/p>\n<p>Fonte: Rededoesporte \/ Confedera\u00e7\u00e3o Brasileira de V\u00f4lei<\/p>\n<p>&nbsp;<\/p>\n","protected":false},"excerpt":{"rendered":"<p>O treinador Jos\u00e9 Roberto Guimar\u00e3es divulgou, neste s\u00e1bado (26.06), a lista das 12 jogadoras convocadas para os Jogos de T\u00f3quio.\u00a0Ap\u00f3s a conquista da medalha de prata na Liga das Na\u00e7\u00f5es\u00a0na \u00faltima sexta-feira (25.06), o t\u00e9cnico tricampe\u00e3o ol\u00edmpico definiu o grupo que representar\u00e1 o Brasil no Jap\u00e3o. Foram convocadas as levantadoras Macris e Roberta, a oposta [&hellip;]<\/p>\n","protected":false},"author":246,"featured_media":184518,"comment_status":"closed","ping_status":"closed","sticky":false,"template":"","format":"standard","meta":{"footnotes":""},"categories":[436,257,439],"tags":[],"class_list":["post-184517","post","type-post","status-publish","format-standard","has-post-thumbnail","hentry","category-destaque-da-semana","category-esporte","category-ultima-hora"],"_links":{"self":[{"href":"https:\/\/diarioregionaldigital.com.br\/index.php?rest_route=\/wp\/v2\/posts\/184517","targetHints":{"allow":["GET"]}}],"collection":[{"href":"https:\/\/diarioregionaldigital.com.br\/index.php?rest_route=\/wp\/v2\/posts"}],"about":[{"href":"https:\/\/diarioregionaldigital.com.br\/index.php?rest_route=\/wp\/v2\/types\/post"}],"author":[{"embeddable":true,"href":"https:\/\/diarioregionaldigital.com.br\/index.php?rest_route=\/wp\/v2\/users\/246"}],"replies":[{"embeddable":true,"href":"https:\/\/diarioregionaldigital.com.br\/index.php?rest_route=%2Fwp%2Fv2%2Fcomments&post=184517"}],"version-history":[{"count":1,"href":"https:\/\/diarioregionaldigital.com.br\/index.php?rest_route=\/wp\/v2\/posts\/184517\/revisions"}],"predecessor-version":[{"id":184519,"href":"https:\/\/diarioregionaldigital.com.br\/index.php?rest_route=\/wp\/v2\/posts\/184517\/revisions\/184519"}],"wp:featuredmedia":[{"embeddable":true,"href":"https:\/\/diarioregionaldigital.com.br\/index.php?rest_route=\/wp\/v2\/media\/184518"}],"wp:attachment":[{"href":"https:\/\/diarioregionaldigital.com.br\/index.php?rest_route=%2Fwp%2Fv2%2Fmedia&parent=184517"}],"wp:term":[{"taxonomy":"category","embeddable":true,"href":"https:\/\/diarioregionaldigital.com.br\/index.php?rest_route=%2Fwp%2Fv2%2Fcategories&post=184517"},{"taxonomy":"post_tag","embeddable":true,"href":"https:\/\/diarioregionaldigital.com.br\/index.php?rest_route=%2Fwp%2Fv2%2Ftags&post=184517"}],"curies":[{"name":"wp","href":"https:\/\/api.w.org\/{rel}","templated":true}]}}