{"id":184514,"date":"2021-06-28T16:46:40","date_gmt":"2021-06-28T19:46:40","guid":{"rendered":"https:\/\/diarioregionaldigital.com.br\/?p=184514"},"modified":"2021-06-28T16:46:40","modified_gmt":"2021-06-28T19:46:40","slug":"minas-gerais-tem-novo-prazo-para-exigencia-do-crlv","status":"publish","type":"post","link":"https:\/\/diarioregionaldigital.com.br\/?p=184514","title":{"rendered":"Minas Gerais tem novo prazo para exig\u00eancia do CRLV"},"content":{"rendered":"<p>O\u00a0<a href=\"http:\/\/www.mg.gov.br\/\" target=\"_blank\" rel=\"noopener\">Governo de Minas<\/a>\u00a0ampliou a validade do Certificado de Registro e Licenciamento de Ve\u00edculos (CRLV) de 2019 \u00a0 at\u00e9 \u00a031 de dezembro deste ano. A medida, publicada no\u00a0s\u00e1bado (26\/6), est\u00e1 de acordo com a publica\u00e7\u00e3o do Decreto Estadual \u00a0n\u00b0 48.205, de 15 de junho de 2021, que trata da prorroga\u00e7\u00e3o da vig\u00eancia no estado de calamidade p\u00fablica em decorr\u00eancia da pandemia de covid-19. Antes, a exig\u00eancia do documento referente ao ano 2020 estava prevista \u00a0para 1\u00b0 de julho. A prorroga\u00e7\u00e3o do prazo visa reduzir os reflexos do atual momento de sa\u00fade p\u00fablica, que tamb\u00e9m afetou a economia.<\/p>\n<p>Durante as fiscaliza\u00e7\u00f5es de tr\u00e2nsito, o motorista poder\u00e1 apresentar o CRLV \u00a0em papel comum ou no formato digital dispon\u00edvel no aplicativo Carteira Digital de Tr\u00e2nsito (CDT). O porte do CRLV poder\u00e1 ser dispensado, caso o agente possa consultar o sistema do\u00a0<a href=\"http:\/\/www.detran.mg.gov.br\/\" target=\"_blank\" rel=\"noopener\">Departamento de Tr\u00e2nsito de Minas Gerais (Detran-MG)<\/a>\u00a0para verificar se ve\u00edculo est\u00e1 licenciado.<\/p>\n<p>Os propriet\u00e1rios de ve\u00edculos\u00a0 que ainda n\u00e3o possuem o CRLV de 2019 devem ficar atentos, porque circular \u00a0sem o documento de licenciamento\u00a0gera multa no valor de R$\u00a0293,47, sete pontos na habilita\u00e7\u00e3o e \u00a0remo\u00e7\u00e3o do\u00a0ve\u00edculo\u00a0\u00a0para um p\u00e1tio at\u00e9 \u00a0a regulariza\u00e7\u00e3o. No site\u00a0<a id=\"LPlnk867741\" href=\"http:\/\/www.detran.mg.gov.br\/\">www.detran.mg.gov.br<\/a>\u00a0o motorista poder\u00e1 verificar se h\u00e1 d\u00e9bitos do IPVA, seguro obrigat\u00f3rio, Taxa de Renova\u00e7\u00e3o do Licenciamento Anual do Ve\u00edculo, eventuais multas ou procedimentos\u00a0administrativos que impedem a emiss\u00e3o do CRLV.<\/p>\n<p><b>IPVA\u00a0<\/b><\/p>\n<p>Embora o prazo para a \u00a0exig\u00eancia do CRLV 2020 tenha sido prorrogado, e o\u00a0documento de 2021 n\u00e3o tenha prazo determinado para ser exigido, os propriet\u00e1rios de ve\u00edculos ainda \u00a0devem ficar atentos \u00e0s pend\u00eancias do IPVA e Taxa de Licenciamento.<\/p>\n<p>Os prazos para pagamento dos tributos de 2021 terminaram em mar\u00e7o, e o atraso no pagamento resulta em multas e juros, al\u00e9m de inscri\u00e7\u00e3o em d\u00edvida ativa e protesto cartorial.<\/p>\n<p><span style=\"font-weight: 400;\">Fonte: Ag\u00eancia Minas<\/span><\/p>\n","protected":false},"excerpt":{"rendered":"<p>O\u00a0Governo de Minas\u00a0ampliou a validade do Certificado de Registro e Licenciamento de Ve\u00edculos (CRLV) de 2019 \u00a0 at\u00e9 \u00a031 de dezembro deste ano. A medida, publicada no\u00a0s\u00e1bado (26\/6), est\u00e1 de acordo com a publica\u00e7\u00e3o do Decreto Estadual \u00a0n\u00b0 48.205, de 15 de junho de 2021, que trata da prorroga\u00e7\u00e3o da vig\u00eancia no estado de calamidade [&hellip;]<\/p>\n","protected":false},"author":246,"featured_media":184515,"comment_status":"closed","ping_status":"closed","sticky":false,"template":"","format":"standard","meta":{"footnotes":""},"categories":[436,254,439],"tags":[],"class_list":["post-184514","post","type-post","status-publish","format-standard","has-post-thumbnail","hentry","category-destaque-da-semana","category-politica","category-ultima-hora"],"_links":{"self":[{"href":"https:\/\/diarioregionaldigital.com.br\/index.php?rest_route=\/wp\/v2\/posts\/184514","targetHints":{"allow":["GET"]}}],"collection":[{"href":"https:\/\/diarioregionaldigital.com.br\/index.php?rest_route=\/wp\/v2\/posts"}],"about":[{"href":"https:\/\/diarioregionaldigital.com.br\/index.php?rest_route=\/wp\/v2\/types\/post"}],"author":[{"embeddable":true,"href":"https:\/\/diarioregionaldigital.com.br\/index.php?rest_route=\/wp\/v2\/users\/246"}],"replies":[{"embeddable":true,"href":"https:\/\/diarioregionaldigital.com.br\/index.php?rest_route=%2Fwp%2Fv2%2Fcomments&post=184514"}],"version-history":[{"count":1,"href":"https:\/\/diarioregionaldigital.com.br\/index.php?rest_route=\/wp\/v2\/posts\/184514\/revisions"}],"predecessor-version":[{"id":184516,"href":"https:\/\/diarioregionaldigital.com.br\/index.php?rest_route=\/wp\/v2\/posts\/184514\/revisions\/184516"}],"wp:featuredmedia":[{"embeddable":true,"href":"https:\/\/diarioregionaldigital.com.br\/index.php?rest_route=\/wp\/v2\/media\/184515"}],"wp:attachment":[{"href":"https:\/\/diarioregionaldigital.com.br\/index.php?rest_route=%2Fwp%2Fv2%2Fmedia&parent=184514"}],"wp:term":[{"taxonomy":"category","embeddable":true,"href":"https:\/\/diarioregionaldigital.com.br\/index.php?rest_route=%2Fwp%2Fv2%2Fcategories&post=184514"},{"taxonomy":"post_tag","embeddable":true,"href":"https:\/\/diarioregionaldigital.com.br\/index.php?rest_route=%2Fwp%2Fv2%2Ftags&post=184514"}],"curies":[{"name":"wp","href":"https:\/\/api.w.org\/{rel}","templated":true}]}}