{"id":184491,"date":"2021-06-27T06:00:40","date_gmt":"2021-06-27T09:00:40","guid":{"rendered":"https:\/\/diarioregionaldigital.com.br\/?p=184491"},"modified":"2021-06-26T00:28:43","modified_gmt":"2021-06-26T03:28:43","slug":"literatura","status":"publish","type":"post","link":"https:\/\/diarioregionaldigital.com.br\/?p=184491","title":{"rendered":"Literatura"},"content":{"rendered":"<p style=\"text-align: center;\"><strong>Jovens<\/strong><\/p>\n<p style=\"text-align: center;\">Os principais motivos que levam jovens a interromper os estudos s\u00e3o financeiros (21% e dificuldades com ensino remoto (14%). A pesquisa foi feita pelo Conselho Nacional da Juventude.<\/p>\n<p style=\"text-align: center;\"><strong>Literatura<\/strong><\/p>\n<p style=\"text-align: center;\">Com muita sensibilidade, a professora e psic\u00f3loga Adriana Gamelas lan\u00e7ou seu primeiro livro \u201cA menina com cheiro de alecrim\u201d, ilustrado por Weder Meirelles. O trabalho lindo \u00e9 dedicado ao pai j\u00e1 falecido.<\/p>\n<p style=\"text-align: center;\"><strong>Aumenta o Som<\/strong><\/p>\n<p style=\"text-align: center;\">Com vers\u00e3o totalmente virtual, o JF Rock idealizado pelo m\u00fasico Luqui di Falco arrasou no YouTube com o programa \u201cPor tr\u00e1s de tudo\u201d. O projeto esta em sua 15\u00aa edi\u00e7\u00e3o.<\/p>\n<p style=\"text-align: center;\"><strong>O Estrelado<\/strong><\/p>\n<p style=\"text-align: center;\">Brilhando nos palcos do Rio de Janeiro o talentosos Jeycow Ferraz foi entrevistado por Xandy Novak, onde dublador, apresentador e Mr.OK deu um show de criatividade para a Revista do Villa.<\/p>\n<div id=\"attachment_184481\" style=\"width: 690px\" class=\"wp-caption aligncenter\"><img loading=\"lazy\" decoding=\"async\" aria-describedby=\"caption-attachment-184481\" class=\"wp-image-184481\" src=\"https:\/\/diarioregionaldigital.com.br\/wp-content\/uploads\/2021\/06\/fotoa-11-e1624677728118.jpeg\" alt=\"\" width=\"680\" height=\"501\" srcset=\"https:\/\/diarioregionaldigital.com.br\/wp-content\/uploads\/2021\/06\/fotoa-11-e1624677728118.jpeg 1164w, https:\/\/diarioregionaldigital.com.br\/wp-content\/uploads\/2021\/06\/fotoa-11-e1624677728118-300x221.jpeg 300w, https:\/\/diarioregionaldigital.com.br\/wp-content\/uploads\/2021\/06\/fotoa-11-e1624677728118-1024x754.jpeg 1024w, https:\/\/diarioregionaldigital.com.br\/wp-content\/uploads\/2021\/06\/fotoa-11-e1624677728118-768x565.jpeg 768w, https:\/\/diarioregionaldigital.com.br\/wp-content\/uploads\/2021\/06\/fotoa-11-e1624677728118-360x265.jpeg 360w\" sizes=\"auto, (max-width: 680px) 100vw, 680px\" \/><p id=\"caption-attachment-184481\" class=\"wp-caption-text\">Pr\u00eamio \u201cMelhores de 2021\u201d na Literatura com Maria Aparecida Rezende Lacerda<\/p><\/div>\n<div id=\"attachment_184482\" style=\"width: 690px\" class=\"wp-caption aligncenter\"><img loading=\"lazy\" decoding=\"async\" aria-describedby=\"caption-attachment-184482\" class=\"wp-image-184482\" src=\"https:\/\/diarioregionaldigital.com.br\/wp-content\/uploads\/2021\/06\/fotob-12-e1624677748727.jpg\" alt=\"\" width=\"680\" height=\"470\" srcset=\"https:\/\/diarioregionaldigital.com.br\/wp-content\/uploads\/2021\/06\/fotob-12-e1624677748727.jpg 1034w, https:\/\/diarioregionaldigital.com.br\/wp-content\/uploads\/2021\/06\/fotob-12-e1624677748727-300x207.jpg 300w, https:\/\/diarioregionaldigital.com.br\/wp-content\/uploads\/2021\/06\/fotob-12-e1624677748727-1024x708.jpg 1024w, https:\/\/diarioregionaldigital.com.br\/wp-content\/uploads\/2021\/06\/fotob-12-e1624677748727-768x531.jpg 768w, https:\/\/diarioregionaldigital.com.br\/wp-content\/uploads\/2021\/06\/fotob-12-e1624677748727-360x249.jpg 360w, https:\/\/diarioregionaldigital.com.br\/wp-content\/uploads\/2021\/06\/fotob-12-e1624677748727-100x70.jpg 100w\" sizes=\"auto, (max-width: 680px) 100vw, 680px\" \/><p id=\"caption-attachment-184482\" class=\"wp-caption-text\">No Rio de Janeiro, J\u00f4 Oliveira e Jeycow Ferraz em brinde especial no Leblon<\/p><\/div>\n<div id=\"attachment_184483\" style=\"width: 690px\" class=\"wp-caption aligncenter\"><img loading=\"lazy\" decoding=\"async\" aria-describedby=\"caption-attachment-184483\" class=\"wp-image-184483\" src=\"https:\/\/diarioregionaldigital.com.br\/wp-content\/uploads\/2021\/06\/fotoc-18-e1624677794928.jpg\" alt=\"\" width=\"680\" height=\"488\" srcset=\"https:\/\/diarioregionaldigital.com.br\/wp-content\/uploads\/2021\/06\/fotoc-18-e1624677794928.jpg 640w, https:\/\/diarioregionaldigital.com.br\/wp-content\/uploads\/2021\/06\/fotoc-18-e1624677794928-300x215.jpg 300w, https:\/\/diarioregionaldigital.com.br\/wp-content\/uploads\/2021\/06\/fotoc-18-e1624677794928-360x258.jpg 360w\" sizes=\"auto, (max-width: 680px) 100vw, 680px\" \/><p id=\"caption-attachment-184483\" class=\"wp-caption-text\">Em destaque o renomado fot\u00f3grafo Jonhny Pio<\/p><\/div>\n<div id=\"attachment_184484\" style=\"width: 690px\" class=\"wp-caption aligncenter\"><img loading=\"lazy\" decoding=\"async\" aria-describedby=\"caption-attachment-184484\" class=\"wp-image-184484\" src=\"https:\/\/diarioregionaldigital.com.br\/wp-content\/uploads\/2021\/06\/fotod-13-e1624677771109.jpg\" alt=\"\" width=\"680\" height=\"512\" srcset=\"https:\/\/diarioregionaldigital.com.br\/wp-content\/uploads\/2021\/06\/fotod-13-e1624677771109.jpg 640w, https:\/\/diarioregionaldigital.com.br\/wp-content\/uploads\/2021\/06\/fotod-13-e1624677771109-300x226.jpg 300w, https:\/\/diarioregionaldigital.com.br\/wp-content\/uploads\/2021\/06\/fotod-13-e1624677771109-360x271.jpg 360w\" sizes=\"auto, (max-width: 680px) 100vw, 680px\" \/><p id=\"caption-attachment-184484\" class=\"wp-caption-text\">Um sopro de luz nesta pandemia na bonita Ingrid Og Duayer<\/p><\/div>\n<div id=\"attachment_184485\" style=\"width: 690px\" class=\"wp-caption aligncenter\"><img loading=\"lazy\" decoding=\"async\" aria-describedby=\"caption-attachment-184485\" class=\"wp-image-184485\" src=\"https:\/\/diarioregionaldigital.com.br\/wp-content\/uploads\/2021\/06\/fotoe-13-e1624677862375.jpg\" alt=\"\" width=\"680\" height=\"479\" srcset=\"https:\/\/diarioregionaldigital.com.br\/wp-content\/uploads\/2021\/06\/fotoe-13-e1624677862375.jpg 1393w, https:\/\/diarioregionaldigital.com.br\/wp-content\/uploads\/2021\/06\/fotoe-13-e1624677862375-300x210.jpg 300w, https:\/\/diarioregionaldigital.com.br\/wp-content\/uploads\/2021\/06\/fotoe-13-e1624677862375-1024x722.jpg 1024w, https:\/\/diarioregionaldigital.com.br\/wp-content\/uploads\/2021\/06\/fotoe-13-e1624677862375-768x541.jpg 768w, https:\/\/diarioregionaldigital.com.br\/wp-content\/uploads\/2021\/06\/fotoe-13-e1624677862375-360x254.jpg 360w, https:\/\/diarioregionaldigital.com.br\/wp-content\/uploads\/2021\/06\/fotoe-13-e1624677862375-100x70.jpg 100w\" sizes=\"auto, (max-width: 680px) 100vw, 680px\" \/><p id=\"caption-attachment-184485\" class=\"wp-caption-text\">Lindos e empreendedores destaco: Luciano Larcher e Marcelle Trist\u00e3o Larcher<\/p><\/div>\n<div id=\"attachment_184487\" style=\"width: 690px\" class=\"wp-caption aligncenter\"><img loading=\"lazy\" decoding=\"async\" aria-describedby=\"caption-attachment-184487\" class=\"wp-image-184487\" src=\"https:\/\/diarioregionaldigital.com.br\/wp-content\/uploads\/2021\/06\/fotog-15-e1624677915119.jpg\" alt=\"\" width=\"680\" height=\"477\" srcset=\"https:\/\/diarioregionaldigital.com.br\/wp-content\/uploads\/2021\/06\/fotog-15-e1624677915119.jpg 960w, https:\/\/diarioregionaldigital.com.br\/wp-content\/uploads\/2021\/06\/fotog-15-e1624677915119-300x210.jpg 300w, https:\/\/diarioregionaldigital.com.br\/wp-content\/uploads\/2021\/06\/fotog-15-e1624677915119-768x538.jpg 768w, https:\/\/diarioregionaldigital.com.br\/wp-content\/uploads\/2021\/06\/fotog-15-e1624677915119-360x252.jpg 360w, https:\/\/diarioregionaldigital.com.br\/wp-content\/uploads\/2021\/06\/fotog-15-e1624677915119-100x70.jpg 100w\" sizes=\"auto, (max-width: 680px) 100vw, 680px\" \/><p id=\"caption-attachment-184487\" class=\"wp-caption-text\">Gente bonita da comunica\u00e7\u00e3o da TV Alterosa: Andr\u00e9 Santos e Rosy\u00ea Apolinario dos Santos<\/p><\/div>\n<div id=\"attachment_184486\" style=\"width: 690px\" class=\"wp-caption aligncenter\"><img loading=\"lazy\" decoding=\"async\" aria-describedby=\"caption-attachment-184486\" class=\"wp-image-184486\" src=\"https:\/\/diarioregionaldigital.com.br\/wp-content\/uploads\/2021\/06\/fotof-14-e1624677885670.jpg\" alt=\"\" width=\"680\" height=\"680\" srcset=\"https:\/\/diarioregionaldigital.com.br\/wp-content\/uploads\/2021\/06\/fotof-14-e1624677885670.jpg 605w, https:\/\/diarioregionaldigital.com.br\/wp-content\/uploads\/2021\/06\/fotof-14-e1624677885670-300x300.jpg 300w, https:\/\/diarioregionaldigital.com.br\/wp-content\/uploads\/2021\/06\/fotof-14-e1624677885670-150x150.jpg 150w, https:\/\/diarioregionaldigital.com.br\/wp-content\/uploads\/2021\/06\/fotof-14-e1624677885670-180x180.jpg 180w, https:\/\/diarioregionaldigital.com.br\/wp-content\/uploads\/2021\/06\/fotof-14-e1624677885670-600x600.jpg 600w, https:\/\/diarioregionaldigital.com.br\/wp-content\/uploads\/2021\/06\/fotof-14-e1624677885670-120x120.jpg 120w, https:\/\/diarioregionaldigital.com.br\/wp-content\/uploads\/2021\/06\/fotof-14-e1624677885670-360x360.jpg 360w, https:\/\/diarioregionaldigital.com.br\/wp-content\/uploads\/2021\/06\/fotof-14-e1624677885670-80x80.jpg 80w\" sizes=\"auto, (max-width: 680px) 100vw, 680px\" \/><p id=\"caption-attachment-184486\" class=\"wp-caption-text\">Gente bonita de classe reinando no Rio de Janeiro: Fl\u00e1vio Botello e Ana Teresa Wellison<\/p><\/div>\n<p style=\"text-align: center;\"><strong>FOTOSS\u00cdNTESE<\/strong><\/p>\n<p>Com muito alto astral, o boa-pra\u00e7a Darcy Ferreira da Silva comemorou seus 81 anos com os filhos Lucas, Br\u00e1ulio e Cl\u00e1udio Ferreira. Nos anos 90 ele comandava com sucesso a Casa do Cimento.<\/p>\n<p>Causou impacto as tr\u00eas rodas de bate-papo com a autora de livros infantis Margareth Marinho. Foi no Festival Caminhos pelo YouTube. A promo\u00e7\u00e3o foi da produtora Transv\u00ea Poesias, de Ouro Preto.<\/p>\n<p>Completando cem anos, o Museu Mariano Proc\u00f3pio vai receber a visita do deputado Patrus Ananias. Ser\u00e1 recebido pela diretora geral da Funalfa, Giane de Almeida.<\/p>\n<p>Digna de elogios, a arquiteta Aletheia Westerman vai assinar o projeto da nova recep\u00e7\u00e3o do Hospital 9 de julho. A coordena\u00e7\u00e3o da obra no hospital, ser\u00e1 da arquiteta Renata Januzzi.<\/p>\n<p>Muita gente colun\u00e1vel esta circulando na Cantina do Bexiga. Al\u00e9m das delicias preparadas por Edson de Souza (gordo), casa tem todo o aparato sanit\u00e1rio. Tirar a m\u00e1scara, s\u00f3 para comer. Ponto para ele.<\/p>\n<p>Cl\u00e1udia Oliveira bela jornalista e o noivo Cesar oliveira curtiram o Restaurante Oliva Bistr\u00f4 e foram recebidos pela chef Ana Paula Esteves.<\/p>\n<p>Quem vai a Ibitipoca esta curtindo o Pastel com Rock. O diferencial s\u00e3o as massas saborizadas e borda recheada. O local fica ao lado do Shopping Portal da Serra.<\/p>\n<p>Vacina sim.<\/p>\n<p>Reforma Intima: Plante sua pr\u00f3pria \u00e1rvore para n\u00e3o ficar na sombra de ningu\u00e9m. Bom dia.<\/p>\n<p><img loading=\"lazy\" decoding=\"async\" class=\"aligncenter size-full wp-image-184488\" src=\"https:\/\/diarioregionaldigital.com.br\/wp-content\/uploads\/2021\/06\/anuncio65-1-scaled.jpg\" alt=\"\" width=\"2560\" height=\"972\" srcset=\"https:\/\/diarioregionaldigital.com.br\/wp-content\/uploads\/2021\/06\/anuncio65-1-scaled.jpg 2560w, https:\/\/diarioregionaldigital.com.br\/wp-content\/uploads\/2021\/06\/anuncio65-1-300x114.jpg 300w, https:\/\/diarioregionaldigital.com.br\/wp-content\/uploads\/2021\/06\/anuncio65-1-1024x389.jpg 1024w, https:\/\/diarioregionaldigital.com.br\/wp-content\/uploads\/2021\/06\/anuncio65-1-768x292.jpg 768w, https:\/\/diarioregionaldigital.com.br\/wp-content\/uploads\/2021\/06\/anuncio65-1-1536x583.jpg 1536w, https:\/\/diarioregionaldigital.com.br\/wp-content\/uploads\/2021\/06\/anuncio65-1-2048x778.jpg 2048w, https:\/\/diarioregionaldigital.com.br\/wp-content\/uploads\/2021\/06\/anuncio65-1-360x137.jpg 360w\" sizes=\"auto, (max-width: 2560px) 100vw, 2560px\" \/><\/p>\n","protected":false},"excerpt":{"rendered":"<p>Jovens Os principais motivos que levam jovens a interromper os estudos s\u00e3o financeiros (21% e dificuldades com ensino remoto (14%). A pesquisa foi feita pelo Conselho Nacional da Juventude. Literatura Com muita sensibilidade, a professora e psic\u00f3loga Adriana Gamelas lan\u00e7ou seu primeiro livro \u201cA menina com cheiro de alecrim\u201d, ilustrado por Weder Meirelles. O trabalho [&hellip;]<\/p>\n","protected":false},"author":253,"featured_media":184481,"comment_status":"closed","ping_status":"closed","sticky":false,"template":"","format":"standard","meta":{"footnotes":""},"categories":[264],"tags":[],"class_list":["post-184491","post","type-post","status-publish","format-standard","has-post-thumbnail","hentry","category-eduardo-gomes"],"_links":{"self":[{"href":"https:\/\/diarioregionaldigital.com.br\/index.php?rest_route=\/wp\/v2\/posts\/184491","targetHints":{"allow":["GET"]}}],"collection":[{"href":"https:\/\/diarioregionaldigital.com.br\/index.php?rest_route=\/wp\/v2\/posts"}],"about":[{"href":"https:\/\/diarioregionaldigital.com.br\/index.php?rest_route=\/wp\/v2\/types\/post"}],"author":[{"embeddable":true,"href":"https:\/\/diarioregionaldigital.com.br\/index.php?rest_route=\/wp\/v2\/users\/253"}],"replies":[{"embeddable":true,"href":"https:\/\/diarioregionaldigital.com.br\/index.php?rest_route=%2Fwp%2Fv2%2Fcomments&post=184491"}],"version-history":[{"count":2,"href":"https:\/\/diarioregionaldigital.com.br\/index.php?rest_route=\/wp\/v2\/posts\/184491\/revisions"}],"predecessor-version":[{"id":184493,"href":"https:\/\/diarioregionaldigital.com.br\/index.php?rest_route=\/wp\/v2\/posts\/184491\/revisions\/184493"}],"wp:featuredmedia":[{"embeddable":true,"href":"https:\/\/diarioregionaldigital.com.br\/index.php?rest_route=\/wp\/v2\/media\/184481"}],"wp:attachment":[{"href":"https:\/\/diarioregionaldigital.com.br\/index.php?rest_route=%2Fwp%2Fv2%2Fmedia&parent=184491"}],"wp:term":[{"taxonomy":"category","embeddable":true,"href":"https:\/\/diarioregionaldigital.com.br\/index.php?rest_route=%2Fwp%2Fv2%2Fcategories&post=184491"},{"taxonomy":"post_tag","embeddable":true,"href":"https:\/\/diarioregionaldigital.com.br\/index.php?rest_route=%2Fwp%2Fv2%2Ftags&post=184491"}],"curies":[{"name":"wp","href":"https:\/\/api.w.org\/{rel}","templated":true}]}}