{"id":184478,"date":"2021-06-25T16:13:06","date_gmt":"2021-06-25T19:13:06","guid":{"rendered":"https:\/\/diarioregionaldigital.com.br\/?p=184478"},"modified":"2021-06-25T16:13:06","modified_gmt":"2021-06-25T19:13:06","slug":"trajetoria-historica-do-primeiro-museu-de-minas-e-reconstituida-em-documentario","status":"publish","type":"post","link":"https:\/\/diarioregionaldigital.com.br\/?p=184478","title":{"rendered":"Trajet\u00f3ria hist\u00f3rica do primeiro museu de Minas \u00e9 reconstitu\u00edda em document\u00e1rio"},"content":{"rendered":"<p>A equipe t\u00e9cnica do equipamento urbano lan\u00e7a o document\u00e1rio \u201cMuseu Mariano Proc\u00f3pio: hist\u00f3rias e mem\u00f3rias centen\u00e1rias (1921-2021)\u201d, nesta sexta-feira, 25, pelo <a href=\"https:\/\/www.youtube.com\/watch?v=wRyPi-TRaDE&amp;feature=youtu.be\"><b>YouTube da institui\u00e7\u00e3o<\/b><\/a>. Com dura\u00e7\u00e3o de 15 minutos, a produ\u00e7\u00e3o usa imagens atuais e hist\u00f3ricas, oriundas de diferentes acervos, para contar a trajet\u00f3ria hist\u00f3rica da institui\u00e7\u00e3o, fundada oficialmente pelo colecionador Alfredo Ferreira Lage em 23 de junho de 1921 e doado \u00e0 municipalidade em fevereiro de 1936. O projeto d\u00e1 continuidade \u00e0 programa\u00e7\u00e3o comemorativa do centen\u00e1rio do primeiro museu de Minas Gerais.<\/p>\n<p>Segundo informa\u00e7\u00f5es do site da Prefeitura de Juiz de Fora, o document\u00e1rio conta com\u00a0 a curadoria dos historiadores S\u00e9rgio Augusto Vicente e Priscila Pinheiro, ambos ligados \u00e0 Funda\u00e7\u00e3o Museu Mariano Proc\u00f3pio (Mapro), o document\u00e1rio \u00e9 uma narrativa de fatos, que aborda desde a constru\u00e7\u00e3o da Estrada Uni\u00e3o e Ind\u00fastria, inaugurada em 1861, passando pela instala\u00e7\u00e3o da Villa Ferreira Lage, a constitui\u00e7\u00e3o do museu, a inaugura\u00e7\u00e3o da Galeria Maria Am\u00e1lia e as sucessivas amplia\u00e7\u00f5es do complexo museal. O filme, editado por S\u00e9rgio Vicente, apresenta personagens, acontecimentos e aspectos relevantes, de forma did\u00e1tica e concisa, utilizando linguagem acess\u00edvel a todos as pessoas.<\/p>\n<p>Conforme o historiador, o v\u00eddeo foi elaborado visando a atender ao p\u00fablico em geral, mas tamb\u00e9m aos professores, servindo como material did\u00e1tico-pedag\u00f3gico para ser trabalhado com os alunos. \u201c\u00c9 um recurso educacional que atende a \u00e1rea de hist\u00f3ria e outras \u00e1reas, de forma interdisciplinar. Atrav\u00e9s dessa r\u00e1pida narrativa \u00e9 poss\u00edvel que os estudantes tenham uma vis\u00e3o do processo hist\u00f3rico do museu, da funda\u00e7\u00e3o aos dias de hoje. O v\u00eddeo costura diferentes temporalidades, com o objetivo n\u00e3o apenas de compilar fatos e personagens, mas de estabelecer conex\u00f5es entre eles. Desse modo, os interlocutores podem compreender essa narrativa como um processo hist\u00f3rico e entender a configura\u00e7\u00e3o do museu hoje, a partir da an\u00e1lise do passado e, portanto, ter material para pensar o futuro da institui\u00e7\u00e3o.\u201d<\/p>\n<p>A programa\u00e7\u00e3o de centen\u00e1rio continua na segunda-feira, 28, com a webs\u00e9rie \u201cA Pe\u00e7a da Semana\u201d, que apresentar\u00e1 fotos antigas do parque e dos pr\u00e9dios hist\u00f3ricos do Museu Mariano Proc\u00f3pio. Na ter\u00e7a-feira, 29, acontece a distribui\u00e7\u00e3o gratuita de mudas de plantas no parque, na portaria da Rua Mariano Proc\u00f3pio). Os interessados dever\u00e3o usar m\u00e1scaras e respeitar o distanciamento social.<\/p>\n<p>Encerrando o m\u00eas, ser\u00e1 realizada no dia 30, quarta-feira, a live \u201cPr\u00e1ticas de Educa\u00e7\u00e3o e Difus\u00e3o do Museu Mariano Proc\u00f3pio (1980-1996)\u201d, com o professor de Hist\u00f3ria, mestre em Estudos do Lazer \u2013 UFMG, Arthur Oliveira da Silva. A live ser\u00e1 transmitida pelo YouTube, do Museu, a partir das 19h.<br \/>\nS\u00edmbolo da mem\u00f3ria do Brasil, o Museu Mariano Proc\u00f3pio possui um dos mais significativos acervos art\u00edsticos, hist\u00f3ricos e de ci\u00eancias naturais do pa\u00eds, com relev\u00e2ncia internacional. Marcada pelo ecletismo, a cole\u00e7\u00e3o soma em torno de 53 mil itens, em categorias diversas, como pinturas, esculturas, gravuras, desenhos, livros raros, documentos, fotografias, mobili\u00e1rio, prataria, armaria, numism\u00e1tica, cartofilia, indument\u00e1ria, porcelanas e cristais, al\u00e9m de pe\u00e7as de Hist\u00f3ria Natural.<\/p>\n","protected":false},"excerpt":{"rendered":"<p>A equipe t\u00e9cnica do equipamento urbano lan\u00e7a o document\u00e1rio \u201cMuseu Mariano Proc\u00f3pio: hist\u00f3rias e mem\u00f3rias centen\u00e1rias (1921-2021)\u201d, nesta sexta-feira, 25, pelo YouTube da institui\u00e7\u00e3o. Com dura\u00e7\u00e3o de 15 minutos, a produ\u00e7\u00e3o usa imagens atuais e hist\u00f3ricas, oriundas de diferentes acervos, para contar a trajet\u00f3ria hist\u00f3rica da institui\u00e7\u00e3o, fundada oficialmente pelo colecionador Alfredo Ferreira Lage em [&hellip;]<\/p>\n","protected":false},"author":246,"featured_media":184479,"comment_status":"closed","ping_status":"closed","sticky":false,"template":"","format":"standard","meta":{"footnotes":""},"categories":[253,436,439],"tags":[],"class_list":["post-184478","post","type-post","status-publish","format-standard","has-post-thumbnail","hentry","category-cidade","category-destaque-da-semana","category-ultima-hora"],"_links":{"self":[{"href":"https:\/\/diarioregionaldigital.com.br\/index.php?rest_route=\/wp\/v2\/posts\/184478","targetHints":{"allow":["GET"]}}],"collection":[{"href":"https:\/\/diarioregionaldigital.com.br\/index.php?rest_route=\/wp\/v2\/posts"}],"about":[{"href":"https:\/\/diarioregionaldigital.com.br\/index.php?rest_route=\/wp\/v2\/types\/post"}],"author":[{"embeddable":true,"href":"https:\/\/diarioregionaldigital.com.br\/index.php?rest_route=\/wp\/v2\/users\/246"}],"replies":[{"embeddable":true,"href":"https:\/\/diarioregionaldigital.com.br\/index.php?rest_route=%2Fwp%2Fv2%2Fcomments&post=184478"}],"version-history":[{"count":1,"href":"https:\/\/diarioregionaldigital.com.br\/index.php?rest_route=\/wp\/v2\/posts\/184478\/revisions"}],"predecessor-version":[{"id":184480,"href":"https:\/\/diarioregionaldigital.com.br\/index.php?rest_route=\/wp\/v2\/posts\/184478\/revisions\/184480"}],"wp:featuredmedia":[{"embeddable":true,"href":"https:\/\/diarioregionaldigital.com.br\/index.php?rest_route=\/wp\/v2\/media\/184479"}],"wp:attachment":[{"href":"https:\/\/diarioregionaldigital.com.br\/index.php?rest_route=%2Fwp%2Fv2%2Fmedia&parent=184478"}],"wp:term":[{"taxonomy":"category","embeddable":true,"href":"https:\/\/diarioregionaldigital.com.br\/index.php?rest_route=%2Fwp%2Fv2%2Fcategories&post=184478"},{"taxonomy":"post_tag","embeddable":true,"href":"https:\/\/diarioregionaldigital.com.br\/index.php?rest_route=%2Fwp%2Fv2%2Ftags&post=184478"}],"curies":[{"name":"wp","href":"https:\/\/api.w.org\/{rel}","templated":true}]}}