{"id":184475,"date":"2021-06-25T16:07:07","date_gmt":"2021-06-25T19:07:07","guid":{"rendered":"https:\/\/diarioregionaldigital.com.br\/?p=184475"},"modified":"2021-06-25T16:07:07","modified_gmt":"2021-06-25T19:07:07","slug":"nesta-sexta-feira-25-a-secretaria-de-obras-realizou-atividades-em-todas-as-regioes-de-jf","status":"publish","type":"post","link":"https:\/\/diarioregionaldigital.com.br\/?p=184475","title":{"rendered":"Nesta sexta-feira, 25, a secretaria de Obras realizou atividades em todas as regi\u00f5es de JF"},"content":{"rendered":"<p>Segundo informa\u00e7\u00f5es do site da Prefeitura de Juiz de Fora, nesta sexta-feira, 25, o Departamento de Ilumina\u00e7\u00e3o P\u00fablica realiza 226 interven\u00e7\u00f5es em pontos de ilumina\u00e7\u00e3o com l\u00e2mpadas apagadas atrav\u00e9s da opera\u00e7\u00e3o \u201cBrilha JF\u201d. J\u00e1 o Departamento de Opera\u00e7\u00e3o e Manuten\u00e7\u00e3o em Obras (Domo) e o Departamento de Estradas Vicinais atuam na continuidade de obras em andamento, al\u00e9m de 12 novas atividades realizadas nos bairros S\u00e3o Benedito, S\u00e3o Bernardo, Nova Era, Jardim Santa Isabel, Jardim Bela Vista, Benfica, Bairu, Santa Helena e nas localidades de Taquaral, Caet\u00e9, Ros\u00e1rio de Minas e Privil\u00e9gio.<\/p>\n<p>Ao todo, a Secretaria de Obras (SO) da Prefeitura de Juiz de Fora (PJF) atua em mais de 50 localidades nesta sexta-feira, dia 25. Confira a programa\u00e7\u00e3o dos locais de atua\u00e7\u00e3o de todos os departamentos da SO:<\/p>\n<p><b>Obras<\/b><\/p>\n<p>Interven\u00e7\u00f5es em continuidade:<\/p>\n<p>-Corre\u00e7\u00e3o de eros\u00e3o pluvial Avenida Lu\u00edza Vit\u00f3ria Fernandes &#8211; Jardim dos Alfineiros<br \/>\n-Constru\u00e7\u00e3o de rede de \u00e1gua pluvial na Rua Paulo Moreira Guedes ligando Monte Castelo ao Parque das \u00c1guas<br \/>\n-Coloca\u00e7\u00e3o de meio fio na Rua Rog\u00e9rio Fernandes Scolarick \/Rua Das Agulhas Negras &#8211; Parque das \u00c1guas<br \/>\n-Corre\u00e7\u00e3o de eros\u00e3o pluvial na Rua Nestor Mageste Netto &#8211; Granjas Bet\u00e2nia<br \/>\n-Limpeza de boca-de-lobo nas ruas do bairro Parque das \u00c1guas<br \/>\n-Transporte de material para fechamento de almoxarifado na Rua Professora Corina Ersse &#8211; Po\u00e7o Rico<br \/>\n-Constru\u00e7\u00e3o de rede de \u00e1gua pluvial na Rua das Margaridas\/Rua da \u00c1rvore &#8211; Aeroporto<br \/>\n-Carga e transporte de saibro de Penido ao dep\u00f3sito da SO no Distrito Industrial Recomposi\u00e7\u00e3o de pedra portuguesa em \u00e1reas diversas nas ruas do Centro<\/p>\n<p>Novas interven\u00e7\u00f5es:<\/p>\n<p>-Limpeza de boca-de-lobo na Rua Caxambu &#8211; S\u00e3o Benedito<br \/>\n-Assentamento de tampa em boca-de-lobo na Rua S\u00e3o Bernardo &#8211; S\u00e3o Bernardo<br \/>\n-Remo\u00e7\u00e3o de borrachudo e corre\u00e7\u00e3o de base na Rua Di\u00f3genes do Amaral &#8211; Nova Era\/Jardim Santa Isabel<br \/>\n-Lan\u00e7amento de esc\u00f3ria na Rua Jo\u00e3o Carlos Garcia &#8211; Jardim Bela Vista\/Benfica<br \/>\n-Limpeza de boca-de-lobo na Rua Am\u00e9rico Lobo &#8211; Bairu<br \/>\n-Manuten\u00e7\u00e3o de boca-de-lobo na Rua Ol\u00edmpio Reis &#8211; Santa Helena<br \/>\n-Limpeza de boca-de-lobo na Rua Professor Teodoro Coelho &#8211; Bairu<br \/>\n-Limpeza de boca-de-lobo na Avenida In\u00eas Garcia &#8211; Benfica<\/p>\n<p><b>Estradas Vicinais<\/b><\/p>\n<p>Interven\u00e7\u00f5es em continuidade:<\/p>\n<p>-Patrolamento na Estrada principal de Pires &#8211; Monte Verde<\/p>\n<p>Novas interven\u00e7\u00f5es:<\/p>\n<p>-Transporte de manilha para alongamento de bueiro na Estrada de Taquaral<br \/>\n-Constru\u00e7\u00e3o de ponte na Estrada de conex\u00e3o entre Aurora a Caet\u00e9 &#8211; Caet\u00e9<br \/>\n-Coloca\u00e7\u00e3o de material em ponto cr\u00edtico na Estrada de Buiei\u00e9 &#8211; Ros\u00e1rio de Minas<br \/>\n-Transporte de esc\u00f3ria na Estrada do Privil\u00e9gio na linha de \u00f4nibus &#8211; Privil\u00e9gio<\/p>\n<p><b>Ilumina\u00e7\u00e3o P\u00fablica<\/b><\/p>\n<p>Vivendas do Retiro<br \/>\nRua Dez<\/p>\n<p>Jardim Esperan\u00e7a<br \/>\nRua Carlos Tavares de Pinho<br \/>\nRua Henrique Pimenta Brasiel<br \/>\nRua Alberto Guedes<\/p>\n<p>Floresta<br \/>\nRua Doutor Roberto Repetto<br \/>\nRua Sebasti\u00e3o Lucindo<\/p>\n<p>Vivendas do Retiro<br \/>\nEstrada Para Usina Marmelos<\/p>\n<p>Santo Ant\u00f4nio<br \/>\nRua Francisco Rodrigues Silva<br \/>\nRua Francisco Fontainha<br \/>\nRua Professor Concei\u00e7\u00e3o Pereira<br \/>\nRua Primeira Vit\u00f3ria<\/p>\n<p>Bosque dos Pinheiros<br \/>\nRua Jo\u00e3o Theod\u00f3sio de Ara\u00fajo<\/p>\n<p>Vitorino Braga<br \/>\nRua Vitorino Braga<\/p>\n<p>Progresso<br \/>\nTravessa Jos\u00e9 Ramos<\/p>\n<p>Bandeirantes<br \/>\nRua Doutor Jo\u00e3o Camilo de Oliveira Torres<br \/>\nRua Subtenente Omar Pereira<\/p>\n<p>Santa Catarina<br \/>\nRua Catulo Breviglieri<\/p>\n<p>Jardim Gl\u00f3ria<br \/>\nRua da Aboli\u00e7\u00e3o<br \/>\nRua Jos\u00e9 Kalil Ahouagi<\/p>\n<p>Democrata<br \/>\nRua Jacob Lawal \u2013 Rua da Gruta<br \/>\nRua Homero Horta da Fonseca<br \/>\nRua Professora Violeta Santos<br \/>\nRua Padre Nilton Hauck<\/p>\n<p>Nossa Senhora Aparecida<br \/>\nRua Capit\u00e3o Bicalho<\/p>\n<p>Furtado de Menezes<br \/>\nRua Carneiro da Silva<br \/>\nRua Valentin Dilly<\/p>\n<p>Graminha<br \/>\nRua Joaquim Vicente Guedes<br \/>\nRua Jos\u00e9 de Alencar Medeiros<\/p>\n<p>Cruzeiro do Sul<br \/>\nRua Aurora Torres<\/p>\n<p>Santa Luzia<br \/>\nRua Jos\u00e9 Nunes Leal<br \/>\nRua Margarida da Costa<br \/>\nRua Victor Spagnolo<\/p>\n<p>Previdenci\u00e1rios<br \/>\nRua Danti Mancini<br \/>\nRua Haroldo Furtado Vidal<br \/>\nRua Hil\u00e1rio Dias da Cruz<\/p>\n<p>Santa Efig\u00eania<br \/>\nRua Ilva Pinto Machado<\/p>\n<p>Sagrado Cora\u00e7\u00e3o de Jesus<br \/>\nRua Alziro Zarur<\/p>\n<p>Bela Aurora<br \/>\nRua Ol\u00edvia Moreira<br \/>\nRua Jos\u00e9 Cl\u00e1udio de Souza<br \/>\nRua Silvino Augusto Moreira<br \/>\nRua Francisco Gon\u00e7alves Mariano<\/p>\n<p>Nova Era<br \/>\nRua Eraldo Guerra<br \/>\nRua Nicolino Baldi<br \/>\nRua Sid\u00f4nio Veloso<br \/>\nRua Elp\u00eddio Jos\u00e9 dos Reis<br \/>\nRua Tenente Guimar\u00e3es<\/p>\n<p>Jardim dos Alfineiros<br \/>\nRua Doutor Fel\u00edcio Pifano<br \/>\nAvenida Lu\u00edza Vit\u00f3ria Fernandes<br \/>\nRua F\u00e1bula Zen<\/p>\n<p>Santa Cruz<br \/>\nRua Nicomedes Pereira Almeida<br \/>\nRua Doutor Kalil Abrahao Hallack<br \/>\nAvenida Doutor Sime\u00e3o de Faria<br \/>\nRua Nilo Pe\u00e7anha<br \/>\nRua Nicomedes Pereira Almeida<br \/>\nRua Maria C\u00e2ndida de Jesus<\/p>\n<p>Santa Isabel<br \/>\nRua Engenheiro Hugo Arcuri<br \/>\nRua Pedro Ant\u00f4nio da Concei\u00e7\u00e3o<\/p>\n<p>S\u00e3o Judas Tadeu<br \/>\nRua Major Ivan da Veiga Figueiredo<br \/>\nRua Monsenhor Francisco de Paula Salgado<br \/>\nRua Jos\u00e9 Rubens Moreira<\/p>\n<p>S\u00e3o Dami\u00e3o<br \/>\nRua Dilson Xavier Ribeiro<br \/>\nRua Bartolomeu dos Santos<\/p>\n<p>Barbosa Lage<br \/>\nRua Pastor Ant\u00f4nio Bispo da Luz<br \/>\nAvenida Ant\u00f4nio Guimar\u00e3es Peralva<br \/>\nAvenida Ant\u00f4nio Weitzel<br \/>\nRua Engenheiro Hugo Vocurca Filho<\/p>\n<p>J\u00f3quei Clube<br \/>\nEstrada da Remonta<br \/>\nRua Benjamin Marques<br \/>\nRua Wenceslau Braz<br \/>\nRua S\u00edlvia Vidal Lage<\/p>\n<p>Parque das Torres<br \/>\nRua E<br \/>\nRua E<br \/>\nRua Feliciano Pifano Neto<\/p>\n<p>Cidade do Sol<br \/>\nRua Gustavo Capanema<br \/>\nRua Franklin de Paula Marques<\/p>\n<p>Santa Maria<br \/>\nRua Onofre Oliveira Salles<\/p>\n<p>Vitorino Braga<br \/>\nRua do Monte<\/p>\n<p><b>Gabinete de A\u00e7\u00e3o e Di\u00e1logo Comunit\u00e1rio<\/b><\/p>\n<p>As demandas de melhorias urbanas podem ser solicitadas atrav\u00e9s do contato (32) 3690-7241, por liga\u00e7\u00e3o ou mensagem via WhatsApp para o mesmo n\u00famero. A iniciativa faz parte do Gabinete de A\u00e7\u00e3o e Di\u00e1logo Comunit\u00e1rio, idealizada pela secret\u00e1ria de governo Cidinha Louzada e implantada pela administra\u00e7\u00e3o da prefeita Margarida Salom\u00e3o.<\/p>\n<p>No\u00a0<a href=\"https:\/\/www.pjf.mg.gov.br\/gabinetecomunitario\/\"><b>site do gabinete<\/b><\/a>\u00a0est\u00e3o dispon\u00edveis informa\u00e7\u00f5es atualizadas diariamente sobre os servi\u00e7os realizados pela Secretaria de Obras (SO); Secretaria de Sustentabilidade em Meio Ambiente e Atividades Urbanas (Sesmaur); Empresa Municipal de Pavimenta\u00e7\u00e3o e Urbaniza\u00e7\u00e3o (Empav); Departamento Municipal de Limpeza Urbana (Demlurb); Secretaria de Mobilidade Urbana (SMU) e Companhia de Saneamento Municipal (Cesama).<\/p>\n","protected":false},"excerpt":{"rendered":"<p>Segundo informa\u00e7\u00f5es do site da Prefeitura de Juiz de Fora, nesta sexta-feira, 25, o Departamento de Ilumina\u00e7\u00e3o P\u00fablica realiza 226 interven\u00e7\u00f5es em pontos de ilumina\u00e7\u00e3o com l\u00e2mpadas apagadas atrav\u00e9s da opera\u00e7\u00e3o \u201cBrilha JF\u201d. J\u00e1 o Departamento de Opera\u00e7\u00e3o e Manuten\u00e7\u00e3o em Obras (Domo) e o Departamento de Estradas Vicinais atuam na continuidade de obras em [&hellip;]<\/p>\n","protected":false},"author":246,"featured_media":184476,"comment_status":"closed","ping_status":"closed","sticky":false,"template":"","format":"standard","meta":{"footnotes":""},"categories":[253,436,439],"tags":[],"class_list":["post-184475","post","type-post","status-publish","format-standard","has-post-thumbnail","hentry","category-cidade","category-destaque-da-semana","category-ultima-hora"],"_links":{"self":[{"href":"https:\/\/diarioregionaldigital.com.br\/index.php?rest_route=\/wp\/v2\/posts\/184475","targetHints":{"allow":["GET"]}}],"collection":[{"href":"https:\/\/diarioregionaldigital.com.br\/index.php?rest_route=\/wp\/v2\/posts"}],"about":[{"href":"https:\/\/diarioregionaldigital.com.br\/index.php?rest_route=\/wp\/v2\/types\/post"}],"author":[{"embeddable":true,"href":"https:\/\/diarioregionaldigital.com.br\/index.php?rest_route=\/wp\/v2\/users\/246"}],"replies":[{"embeddable":true,"href":"https:\/\/diarioregionaldigital.com.br\/index.php?rest_route=%2Fwp%2Fv2%2Fcomments&post=184475"}],"version-history":[{"count":1,"href":"https:\/\/diarioregionaldigital.com.br\/index.php?rest_route=\/wp\/v2\/posts\/184475\/revisions"}],"predecessor-version":[{"id":184477,"href":"https:\/\/diarioregionaldigital.com.br\/index.php?rest_route=\/wp\/v2\/posts\/184475\/revisions\/184477"}],"wp:featuredmedia":[{"embeddable":true,"href":"https:\/\/diarioregionaldigital.com.br\/index.php?rest_route=\/wp\/v2\/media\/184476"}],"wp:attachment":[{"href":"https:\/\/diarioregionaldigital.com.br\/index.php?rest_route=%2Fwp%2Fv2%2Fmedia&parent=184475"}],"wp:term":[{"taxonomy":"category","embeddable":true,"href":"https:\/\/diarioregionaldigital.com.br\/index.php?rest_route=%2Fwp%2Fv2%2Fcategories&post=184475"},{"taxonomy":"post_tag","embeddable":true,"href":"https:\/\/diarioregionaldigital.com.br\/index.php?rest_route=%2Fwp%2Fv2%2Ftags&post=184475"}],"curies":[{"name":"wp","href":"https:\/\/api.w.org\/{rel}","templated":true}]}}