{"id":184469,"date":"2021-06-25T15:56:31","date_gmt":"2021-06-25T18:56:31","guid":{"rendered":"https:\/\/diarioregionaldigital.com.br\/?p=184469"},"modified":"2021-06-25T15:56:31","modified_gmt":"2021-06-25T18:56:31","slug":"neste-sabado-26-ocorre-vacinacao-contra-covid-19-em-horario-diferenciado","status":"publish","type":"post","link":"https:\/\/diarioregionaldigital.com.br\/?p=184469","title":{"rendered":"Neste s\u00e1bado, 26, ocorre vacina\u00e7\u00e3o contra Covid-19 em hor\u00e1rio diferenciado"},"content":{"rendered":"<p>Neste s\u00e1bado, 26, a\u00a0vacina\u00e7\u00e3o contra a Covid-19 tem hor\u00e1rio diferenciado. A imuniza\u00e7\u00e3o acontece das 8h \u00e0s 13h, em tr\u00eas pontos distintos: no Departamento de Sa\u00fade do Idoso (DSI), no Sport Club Juiz de Fora e no Pronto Atendimento M\u00e9dico (PAM Marechal). Devido ao Processo Seletivo Misto (PISM), n\u00e3o ocorre a vacina\u00e7\u00e3o no drive-thru da UFJF.<\/p>\n<p>Segundo informa\u00e7\u00f5es do site da Prefeitura de Juiz de Fora, na aplica\u00e7\u00e3o de primeiras doses por faixa et\u00e1ria, s\u00e3o contempladas, neste s\u00e1bado, 26, todas as pessoas com 52 anos ou mais. Tamb\u00e9m acontece a vacina\u00e7\u00e3o da repescagem para as pessoas com comorbidade e defici\u00eancia permanente que tenham 35 anos. Para esse p\u00fablico, a vacina\u00e7\u00e3o acontece <b>somente<\/b>\u00a0no Sport Club Juiz de Fora. A Secretaria de Sa\u00fade (SS) da Prefeitura de Juiz de Fora (PJF) refor\u00e7a que, no ato da vacina\u00e7\u00e3o,\u00a0<b>ir\u00e1 recolher o atestado m\u00e9dico e a receita para as pessoas com comorbidades.<\/b>\u00a0A segunda dose segue sendo aplicada no s\u00e1bado normalmente nos tr\u00eas postos de vacina\u00e7\u00e3o.<\/p>\n<p>Gr\u00e1vidas e pu\u00e9rperas (mulheres no p\u00f3s-parto at\u00e9 45 dias) e lactantes com at\u00e9 seis meses seguem sendo imunizadas, e que tenham 18 anos ou mais, no DSI, PAM Marechal e no Sport Club neste s\u00e1bado e tamb\u00e9m ao longo das pr\u00f3ximas semanas, uma vez que a vacina\u00e7\u00e3o para esse p\u00fablico \u00e9 cont\u00ednua. Para receberem a vacina, as lactantes devem apresentar certid\u00e3o de nascimento do beb\u00ea e tamb\u00e9m laudo m\u00e9dico comprovando que a mulher \u00e9 lactante, al\u00e9m de originais e c\u00f3pias de um documento de identifica\u00e7\u00e3o com foto &#8211; como documento de identidade (RG) ou carteira de motorista -, CPF e comprovante de resid\u00eancia.<\/p>\n<p><b>Comorbidades que s\u00e3o priorizadas para imuniza\u00e7\u00e3o<\/b><\/p>\n<p>Dentre as comorbidades inclu\u00eddas como priorit\u00e1rias para o processo de vacina\u00e7\u00e3o contra o coronav\u00edrus encontram-se: diabetes, doen\u00e7as do cora\u00e7\u00e3o, doen\u00e7as pulmonares, hipertens\u00e3o arterial, c\u00e2ncer, insufici\u00eancia renal, imunossuprimidos, obesidade grau 3 (IMC\u226540), cerebrovasculares, transplantados de \u00f3rg\u00e3o s\u00f3lido ou de medula \u00f3ssea, cirrose hep\u00e1tica e anemia falciforme. As comorbidades est\u00e3o descritas no Plano de Operacionaliza\u00e7\u00e3o da Vacina\u00e7\u00e3o contra a Covid-19. A lista completa das comorbidades atendidas neste momento pode ser verificada no\u00a0<a href=\"https:\/\/covid19.pjf.mg.gov.br\/vacinacao_comorbidades.php\"><b>site da PJF<\/b><\/a>.<\/p>\n<p><b>ATEN\u00c7\u00c3O<\/b><\/p>\n<p>Todos os que forem receber a segunda dose devem levar o cart\u00e3o de vacina para comprovar o recebimento da primeira. Deve-se ter aten\u00e7\u00e3o \u00e0 data de retorno no cart\u00e3o, pois n\u00e3o s\u00e3o aplicadas vacinas antes do prazo estipulado no mesmo. Al\u00e9m do cart\u00e3o, precisa ser apresentado documento original com foto, como o documento de identidade ou a carteira de motorista.<\/p>\n<p>Quem se vacinou contra a gripe e tem direito de se vacinar tamb\u00e9m contra a Covid-19 deve esperar pelo menos 14 dias entre o momento que recebeu a dose do imunizante contra a Influenza para poder ser vacinado contra a Covid-19. Para quem foi diagnosticado com Covid-19, \u00e9 recomendado ao menos 30 dias de espera entre o come\u00e7o dos sintomas ou teste positivo (no caso dos assintom\u00e1ticos) para receber a vacina.<\/p>\n","protected":false},"excerpt":{"rendered":"<p>Neste s\u00e1bado, 26, a\u00a0vacina\u00e7\u00e3o contra a Covid-19 tem hor\u00e1rio diferenciado. A imuniza\u00e7\u00e3o acontece das 8h \u00e0s 13h, em tr\u00eas pontos distintos: no Departamento de Sa\u00fade do Idoso (DSI), no Sport Club Juiz de Fora e no Pronto Atendimento M\u00e9dico (PAM Marechal). Devido ao Processo Seletivo Misto (PISM), n\u00e3o ocorre a vacina\u00e7\u00e3o no drive-thru da UFJF. [&hellip;]<\/p>\n","protected":false},"author":246,"featured_media":184470,"comment_status":"closed","ping_status":"closed","sticky":false,"template":"","format":"standard","meta":{"footnotes":""},"categories":[253,440,439],"tags":[],"class_list":["post-184469","post","type-post","status-publish","format-standard","has-post-thumbnail","hentry","category-cidade","category-destaques-do-dia","category-ultima-hora"],"_links":{"self":[{"href":"https:\/\/diarioregionaldigital.com.br\/index.php?rest_route=\/wp\/v2\/posts\/184469","targetHints":{"allow":["GET"]}}],"collection":[{"href":"https:\/\/diarioregionaldigital.com.br\/index.php?rest_route=\/wp\/v2\/posts"}],"about":[{"href":"https:\/\/diarioregionaldigital.com.br\/index.php?rest_route=\/wp\/v2\/types\/post"}],"author":[{"embeddable":true,"href":"https:\/\/diarioregionaldigital.com.br\/index.php?rest_route=\/wp\/v2\/users\/246"}],"replies":[{"embeddable":true,"href":"https:\/\/diarioregionaldigital.com.br\/index.php?rest_route=%2Fwp%2Fv2%2Fcomments&post=184469"}],"version-history":[{"count":1,"href":"https:\/\/diarioregionaldigital.com.br\/index.php?rest_route=\/wp\/v2\/posts\/184469\/revisions"}],"predecessor-version":[{"id":184471,"href":"https:\/\/diarioregionaldigital.com.br\/index.php?rest_route=\/wp\/v2\/posts\/184469\/revisions\/184471"}],"wp:featuredmedia":[{"embeddable":true,"href":"https:\/\/diarioregionaldigital.com.br\/index.php?rest_route=\/wp\/v2\/media\/184470"}],"wp:attachment":[{"href":"https:\/\/diarioregionaldigital.com.br\/index.php?rest_route=%2Fwp%2Fv2%2Fmedia&parent=184469"}],"wp:term":[{"taxonomy":"category","embeddable":true,"href":"https:\/\/diarioregionaldigital.com.br\/index.php?rest_route=%2Fwp%2Fv2%2Fcategories&post=184469"},{"taxonomy":"post_tag","embeddable":true,"href":"https:\/\/diarioregionaldigital.com.br\/index.php?rest_route=%2Fwp%2Fv2%2Ftags&post=184469"}],"curies":[{"name":"wp","href":"https:\/\/api.w.org\/{rel}","templated":true}]}}