{"id":184466,"date":"2021-06-25T15:39:04","date_gmt":"2021-06-25T18:39:04","guid":{"rendered":"https:\/\/diarioregionaldigital.com.br\/?p=184466"},"modified":"2021-06-25T15:39:04","modified_gmt":"2021-06-25T18:39:04","slug":"f1-verstappen-lidera-treino-na-austria-e-bottas-assusta-com-derrapada","status":"publish","type":"post","link":"https:\/\/diarioregionaldigital.com.br\/?p=184466","title":{"rendered":"F1: Verstappen lidera treino na \u00c1ustria e Bottas assusta com derrapada"},"content":{"rendered":"<p>L\u00edder do campeonato de F\u00f3rmula 1, Max Verstappen foi o mais veloz no treino livre para o Grande Pr\u00eamio da Est\u00edria, lar da Red Bull, nesta sexta-feira (25), e Valtteri Bottas deu um susto quando sua Mercedes girou na pista dos boxes.<img decoding=\"async\" src=\"https:\/\/agenciabrasil.ebc.com.br\/ebc.png?id=1413718&amp;o=node\" \/><img decoding=\"async\" src=\"https:\/\/agenciabrasil.ebc.com.br\/ebc.gif?id=1413718&amp;o=node\" \/><\/p>\n<p>O piloto holand\u00eas de 23 anos da Red Bull liderou as duas sess\u00f5es no circuito austr\u00edaco, estabelecendo uma melhor volta de 1min05seg910 de manh\u00e3 e 1min05seg412 de tarde.<\/p>\n<p>Daniel Ricciardo, da McLaren, foi o segundo mais r\u00e1pido, e Esteban Ocon ficou em terceiro pela Alpine.<\/p>\n<p>Heptacampe\u00e3o mundial, Lewis Hamilton, que est\u00e1 12 pontos atr\u00e1s de Verstappen ap\u00f3s sete corridas, ficou na quarta coloca\u00e7\u00e3o com sua Mercedes.<\/p>\n<p>O brit\u00e2nico havia sido mais r\u00e1pido que Verstappen na segunda sess\u00e3o, mas seu tempo de volta foi descartado por ele ter excedido o limite da pista na \u00faltima curva, onde perdeu o tra\u00e7ado.<\/p>\n<p>&#8220;Lewis foi mais r\u00e1pido, mas seu tempo de volta foi apagado, ent\u00e3o parece um pouco diferente do que \u00e9 mostrado no momento&#8221;, disse Verstappen.\u00a0&#8220;Mas, no geral, foi bastante bom para n\u00f3s. \u00c9 claro, h\u00e1 algumas coisas para se analisar, mas estou bastante contente com a situa\u00e7\u00e3o do carro no momento&#8221;.<\/p>\n<p>Bottas, 4\u00ba e 12\u00ba, foi convocado pelos fiscais depois de perder tra\u00e7\u00e3o traseira e deslizar de lado ao sair do box da Mercedes, parando de forma a bloquear a pista e quase batendo na parede.<\/p>\n<p>&#8220;Isto \u00e9 absolutamente rid\u00edculo&#8221;, disse a McLaren em uma mensagem de r\u00e1dio ao diretor da corrida, Michael Masi. &#8220;Ele poderia ter acertado nossos caras l\u00e1&#8221;.<\/p>\n<p><span style=\"font-weight: 400;\">Fonte:\u00a0 Ag\u00eancia Brasil<\/span><\/p>\n","protected":false},"excerpt":{"rendered":"<p>L\u00edder do campeonato de F\u00f3rmula 1, Max Verstappen foi o mais veloz no treino livre para o Grande Pr\u00eamio da Est\u00edria, lar da Red Bull, nesta sexta-feira (25), e Valtteri Bottas deu um susto quando sua Mercedes girou na pista dos boxes. O piloto holand\u00eas de 23 anos da Red Bull liderou as duas sess\u00f5es [&hellip;]<\/p>\n","protected":false},"author":246,"featured_media":184467,"comment_status":"closed","ping_status":"closed","sticky":false,"template":"","format":"standard","meta":{"footnotes":""},"categories":[436,257,439],"tags":[],"class_list":["post-184466","post","type-post","status-publish","format-standard","has-post-thumbnail","hentry","category-destaque-da-semana","category-esporte","category-ultima-hora"],"_links":{"self":[{"href":"https:\/\/diarioregionaldigital.com.br\/index.php?rest_route=\/wp\/v2\/posts\/184466","targetHints":{"allow":["GET"]}}],"collection":[{"href":"https:\/\/diarioregionaldigital.com.br\/index.php?rest_route=\/wp\/v2\/posts"}],"about":[{"href":"https:\/\/diarioregionaldigital.com.br\/index.php?rest_route=\/wp\/v2\/types\/post"}],"author":[{"embeddable":true,"href":"https:\/\/diarioregionaldigital.com.br\/index.php?rest_route=\/wp\/v2\/users\/246"}],"replies":[{"embeddable":true,"href":"https:\/\/diarioregionaldigital.com.br\/index.php?rest_route=%2Fwp%2Fv2%2Fcomments&post=184466"}],"version-history":[{"count":1,"href":"https:\/\/diarioregionaldigital.com.br\/index.php?rest_route=\/wp\/v2\/posts\/184466\/revisions"}],"predecessor-version":[{"id":184468,"href":"https:\/\/diarioregionaldigital.com.br\/index.php?rest_route=\/wp\/v2\/posts\/184466\/revisions\/184468"}],"wp:featuredmedia":[{"embeddable":true,"href":"https:\/\/diarioregionaldigital.com.br\/index.php?rest_route=\/wp\/v2\/media\/184467"}],"wp:attachment":[{"href":"https:\/\/diarioregionaldigital.com.br\/index.php?rest_route=%2Fwp%2Fv2%2Fmedia&parent=184466"}],"wp:term":[{"taxonomy":"category","embeddable":true,"href":"https:\/\/diarioregionaldigital.com.br\/index.php?rest_route=%2Fwp%2Fv2%2Fcategories&post=184466"},{"taxonomy":"post_tag","embeddable":true,"href":"https:\/\/diarioregionaldigital.com.br\/index.php?rest_route=%2Fwp%2Fv2%2Ftags&post=184466"}],"curies":[{"name":"wp","href":"https:\/\/api.w.org\/{rel}","templated":true}]}}