{"id":184461,"date":"2021-06-25T15:36:51","date_gmt":"2021-06-25T18:36:51","guid":{"rendered":"https:\/\/diarioregionaldigital.com.br\/?p=184461"},"modified":"2021-06-25T15:36:51","modified_gmt":"2021-06-25T18:36:51","slug":"olimpiada-tecnico-de-uganda-tem-variante-delta-da-covid-19-em-osaka","status":"publish","type":"post","link":"https:\/\/diarioregionaldigital.com.br\/?p=184461","title":{"rendered":"Olimp\u00edada: t\u00e9cnico de Uganda tem variante Delta da covid-19, em Osaka"},"content":{"rendered":"<p>Um membro da equipe ol\u00edmpica de Uganda que foi diagnosticado com o novo coronav\u00edrus ao chegar ao Jap\u00e3o para os Jogos Ol\u00edmpicos tem a variante Delta, informou a ministra da Olimp\u00edada japonesa\u00a0Tamayo Marukawa, nesta sexta-feira (25), o que aumenta o temor de que o evento, que come\u00e7a em menos de um m\u00eas, desencadeie uma nova onda de infec\u00e7\u00f5es.<img decoding=\"async\" src=\"https:\/\/agenciabrasil.ebc.com.br\/ebc.png?id=1413675&amp;o=node\" \/><img decoding=\"async\" src=\"https:\/\/agenciabrasil.ebc.com.br\/ebc.gif?id=1413675&amp;o=node\" \/><\/p>\n<p>Um t\u00e9cnico da delega\u00e7\u00e3o do pa\u00eds do leste africano teve um exame positivo depois de chegar ao Jap\u00e3o no s\u00e1bado (19), e um segundo membro, um atleta, foi diagnosticado na quarta-feira (23) depois de chegar \u00e0 Izumisano, em Osaka,\u00a0cidade que abriga a equipe, disseram autoridades anteriormente.<\/p>\n<p>A ministra da Olimp\u00edada disse em uma coletiva de imprensa que se descobriu que a pessoa que chegou no s\u00e1bado (19) tem a variante Delta altamente infecciosa, e que uma an\u00e1lise tamb\u00e9m est\u00e1 sendo realizada no segundo caso confirmado, disse a emissora p\u00fablica NHK.<\/p>\n<p>Marukawa disse que consultar\u00e1 outros ministros e manter\u00e1 contato com aqueles que est\u00e3o nos locais em quest\u00e3o para decidir as medidas necess\u00e1rias, disse a NHK.<\/p>\n<p>A maneira como o caso foi tratado gerou cr\u00edticas de autoridades e especialistas locais e aumentou as preocupa\u00e7\u00f5es sobre o que vem pela frente.<\/p>\n<p>Embora um membro tenha sido diagnosticado com o v\u00edrus no aeroporto, o restante viajou \u00e0 cidade-sede em um \u00f4nibus acompanhado por tr\u00eas autoridades municipais, disse um funcion\u00e1rio de Izumisano. Estas pessoas s\u00f3 foram designadas como &#8220;contatos pr\u00f3ximos&#8221; dias depois.<\/p>\n<p>O governador de Osaka, Hirofumi Yoshimura, disse aos rep\u00f3rteres que as delega\u00e7\u00f5es ol\u00edmpicas deveriam ser mantidas no aeroporto ou nas proximidades se um membro for diagnosticado na chegada. Izumisano se localiza no munic\u00edpio de Osaka.<\/p>\n<p><span style=\"font-weight: 400;\">Fonte:\u00a0 Ag\u00eancia Brasil <\/span><\/p>\n","protected":false},"excerpt":{"rendered":"<p>Um membro da equipe ol\u00edmpica de Uganda que foi diagnosticado com o novo coronav\u00edrus ao chegar ao Jap\u00e3o para os Jogos Ol\u00edmpicos tem a variante Delta, informou a ministra da Olimp\u00edada japonesa\u00a0Tamayo Marukawa, nesta sexta-feira (25), o que aumenta o temor de que o evento, que come\u00e7a em menos de um m\u00eas, desencadeie uma nova [&hellip;]<\/p>\n","protected":false},"author":246,"featured_media":184462,"comment_status":"closed","ping_status":"closed","sticky":false,"template":"","format":"standard","meta":{"footnotes":""},"categories":[436,257,439],"tags":[],"class_list":["post-184461","post","type-post","status-publish","format-standard","has-post-thumbnail","hentry","category-destaque-da-semana","category-esporte","category-ultima-hora"],"_links":{"self":[{"href":"https:\/\/diarioregionaldigital.com.br\/index.php?rest_route=\/wp\/v2\/posts\/184461","targetHints":{"allow":["GET"]}}],"collection":[{"href":"https:\/\/diarioregionaldigital.com.br\/index.php?rest_route=\/wp\/v2\/posts"}],"about":[{"href":"https:\/\/diarioregionaldigital.com.br\/index.php?rest_route=\/wp\/v2\/types\/post"}],"author":[{"embeddable":true,"href":"https:\/\/diarioregionaldigital.com.br\/index.php?rest_route=\/wp\/v2\/users\/246"}],"replies":[{"embeddable":true,"href":"https:\/\/diarioregionaldigital.com.br\/index.php?rest_route=%2Fwp%2Fv2%2Fcomments&post=184461"}],"version-history":[{"count":1,"href":"https:\/\/diarioregionaldigital.com.br\/index.php?rest_route=\/wp\/v2\/posts\/184461\/revisions"}],"predecessor-version":[{"id":184463,"href":"https:\/\/diarioregionaldigital.com.br\/index.php?rest_route=\/wp\/v2\/posts\/184461\/revisions\/184463"}],"wp:featuredmedia":[{"embeddable":true,"href":"https:\/\/diarioregionaldigital.com.br\/index.php?rest_route=\/wp\/v2\/media\/184462"}],"wp:attachment":[{"href":"https:\/\/diarioregionaldigital.com.br\/index.php?rest_route=%2Fwp%2Fv2%2Fmedia&parent=184461"}],"wp:term":[{"taxonomy":"category","embeddable":true,"href":"https:\/\/diarioregionaldigital.com.br\/index.php?rest_route=%2Fwp%2Fv2%2Fcategories&post=184461"},{"taxonomy":"post_tag","embeddable":true,"href":"https:\/\/diarioregionaldigital.com.br\/index.php?rest_route=%2Fwp%2Fv2%2Ftags&post=184461"}],"curies":[{"name":"wp","href":"https:\/\/api.w.org\/{rel}","templated":true}]}}