{"id":184458,"date":"2021-06-25T15:34:42","date_gmt":"2021-06-25T18:34:42","guid":{"rendered":"https:\/\/diarioregionaldigital.com.br\/?p=184458"},"modified":"2021-06-25T15:34:42","modified_gmt":"2021-06-25T18:34:42","slug":"parque-olimpico-da-barra-recebe-grand-prix-para-testar-selecao-de-boxe-que-vai-a-toquio","status":"publish","type":"post","link":"https:\/\/diarioregionaldigital.com.br\/?p=184458","title":{"rendered":"Parque Ol\u00edmpico da Barra recebe Grand Prix para testar sele\u00e7\u00e3o de boxe que vai a T\u00f3quio"},"content":{"rendered":"<p>A Arena Carioca 2 do Parque Ol\u00edmpico da Barra ser\u00e1 palco, entre os dias 28 de junho e 1 de julho, do 1\u00ba Grand Prix de Boxe Ol\u00edmpico. O evento vai reunir os sete atletas classificados para representar o Brasil nos Jogos Ol\u00edmpicos de T\u00f3quio.<\/p>\n<p>Cada um dos pugilistas far\u00e1 lutas contra tr\u00eas advers\u00e1rios de sua mesma categoria selecionados entre os melhores colocados do ranking nacional. Ao todo, ser\u00e3o 28 atletas em a\u00e7\u00e3o. A ideia \u00e9 permitir a melhor prepara\u00e7\u00e3o poss\u00edvel para o elenco nacional antes da estreia na capital japonesa.<\/p>\n<p>Nas duas \u00faltimas edi\u00e7\u00f5es dos Jogos Ol\u00edmpicos, a modalidade conquistou duas medalhas de bronze e uma de prata em Londres 2012 e uma de ouro, com Robson Concei\u00e7\u00e3o, nos Jogos Rio 2016.<\/p>\n<p>No ciclo para T\u00f3quio, Beatriz Ferreira, uma das sete atletas classificadas para T\u00f3quio, conquistou o t\u00edtulo mundial em 2019, na R\u00fassia, na categoria at\u00e9 60kg. Os outros representantes brasileiros em T\u00f3quio ser\u00e3o Abner Teixeira (91kg), Graziele Jesus (51kg), Hebert Souza (75kg), Jucielen Romeu (57kg), Keno Marley (81kg) e Wanderson de Oliveira (63kg).<\/p>\n<p class=\"callout\">Nos Jogos Ol\u00edmpicos de T\u00f3quio, as disputas do boxe ser\u00e3o entre 24 de julho e 8 de agosto, na Arena Kokugikan, um palco tradicional do sum\u00f4 na capital japonesa. A arena tem capacidade para at\u00e9 7.300 espectadores.<\/p>\n<p>Do grupo, seis atletas s\u00e3o integrantes do Bolsa Atleta, programa de patroc\u00ednio individual do Governo Federal, executado pela Secretaria Especial do Esporte do Minist\u00e9rio da Cidadania. As tr\u00eas meninas pertencem \u00e0 categoria P\u00f3dio, a principal do programa. Hebert, Abner e Keno integram a categoria Internacional.<\/p>\n<p>No ciclo desde os Jogos Ol\u00edmpicos Rio 2016, o Governo Federal investiu de forma direta via Bolsa Atleta R$ 6 milh\u00f5es no boxe. Somados, os seis atletas classificados para T\u00f3quio receberam repasse direto equivalente a R$ 750 mil.<\/p>\n<p><b>Protocolos sanit\u00e1rios<\/b><\/p>\n<p>A Secretaria Especial do Esporte do Minist\u00e9rio da Cidadania \u00e9 respons\u00e1vel pela gest\u00e3o do Centro Ol\u00edmpico de T\u00eanis, das Arenas Cariocas 1 e 2 e do Vel\u00f3dromo do Parque Ol\u00edmpico da Barra, no Rio de Janeiro. A cess\u00e3o dos espa\u00e7os para confedera\u00e7\u00f5es esportivas demanda, nesse per\u00edodo, a ado\u00e7\u00e3o de uma s\u00e9rie de medidas e protocolos sanit\u00e1rios, assim como ocorreu durante a realiza\u00e7\u00e3o do Pan-Americano de Gin\u00e1stica e, mais recentemente, para treinos da sele\u00e7\u00e3o de t\u00eanis de mesa e para as eliminat\u00f3rias da Copa do Mundo de Beach Soccer.<\/p>\n<p>Com isso, h\u00e1 restri\u00e7\u00e3o de acesso aos corredores, uso obrigat\u00f3rio de m\u00e1scara pelos participantes e instala\u00e7\u00e3o de higienizadores. Bebedouros e filtros s\u00e3o liberados apenas para encher garrafas individuais e h\u00e1 a necessidade de um cronograma de limpeza regular para todas as \u00e1reas comuns, banheiros e vesti\u00e1rios, e limpeza regular de ma\u00e7anetas, corrim\u00e3os e superf\u00edcies frequentemente tocadas. Os eventos s\u00e3o realizados sem a presen\u00e7a de p\u00fablico.<\/p>\n<p>Fonte: Rededoesporte<\/p>\n","protected":false},"excerpt":{"rendered":"<p>A Arena Carioca 2 do Parque Ol\u00edmpico da Barra ser\u00e1 palco, entre os dias 28 de junho e 1 de julho, do 1\u00ba Grand Prix de Boxe Ol\u00edmpico. O evento vai reunir os sete atletas classificados para representar o Brasil nos Jogos Ol\u00edmpicos de T\u00f3quio. Cada um dos pugilistas far\u00e1 lutas contra tr\u00eas advers\u00e1rios de [&hellip;]<\/p>\n","protected":false},"author":246,"featured_media":184459,"comment_status":"closed","ping_status":"closed","sticky":false,"template":"","format":"standard","meta":{"footnotes":""},"categories":[436,257,439],"tags":[],"class_list":["post-184458","post","type-post","status-publish","format-standard","has-post-thumbnail","hentry","category-destaque-da-semana","category-esporte","category-ultima-hora"],"_links":{"self":[{"href":"https:\/\/diarioregionaldigital.com.br\/index.php?rest_route=\/wp\/v2\/posts\/184458","targetHints":{"allow":["GET"]}}],"collection":[{"href":"https:\/\/diarioregionaldigital.com.br\/index.php?rest_route=\/wp\/v2\/posts"}],"about":[{"href":"https:\/\/diarioregionaldigital.com.br\/index.php?rest_route=\/wp\/v2\/types\/post"}],"author":[{"embeddable":true,"href":"https:\/\/diarioregionaldigital.com.br\/index.php?rest_route=\/wp\/v2\/users\/246"}],"replies":[{"embeddable":true,"href":"https:\/\/diarioregionaldigital.com.br\/index.php?rest_route=%2Fwp%2Fv2%2Fcomments&post=184458"}],"version-history":[{"count":1,"href":"https:\/\/diarioregionaldigital.com.br\/index.php?rest_route=\/wp\/v2\/posts\/184458\/revisions"}],"predecessor-version":[{"id":184460,"href":"https:\/\/diarioregionaldigital.com.br\/index.php?rest_route=\/wp\/v2\/posts\/184458\/revisions\/184460"}],"wp:featuredmedia":[{"embeddable":true,"href":"https:\/\/diarioregionaldigital.com.br\/index.php?rest_route=\/wp\/v2\/media\/184459"}],"wp:attachment":[{"href":"https:\/\/diarioregionaldigital.com.br\/index.php?rest_route=%2Fwp%2Fv2%2Fmedia&parent=184458"}],"wp:term":[{"taxonomy":"category","embeddable":true,"href":"https:\/\/diarioregionaldigital.com.br\/index.php?rest_route=%2Fwp%2Fv2%2Fcategories&post=184458"},{"taxonomy":"post_tag","embeddable":true,"href":"https:\/\/diarioregionaldigital.com.br\/index.php?rest_route=%2Fwp%2Fv2%2Ftags&post=184458"}],"curies":[{"name":"wp","href":"https:\/\/api.w.org\/{rel}","templated":true}]}}