{"id":184455,"date":"2021-06-25T15:31:24","date_gmt":"2021-06-25T18:31:24","guid":{"rendered":"https:\/\/diarioregionaldigital.com.br\/?p=184455"},"modified":"2021-06-25T15:31:24","modified_gmt":"2021-06-25T18:31:24","slug":"thiago-monteiro-numero-1-do-tenis-nacional-e-confirmado-em-toquio","status":"publish","type":"post","link":"https:\/\/diarioregionaldigital.com.br\/?p=184455","title":{"rendered":"Thiago Monteiro, n\u00famero 1 do t\u00eanis nacional, \u00e9 confirmado em T\u00f3quio"},"content":{"rendered":"<p>A Federa\u00e7\u00e3o Internacional de T\u00eanis (ITF na sigla em ingl\u00eas) confirmou nesta quinta-feira (24.06) a classifica\u00e7\u00e3o de Thiago Monteiro na chave de simples nos Jogos Olimp\u00edcos de T\u00f3quio (Jap\u00e3o), ap\u00f3s desist\u00eancias de atletas com melhor pontua\u00e7\u00e3o no ranking mundial. Aos 27 anos, o tenista cearense, n\u00famero um do pa\u00eds, vai disputar a primeira Olimp\u00edada na carreira. O nome dele constava na lista de espera.<\/p>\n<p>Impactado com a confirma\u00e7\u00e3o da vaga ol\u00edmpica, o tenista compartilhou o momento de alegria com uma publica\u00e7\u00e3o o Instagram. &#8220;Mais um sonho de inf\u00e2ncia realizado: classificamos para as Olimp\u00edadas de T\u00f3quio. Sem palavras para descrever a emo\u00e7\u00e3o de viver esse momento, apenas desfrutar e agradecer&#8221;, afirmou Monteiro, 81\u00ba colocado no ranking mundial.<\/p>\n<p>O Brasil tamb\u00e9m ser\u00e1 representado em T\u00f3quio pelo mineiro Jo\u00e3o Menezes, de 24 anos, que assegurou a vaga de forma direta ao conquistar a medalha de ouro nos Jogos Pan-Americanos de Lima (Peru), em 2019. Al\u00e9m do t\u00edtulo no Pan, Menezes precisava se manter entre os 300 primeiros colocados no ranking mundial para assegurar a vaga ol\u00edmpica. Natural de Uberl\u00e2ndia, o tenista ocupa atualmente a 211\u00aa posi\u00e7\u00e3o no ranking da ATP.<\/p>\n<p>Nos Jogos Ol\u00edmpicos de T\u00f3quio, o t\u00eanis ser\u00e1 disputado entre os dias 24 de julho e 1\u00ba de agosto, nas quadras montadas no Ariake Tennis Park.<\/p>\n<p>Tanto Thiago Monteiro quanto Jo\u00e3o Menezes s\u00e3o integrantes do Bolsa Atleta, programa de patroc\u00ednio individual do Governo Federal Brasileiro, executado pela Secretaria Especial do Esporte do Minist\u00e9rio da Cidadania. Os dois s\u00e3o integrantes da categoria Internacional do programa.<\/p>\n<p>Nos pr\u00f3ximos dias a entidade divulgar\u00e1 os nomes dos atletas confirmados para as duplas (masculina e feminina). N\u00e3o h\u00e1 brasileiras classificadas para a chave de simples. O pa\u00eds conta com 273 vagas confirmadas em T\u00f3quio 2020 at\u00e9 o momento, em 33 modalidades.<\/p>\n<p>Fontes: Ag\u00eancia Brasil e Tokyo 2020<\/p>\n","protected":false},"excerpt":{"rendered":"<p>A Federa\u00e7\u00e3o Internacional de T\u00eanis (ITF na sigla em ingl\u00eas) confirmou nesta quinta-feira (24.06) a classifica\u00e7\u00e3o de Thiago Monteiro na chave de simples nos Jogos Olimp\u00edcos de T\u00f3quio (Jap\u00e3o), ap\u00f3s desist\u00eancias de atletas com melhor pontua\u00e7\u00e3o no ranking mundial. Aos 27 anos, o tenista cearense, n\u00famero um do pa\u00eds, vai disputar a primeira Olimp\u00edada na [&hellip;]<\/p>\n","protected":false},"author":246,"featured_media":184456,"comment_status":"closed","ping_status":"closed","sticky":false,"template":"","format":"standard","meta":{"footnotes":""},"categories":[436,257,439],"tags":[],"class_list":["post-184455","post","type-post","status-publish","format-standard","has-post-thumbnail","hentry","category-destaque-da-semana","category-esporte","category-ultima-hora"],"_links":{"self":[{"href":"https:\/\/diarioregionaldigital.com.br\/index.php?rest_route=\/wp\/v2\/posts\/184455","targetHints":{"allow":["GET"]}}],"collection":[{"href":"https:\/\/diarioregionaldigital.com.br\/index.php?rest_route=\/wp\/v2\/posts"}],"about":[{"href":"https:\/\/diarioregionaldigital.com.br\/index.php?rest_route=\/wp\/v2\/types\/post"}],"author":[{"embeddable":true,"href":"https:\/\/diarioregionaldigital.com.br\/index.php?rest_route=\/wp\/v2\/users\/246"}],"replies":[{"embeddable":true,"href":"https:\/\/diarioregionaldigital.com.br\/index.php?rest_route=%2Fwp%2Fv2%2Fcomments&post=184455"}],"version-history":[{"count":1,"href":"https:\/\/diarioregionaldigital.com.br\/index.php?rest_route=\/wp\/v2\/posts\/184455\/revisions"}],"predecessor-version":[{"id":184457,"href":"https:\/\/diarioregionaldigital.com.br\/index.php?rest_route=\/wp\/v2\/posts\/184455\/revisions\/184457"}],"wp:featuredmedia":[{"embeddable":true,"href":"https:\/\/diarioregionaldigital.com.br\/index.php?rest_route=\/wp\/v2\/media\/184456"}],"wp:attachment":[{"href":"https:\/\/diarioregionaldigital.com.br\/index.php?rest_route=%2Fwp%2Fv2%2Fmedia&parent=184455"}],"wp:term":[{"taxonomy":"category","embeddable":true,"href":"https:\/\/diarioregionaldigital.com.br\/index.php?rest_route=%2Fwp%2Fv2%2Fcategories&post=184455"},{"taxonomy":"post_tag","embeddable":true,"href":"https:\/\/diarioregionaldigital.com.br\/index.php?rest_route=%2Fwp%2Fv2%2Ftags&post=184455"}],"curies":[{"name":"wp","href":"https:\/\/api.w.org\/{rel}","templated":true}]}}