{"id":184436,"date":"2021-06-25T06:00:28","date_gmt":"2021-06-25T09:00:28","guid":{"rendered":"https:\/\/diarioregionaldigital.com.br\/?p=184436"},"modified":"2021-06-24T23:23:38","modified_gmt":"2021-06-25T02:23:38","slug":"muito-top","status":"publish","type":"post","link":"https:\/\/diarioregionaldigital.com.br\/?p=184436","title":{"rendered":"Muito Top"},"content":{"rendered":"<p style=\"text-align: center;\"><strong>Em Baixa<\/strong><\/p>\n<p style=\"text-align: center;\">A segunda pesquisa feita pelos pesquisadores \u201cJuventudes e a Pandemia do Coronav\u00edrus\u201d revela que 43% dos estudantes entrevistas j\u00e1 pensaram em parar de estudar desde que suas rotinas foram alteradas pelo v\u00edrus. O estudo indica ainda que 6% dos jovens trancaram a matr\u00edcula.<\/p>\n<p style=\"text-align: center;\"><strong>In\u00e9dito<\/strong><\/p>\n<p style=\"text-align: center;\">Organizado pelos pesquisadores Marcos Kistemann, da UFJF, Milton Rosa e Daniel Orey, da Universidade Federal de Ouro Preto, o livro \u201cEduca\u00e7\u00e3o financeira \u2013 olhares incertezas e possibilidades\u201d, \u00e9 um ato de reflex\u00e3o. O livro foi editado pela Akademy.<\/p>\n<p style=\"text-align: center;\"><strong>Muito Top<\/strong><\/p>\n<p style=\"text-align: center;\">O estilista americano Tommy Hilfiger acaba de lan\u00e7ar sua cole\u00e7\u00e3o repleta de \u00edcones da cultura pop como Bob Esponja, Pernalonga e sua turma e at\u00e9 a logo da MTV viraram estampas de uma s\u00e9rie de moletons (entre R$ 579 e R$ 689).<\/p>\n<p style=\"text-align: center;\"><strong>Boa Not\u00edcia<\/strong><\/p>\n<p style=\"text-align: center;\">As vendas no varejo de vestu\u00e1rio, cosm\u00e9ticos e higiene pessoal nos dez primeiros dias de junho deixaram o setor de Juiz de Fora otimista.<\/p>\n<p style=\"text-align: center;\"><strong>Alerta<\/strong><\/p>\n<p style=\"text-align: center;\">Nenhuma vacina oferece prote\u00e7\u00e3o total. Logo, como ainda temos alta circula\u00e7\u00e3o viral, \u00e9 fundamental que se mantenham as medidas de distanciamento, lavagem de m\u00e3os e uso de m\u00e1scaras.<\/p>\n<div id=\"attachment_184429\" style=\"width: 690px\" class=\"wp-caption aligncenter\"><img loading=\"lazy\" decoding=\"async\" aria-describedby=\"caption-attachment-184429\" class=\"wp-image-184429\" src=\"https:\/\/diarioregionaldigital.com.br\/wp-content\/uploads\/2021\/06\/fotoa-10-e1624587417624.jpeg\" alt=\"\" width=\"680\" height=\"466\" srcset=\"https:\/\/diarioregionaldigital.com.br\/wp-content\/uploads\/2021\/06\/fotoa-10-e1624587417624.jpeg 947w, https:\/\/diarioregionaldigital.com.br\/wp-content\/uploads\/2021\/06\/fotoa-10-e1624587417624-300x206.jpeg 300w, https:\/\/diarioregionaldigital.com.br\/wp-content\/uploads\/2021\/06\/fotoa-10-e1624587417624-768x526.jpeg 768w, https:\/\/diarioregionaldigital.com.br\/wp-content\/uploads\/2021\/06\/fotoa-10-e1624587417624-360x247.jpeg 360w, https:\/\/diarioregionaldigital.com.br\/wp-content\/uploads\/2021\/06\/fotoa-10-e1624587417624-100x70.jpeg 100w\" sizes=\"auto, (max-width: 680px) 100vw, 680px\" \/><p id=\"caption-attachment-184429\" class=\"wp-caption-text\">Pr\u00eamio \u201cOs Melhores de 2021\u201d, para a empres\u00e1ria da Metal Mix, Rosinei Pimentel<\/p><\/div>\n<div id=\"attachment_184430\" style=\"width: 690px\" class=\"wp-caption aligncenter\"><img loading=\"lazy\" decoding=\"async\" aria-describedby=\"caption-attachment-184430\" class=\"wp-image-184430\" src=\"https:\/\/diarioregionaldigital.com.br\/wp-content\/uploads\/2021\/06\/fotob-11-e1624587438109.jpg\" alt=\"\" width=\"680\" height=\"476\" srcset=\"https:\/\/diarioregionaldigital.com.br\/wp-content\/uploads\/2021\/06\/fotob-11-e1624587438109.jpg 888w, https:\/\/diarioregionaldigital.com.br\/wp-content\/uploads\/2021\/06\/fotob-11-e1624587438109-300x210.jpg 300w, https:\/\/diarioregionaldigital.com.br\/wp-content\/uploads\/2021\/06\/fotob-11-e1624587438109-768x537.jpg 768w, https:\/\/diarioregionaldigital.com.br\/wp-content\/uploads\/2021\/06\/fotob-11-e1624587438109-360x252.jpg 360w, https:\/\/diarioregionaldigital.com.br\/wp-content\/uploads\/2021\/06\/fotob-11-e1624587438109-100x70.jpg 100w\" sizes=\"auto, (max-width: 680px) 100vw, 680px\" \/><p id=\"caption-attachment-184430\" class=\"wp-caption-text\">O charme de Mariana Noronha enfeitando nosso final de semana<\/p><\/div>\n<div id=\"attachment_184431\" style=\"width: 690px\" class=\"wp-caption aligncenter\"><img loading=\"lazy\" decoding=\"async\" aria-describedby=\"caption-attachment-184431\" class=\"wp-image-184431\" src=\"https:\/\/diarioregionaldigital.com.br\/wp-content\/uploads\/2021\/06\/fotoc-17-e1624587455467.jpg\" alt=\"\" width=\"680\" height=\"464\" srcset=\"https:\/\/diarioregionaldigital.com.br\/wp-content\/uploads\/2021\/06\/fotoc-17-e1624587455467.jpg 516w, https:\/\/diarioregionaldigital.com.br\/wp-content\/uploads\/2021\/06\/fotoc-17-e1624587455467-300x205.jpg 300w, https:\/\/diarioregionaldigital.com.br\/wp-content\/uploads\/2021\/06\/fotoc-17-e1624587455467-360x246.jpg 360w\" sizes=\"auto, (max-width: 680px) 100vw, 680px\" \/><p id=\"caption-attachment-184431\" class=\"wp-caption-text\">As amigas Fernanda Brasileiro e Aline Renk, em tempo de esperar a pandemia passar<\/p><\/div>\n<div id=\"attachment_184432\" style=\"width: 690px\" class=\"wp-caption aligncenter\"><img loading=\"lazy\" decoding=\"async\" aria-describedby=\"caption-attachment-184432\" class=\"wp-image-184432\" src=\"https:\/\/diarioregionaldigital.com.br\/wp-content\/uploads\/2021\/06\/fotod-12-e1624587494636.jpg\" alt=\"\" width=\"680\" height=\"487\" srcset=\"https:\/\/diarioregionaldigital.com.br\/wp-content\/uploads\/2021\/06\/fotod-12-e1624587494636.jpg 1532w, https:\/\/diarioregionaldigital.com.br\/wp-content\/uploads\/2021\/06\/fotod-12-e1624587494636-300x215.jpg 300w, https:\/\/diarioregionaldigital.com.br\/wp-content\/uploads\/2021\/06\/fotod-12-e1624587494636-1024x734.jpg 1024w, https:\/\/diarioregionaldigital.com.br\/wp-content\/uploads\/2021\/06\/fotod-12-e1624587494636-768x550.jpg 768w, https:\/\/diarioregionaldigital.com.br\/wp-content\/uploads\/2021\/06\/fotod-12-e1624587494636-360x258.jpg 360w\" sizes=\"auto, (max-width: 680px) 100vw, 680px\" \/><p id=\"caption-attachment-184432\" class=\"wp-caption-text\">Direto de Bras\u00edlia (DF), o querido casal Fernanda Haddad Boechat e Felipe Carlos Boechat<\/p><\/div>\n<div id=\"attachment_184433\" style=\"width: 690px\" class=\"wp-caption aligncenter\"><img loading=\"lazy\" decoding=\"async\" aria-describedby=\"caption-attachment-184433\" class=\"wp-image-184433\" src=\"https:\/\/diarioregionaldigital.com.br\/wp-content\/uploads\/2021\/06\/fotoe-12-e1624587514430.jpg\" alt=\"\" width=\"680\" height=\"477\" srcset=\"https:\/\/diarioregionaldigital.com.br\/wp-content\/uploads\/2021\/06\/fotoe-12-e1624587514430.jpg 1066w, https:\/\/diarioregionaldigital.com.br\/wp-content\/uploads\/2021\/06\/fotoe-12-e1624587514430-300x210.jpg 300w, https:\/\/diarioregionaldigital.com.br\/wp-content\/uploads\/2021\/06\/fotoe-12-e1624587514430-1024x718.jpg 1024w, https:\/\/diarioregionaldigital.com.br\/wp-content\/uploads\/2021\/06\/fotoe-12-e1624587514430-768x538.jpg 768w, https:\/\/diarioregionaldigital.com.br\/wp-content\/uploads\/2021\/06\/fotoe-12-e1624587514430-360x252.jpg 360w, https:\/\/diarioregionaldigital.com.br\/wp-content\/uploads\/2021\/06\/fotoe-12-e1624587514430-100x70.jpg 100w\" sizes=\"auto, (max-width: 680px) 100vw, 680px\" \/><p id=\"caption-attachment-184433\" class=\"wp-caption-text\">Em cena o amor est\u00e1 no ar: Wal Tagliatte e Carlos Henrique Cas\u00e9<\/p><\/div>\n<div id=\"attachment_184434\" style=\"width: 690px\" class=\"wp-caption aligncenter\"><img loading=\"lazy\" decoding=\"async\" aria-describedby=\"caption-attachment-184434\" class=\"wp-image-184434\" src=\"https:\/\/diarioregionaldigital.com.br\/wp-content\/uploads\/2021\/06\/fotof-13-e1624587536241.jpg\" alt=\"\" width=\"680\" height=\"508\" srcset=\"https:\/\/diarioregionaldigital.com.br\/wp-content\/uploads\/2021\/06\/fotof-13-e1624587536241.jpg 1152w, https:\/\/diarioregionaldigital.com.br\/wp-content\/uploads\/2021\/06\/fotof-13-e1624587536241-300x224.jpg 300w, https:\/\/diarioregionaldigital.com.br\/wp-content\/uploads\/2021\/06\/fotof-13-e1624587536241-1024x764.jpg 1024w, https:\/\/diarioregionaldigital.com.br\/wp-content\/uploads\/2021\/06\/fotof-13-e1624587536241-768x573.jpg 768w, https:\/\/diarioregionaldigital.com.br\/wp-content\/uploads\/2021\/06\/fotof-13-e1624587536241-360x269.jpg 360w\" sizes=\"auto, (max-width: 680px) 100vw, 680px\" \/><p id=\"caption-attachment-184434\" class=\"wp-caption-text\">Antes da pandemia na Est\u00e2ncia Dom Vi\u00e7oso, Nayane Neto e Helenise Machado<\/p><\/div>\n<div id=\"attachment_184435\" style=\"width: 690px\" class=\"wp-caption aligncenter\"><img loading=\"lazy\" decoding=\"async\" aria-describedby=\"caption-attachment-184435\" class=\"wp-image-184435\" src=\"https:\/\/diarioregionaldigital.com.br\/wp-content\/uploads\/2021\/06\/fotog-14-e1624587563901.jpg\" alt=\"\" width=\"680\" height=\"473\" srcset=\"https:\/\/diarioregionaldigital.com.br\/wp-content\/uploads\/2021\/06\/fotog-14-e1624587563901.jpg 1511w, https:\/\/diarioregionaldigital.com.br\/wp-content\/uploads\/2021\/06\/fotog-14-e1624587563901-300x210.jpg 300w, https:\/\/diarioregionaldigital.com.br\/wp-content\/uploads\/2021\/06\/fotog-14-e1624587563901-1024x713.jpg 1024w, https:\/\/diarioregionaldigital.com.br\/wp-content\/uploads\/2021\/06\/fotog-14-e1624587563901-768x535.jpg 768w, https:\/\/diarioregionaldigital.com.br\/wp-content\/uploads\/2021\/06\/fotog-14-e1624587563901-360x251.jpg 360w, https:\/\/diarioregionaldigital.com.br\/wp-content\/uploads\/2021\/06\/fotog-14-e1624587563901-100x70.jpg 100w\" sizes=\"auto, (max-width: 680px) 100vw, 680px\" \/><p id=\"caption-attachment-184435\" class=\"wp-caption-text\">O artista-pl\u00e1stico Henrique Lott com seu amor Simonne Faria Paiva encerrando o Dia dos Namorados<\/p><\/div>\n<p style=\"text-align: center;\"><strong>FOTOSS\u00cdNTESE<\/strong><\/p>\n<p>Cai&#8230; cai bal\u00e3o&#8230;cai&#8230;cai bal\u00e3o, aqui na minha m\u00e3o. Viva Santo Ant\u00f4nio, S\u00e3o Jo\u00e3o e S\u00e3o Pedro.<\/p>\n<p>Com pratos no Le Portugal no Jardim da Serra, a elegante Florinha Carmo recebeu amigas refinadas com comida boa e bons vinhos.<\/p>\n<p>Dona cegonha aprontou de novo Colocou na chamin\u00e9 de Rosana e Ricardo Campello, a linda estrelinha Vallentina.<\/p>\n<p>No segundo semestre, a cidade de Rio Branco (MG) recebe uma bela loja Bahamas. O estacionamento ser\u00e1 para 110 vagas.<\/p>\n<p>Colocando em reflex\u00e3o, jornalista Luciana Neiva \u00e9 a organizadora do livro \u201cAmores confinados\u201d, composto por contos que falam de amor em tempos de pandemia.<\/p>\n<p>Mesmo com dificuldades devido a pandemia a atleta (21 anos) de Juiz de Fora \u00e9 bicampe\u00e3o do Trof\u00e9u Brasil, principal competi\u00e7\u00e3o de atletismo do pa\u00eds.<\/p>\n<p>Com curto-circuito geral as centrais el\u00e9tricas fizeram chamamento aos funcion\u00e1rios do sistema Eletrobr\u00e1s, pela imprensa e redes sociais, para debater a privatiza\u00e7\u00e3o. Greve geral foi aprovada.<\/p>\n<p>Os quadros bel\u00edssimos de Henrique Lott est\u00e3o \u00e0 venda pelo telefone: 988081690. \u00c9 s\u00f3 agendar.<\/p>\n<p>Mandando not\u00edcias da Espanha, os belos juiz-foranos James Fernando e Jacqueline Toledo.<\/p>\n<p>Pesquisa Cont\u00ednua: Avalia\u00e7\u00e3o das vacinas na vida real j\u00e1 indica vit\u00f3rias contra a Covid-19. Todos as vacinas em uso tem mostrado seguras e j\u00e1 vemos luz no final do t\u00fanel. Bom dia.<\/p>\n<p><img loading=\"lazy\" decoding=\"async\" class=\"aligncenter size-full wp-image-184437\" src=\"https:\/\/diarioregionaldigital.com.br\/wp-content\/uploads\/2021\/06\/anuncio87-scaled.jpg\" alt=\"\" width=\"2560\" height=\"981\" srcset=\"https:\/\/diarioregionaldigital.com.br\/wp-content\/uploads\/2021\/06\/anuncio87-scaled.jpg 2560w, https:\/\/diarioregionaldigital.com.br\/wp-content\/uploads\/2021\/06\/anuncio87-300x115.jpg 300w, https:\/\/diarioregionaldigital.com.br\/wp-content\/uploads\/2021\/06\/anuncio87-1024x392.jpg 1024w, https:\/\/diarioregionaldigital.com.br\/wp-content\/uploads\/2021\/06\/anuncio87-768x294.jpg 768w, https:\/\/diarioregionaldigital.com.br\/wp-content\/uploads\/2021\/06\/anuncio87-1536x588.jpg 1536w, https:\/\/diarioregionaldigital.com.br\/wp-content\/uploads\/2021\/06\/anuncio87-2048x784.jpg 2048w, https:\/\/diarioregionaldigital.com.br\/wp-content\/uploads\/2021\/06\/anuncio87-360x138.jpg 360w\" sizes=\"auto, (max-width: 2560px) 100vw, 2560px\" \/><\/p>\n","protected":false},"excerpt":{"rendered":"<p>Em Baixa A segunda pesquisa feita pelos pesquisadores \u201cJuventudes e a Pandemia do Coronav\u00edrus\u201d revela que 43% dos estudantes entrevistas j\u00e1 pensaram em parar de estudar desde que suas rotinas foram alteradas pelo v\u00edrus. O estudo indica ainda que 6% dos jovens trancaram a matr\u00edcula. In\u00e9dito Organizado pelos pesquisadores Marcos Kistemann, da UFJF, Milton Rosa [&hellip;]<\/p>\n","protected":false},"author":253,"featured_media":184429,"comment_status":"closed","ping_status":"closed","sticky":false,"template":"","format":"standard","meta":{"footnotes":""},"categories":[264],"tags":[],"class_list":["post-184436","post","type-post","status-publish","format-standard","has-post-thumbnail","hentry","category-eduardo-gomes"],"_links":{"self":[{"href":"https:\/\/diarioregionaldigital.com.br\/index.php?rest_route=\/wp\/v2\/posts\/184436","targetHints":{"allow":["GET"]}}],"collection":[{"href":"https:\/\/diarioregionaldigital.com.br\/index.php?rest_route=\/wp\/v2\/posts"}],"about":[{"href":"https:\/\/diarioregionaldigital.com.br\/index.php?rest_route=\/wp\/v2\/types\/post"}],"author":[{"embeddable":true,"href":"https:\/\/diarioregionaldigital.com.br\/index.php?rest_route=\/wp\/v2\/users\/253"}],"replies":[{"embeddable":true,"href":"https:\/\/diarioregionaldigital.com.br\/index.php?rest_route=%2Fwp%2Fv2%2Fcomments&post=184436"}],"version-history":[{"count":1,"href":"https:\/\/diarioregionaldigital.com.br\/index.php?rest_route=\/wp\/v2\/posts\/184436\/revisions"}],"predecessor-version":[{"id":184438,"href":"https:\/\/diarioregionaldigital.com.br\/index.php?rest_route=\/wp\/v2\/posts\/184436\/revisions\/184438"}],"wp:featuredmedia":[{"embeddable":true,"href":"https:\/\/diarioregionaldigital.com.br\/index.php?rest_route=\/wp\/v2\/media\/184429"}],"wp:attachment":[{"href":"https:\/\/diarioregionaldigital.com.br\/index.php?rest_route=%2Fwp%2Fv2%2Fmedia&parent=184436"}],"wp:term":[{"taxonomy":"category","embeddable":true,"href":"https:\/\/diarioregionaldigital.com.br\/index.php?rest_route=%2Fwp%2Fv2%2Fcategories&post=184436"},{"taxonomy":"post_tag","embeddable":true,"href":"https:\/\/diarioregionaldigital.com.br\/index.php?rest_route=%2Fwp%2Fv2%2Ftags&post=184436"}],"curies":[{"name":"wp","href":"https:\/\/api.w.org\/{rel}","templated":true}]}}