{"id":184424,"date":"2021-06-24T21:04:16","date_gmt":"2021-06-25T00:04:16","guid":{"rendered":"https:\/\/diarioregionaldigital.com.br\/?p=184424"},"modified":"2021-06-24T21:04:16","modified_gmt":"2021-06-25T00:04:16","slug":"minas-gerais-ultrapassa-a-marca-de-1-milhao-e-700-mil-notificacoes-por-covid-19-2","status":"publish","type":"post","link":"https:\/\/diarioregionaldigital.com.br\/?p=184424","title":{"rendered":"Minas Gerais ultrapassa a marca de 1 milh\u00e3o e 700 mil notifica\u00e7\u00f5es por Covid-19"},"content":{"rendered":"<p>A Secretaria de Estado da Sa\u00fade de Minas Gerais (SES-MG), publicou nesta quinta-feira (17), o novo <a href=\"https:\/\/coronavirus.saude.mg.gov.br\/images\/1_2021\/06-junho\/24-06-COVID-19_BOLETIM20210624_RETIFICADO.pdf\">boletim<\/a> referente ao Coronav\u00edrus. O levantamento aponta que o estado notificou mais 8.435 novos casos da doen\u00e7a, totalizando 1.766.084 pessoas infectadas. Os dados indicam que foram registradas mais 209 mortes, contabilizando 45.245 \u00f3bitos.<\/p>\n<p>Al\u00e9m disso, 1.634.144 pacientes est\u00e3o recuperados da doen\u00e7a, representando 91,9 % dos casos. Quanto aos dados de hospitaliza\u00e7\u00e3o, 154.665 estiveram internados e 1.611.419 estiveram em isolamento domiciliar. At\u00e9 o momento, 6.725.457 pessoas receberam a primeira dose da vacina e 2.660.539 a segunda.<\/p>\n","protected":false},"excerpt":{"rendered":"<p>A Secretaria de Estado da Sa\u00fade de Minas Gerais (SES-MG), publicou nesta quinta-feira (17), o novo boletim referente ao Coronav\u00edrus. O levantamento aponta que o estado notificou mais 8.435 novos casos da doen\u00e7a, totalizando 1.766.084 pessoas infectadas. Os dados indicam que foram registradas mais 209 mortes, contabilizando 45.245 \u00f3bitos. Al\u00e9m disso, 1.634.144 pacientes est\u00e3o recuperados [&hellip;]<\/p>\n","protected":false},"author":246,"featured_media":184425,"comment_status":"closed","ping_status":"closed","sticky":false,"template":"","format":"standard","meta":{"footnotes":""},"categories":[252],"tags":[],"class_list":["post-184424","post","type-post","status-publish","format-standard","has-post-thumbnail","hentry","category-regiao"],"_links":{"self":[{"href":"https:\/\/diarioregionaldigital.com.br\/index.php?rest_route=\/wp\/v2\/posts\/184424","targetHints":{"allow":["GET"]}}],"collection":[{"href":"https:\/\/diarioregionaldigital.com.br\/index.php?rest_route=\/wp\/v2\/posts"}],"about":[{"href":"https:\/\/diarioregionaldigital.com.br\/index.php?rest_route=\/wp\/v2\/types\/post"}],"author":[{"embeddable":true,"href":"https:\/\/diarioregionaldigital.com.br\/index.php?rest_route=\/wp\/v2\/users\/246"}],"replies":[{"embeddable":true,"href":"https:\/\/diarioregionaldigital.com.br\/index.php?rest_route=%2Fwp%2Fv2%2Fcomments&post=184424"}],"version-history":[{"count":1,"href":"https:\/\/diarioregionaldigital.com.br\/index.php?rest_route=\/wp\/v2\/posts\/184424\/revisions"}],"predecessor-version":[{"id":184426,"href":"https:\/\/diarioregionaldigital.com.br\/index.php?rest_route=\/wp\/v2\/posts\/184424\/revisions\/184426"}],"wp:featuredmedia":[{"embeddable":true,"href":"https:\/\/diarioregionaldigital.com.br\/index.php?rest_route=\/wp\/v2\/media\/184425"}],"wp:attachment":[{"href":"https:\/\/diarioregionaldigital.com.br\/index.php?rest_route=%2Fwp%2Fv2%2Fmedia&parent=184424"}],"wp:term":[{"taxonomy":"category","embeddable":true,"href":"https:\/\/diarioregionaldigital.com.br\/index.php?rest_route=%2Fwp%2Fv2%2Fcategories&post=184424"},{"taxonomy":"post_tag","embeddable":true,"href":"https:\/\/diarioregionaldigital.com.br\/index.php?rest_route=%2Fwp%2Fv2%2Ftags&post=184424"}],"curies":[{"name":"wp","href":"https:\/\/api.w.org\/{rel}","templated":true}]}}