{"id":184420,"date":"2021-06-24T20:36:27","date_gmt":"2021-06-24T23:36:27","guid":{"rendered":"https:\/\/diarioregionaldigital.com.br\/?p=184420"},"modified":"2021-06-24T20:36:27","modified_gmt":"2021-06-24T23:36:27","slug":"fiscalizacao-suspende-alvara-de-mercado-do-centro-apos-reincidencia-de-infracoes","status":"publish","type":"post","link":"https:\/\/diarioregionaldigital.com.br\/?p=184420","title":{"rendered":"Fiscaliza\u00e7\u00e3o suspende alvar\u00e1 de mercado do Centro ap\u00f3s reincid\u00eancia de infra\u00e7\u00f5es"},"content":{"rendered":"<p>Nesta quarta-feira, 23, a\u00a0equipe da Fiscaliza\u00e7\u00e3o interditou um mercado de frutas e verduras localizado na Avenida Get\u00falio Vargas. O local j\u00e1 havia sido notificado e autuado cinco vezes por obstru\u00e7\u00e3o da via p\u00fablica e uma vez por apoiar o com\u00e9rcio ambulante irregular. Ap\u00f3s as repetidas den\u00fancias recebidas atrav\u00e9s dos canais de comunica\u00e7\u00e3o da Prefeitura de Juiz de Fora (PJF), a equipe constatou a reincid\u00eancia no descumprimento da lei, levando \u00e0 interdi\u00e7\u00e3o.<\/p>\n<p>Segundo informa\u00e7\u00f5es do site da Prefeitura de Juiz de Fora, o alvar\u00e1 do estabelecimento est\u00e1 suspenso. O prazo da interdi\u00e7\u00e3o \u00e9 de 30 dias e o propriet\u00e1rio pode recorrer da decis\u00e3o. Nesta quinta-feira, 24, o respons\u00e1vel pelo mercado foi intimado a providenciar a retirada dos materiais perec\u00edveis do local em at\u00e9 24 horas. Caso os produtos n\u00e3o sejam retirados, o propriet\u00e1rio estar\u00e1 sujeito a multa.<\/p>\n<p>No momento em que os fiscais de posturas chegaram ao mercado na Avenida Get\u00falio Vargas, tamb\u00e9m foi verificado que os protocolos sanit\u00e1rios vigentes n\u00e3o estavam sendo cumpridos, sendo constatada a aus\u00eancia do uso de m\u00e1scaras por funcion\u00e1rios.<\/p>\n<p><strong>Notifica\u00e7\u00f5es<\/strong><\/p>\n<p>Os mercados da cidade est\u00e3o sendo notificados de que, em caso da constata\u00e7\u00e3o de apoio ao com\u00e9rcio ambulante irregular, o alvar\u00e1 do estabelecimento pode ser cassado.<\/p>\n","protected":false},"excerpt":{"rendered":"<p>Nesta quarta-feira, 23, a\u00a0equipe da Fiscaliza\u00e7\u00e3o interditou um mercado de frutas e verduras localizado na Avenida Get\u00falio Vargas. O local j\u00e1 havia sido notificado e autuado cinco vezes por obstru\u00e7\u00e3o da via p\u00fablica e uma vez por apoiar o com\u00e9rcio ambulante irregular. Ap\u00f3s as repetidas den\u00fancias recebidas atrav\u00e9s dos canais de comunica\u00e7\u00e3o da Prefeitura de [&hellip;]<\/p>\n","protected":false},"author":246,"featured_media":184421,"comment_status":"closed","ping_status":"closed","sticky":false,"template":"","format":"standard","meta":{"footnotes":""},"categories":[253,440,439],"tags":[],"class_list":["post-184420","post","type-post","status-publish","format-standard","has-post-thumbnail","hentry","category-cidade","category-destaques-do-dia","category-ultima-hora"],"_links":{"self":[{"href":"https:\/\/diarioregionaldigital.com.br\/index.php?rest_route=\/wp\/v2\/posts\/184420","targetHints":{"allow":["GET"]}}],"collection":[{"href":"https:\/\/diarioregionaldigital.com.br\/index.php?rest_route=\/wp\/v2\/posts"}],"about":[{"href":"https:\/\/diarioregionaldigital.com.br\/index.php?rest_route=\/wp\/v2\/types\/post"}],"author":[{"embeddable":true,"href":"https:\/\/diarioregionaldigital.com.br\/index.php?rest_route=\/wp\/v2\/users\/246"}],"replies":[{"embeddable":true,"href":"https:\/\/diarioregionaldigital.com.br\/index.php?rest_route=%2Fwp%2Fv2%2Fcomments&post=184420"}],"version-history":[{"count":1,"href":"https:\/\/diarioregionaldigital.com.br\/index.php?rest_route=\/wp\/v2\/posts\/184420\/revisions"}],"predecessor-version":[{"id":184422,"href":"https:\/\/diarioregionaldigital.com.br\/index.php?rest_route=\/wp\/v2\/posts\/184420\/revisions\/184422"}],"wp:featuredmedia":[{"embeddable":true,"href":"https:\/\/diarioregionaldigital.com.br\/index.php?rest_route=\/wp\/v2\/media\/184421"}],"wp:attachment":[{"href":"https:\/\/diarioregionaldigital.com.br\/index.php?rest_route=%2Fwp%2Fv2%2Fmedia&parent=184420"}],"wp:term":[{"taxonomy":"category","embeddable":true,"href":"https:\/\/diarioregionaldigital.com.br\/index.php?rest_route=%2Fwp%2Fv2%2Fcategories&post=184420"},{"taxonomy":"post_tag","embeddable":true,"href":"https:\/\/diarioregionaldigital.com.br\/index.php?rest_route=%2Fwp%2Fv2%2Ftags&post=184420"}],"curies":[{"name":"wp","href":"https:\/\/api.w.org\/{rel}","templated":true}]}}