{"id":184413,"date":"2021-06-24T20:25:04","date_gmt":"2021-06-24T23:25:04","guid":{"rendered":"https:\/\/diarioregionaldigital.com.br\/?p=184413"},"modified":"2021-06-24T20:25:04","modified_gmt":"2021-06-24T23:25:04","slug":"mais-de-95-mil-pessoas-ja-foram-vacinadas-contra-a-influenza-pela-pjf","status":"publish","type":"post","link":"https:\/\/diarioregionaldigital.com.br\/?p=184413","title":{"rendered":"Mais de 95 mil pessoas j\u00e1 foram vacinadas contra a Influenza pela PJF"},"content":{"rendered":"<div id=\"box_texto_noticia\">Nesta sexta-feira, 25,\u00a0 segue sendo oferecida a aplica\u00e7\u00e3o do imunizante para diversos grupos, das 13h \u00e0s 16h, em 38 Unidades B\u00e1sicas de Sa\u00fade (UBSs) presentes em todas as regi\u00f5es da cidade. Na \u00faltima atualiza\u00e7\u00e3o, realizada no dia 23, os dados mostram que na atual campanha de vacina\u00e7\u00e3o contra a Influenza realizada pela Secret\u00e1ria de Sa\u00fade (SS) da Prefeitura de Juiz de Fora (PJF) atingiu o total de 95.412 pessoas imunizadas.<\/p>\n<p>Segundo informa\u00e7\u00f5es do site da Prefeitura de Juiz de Fora, j\u00e1 foram vacinados contra a Influenza 21.530 crian\u00e7as de seis meses a seis anos incompletos, 11.294 trabalhadores de sa\u00fade, 3.820 pessoas com comorbidade, 2.611 professores, 2.415 gestantes, 796 pu\u00e9rperas, al\u00e9m dos demais grupos que entraram recentemente nesta terceira etapa da imuniza\u00e7\u00e3o. <b>Os endere\u00e7os e hor\u00e1rios de vacina\u00e7\u00e3o para cada um dos grupos podem ser vistos de forma detalhada no fim do texto.<\/b><\/p>\n<p>A vacina oferecida \u00e9 a trivalente, capaz de proteger contra os tr\u00eas principais tipos de v\u00edrus em circula\u00e7\u00e3o: Influenza A (H1N1), Influenza A (H3N2) e Influenza B. A imuniza\u00e7\u00e3o previne complica\u00e7\u00f5es decorrentes da doen\u00e7a, \u00f3bitos e suas consequ\u00eancias sobre os servi\u00e7os de sa\u00fade, al\u00e9m de minimizar a carga da doen\u00e7a, reduzindo os sintomas que podem ser confundidos com os da Covid-19.<\/p>\n<p><b>Fique atento<\/b><\/p>\n<p>Como a campanha contra o Influenza est\u00e1 ocorrendo paralela a de combate \u00e0 Covid-19, a Vigil\u00e2ncia Epidemiol\u00f3gica pede para as pessoas j\u00e1 imunizadas levarem o cart\u00e3o de vacina\u00e7\u00e3o da Covid-19. \u00c9 preciso um intervalo de, pelo menos, 14 dias entre a aplica\u00e7\u00e3o de uma e da outra.<\/p>\n<p><b>Confira os locais e hor\u00e1rios de vacina\u00e7\u00e3o para cada grupo nesta sexta:<\/b><\/p>\n<p>Crian\u00e7as de 6 meses a 6 anos incompletos &#8211; Departamento de Sa\u00fade da Mulher da Crian\u00e7a e Adolescente (DSMCA), de 8h \u00e0s 14h, e em 38 UBSs, das 13h \u00e0s 16h.<\/p>\n<p>Gr\u00e1vidas e Pu\u00e9rperas &#8211; Departamento de Sa\u00fade da Mulher da Crian\u00e7a e Adolescente (DSMCA), de 8h \u00e0s 14h, e em 38 UBSs, das 13h \u00e0s 16h.<\/p>\n<p>Idosos de 60 anos ou mais &#8211; No Departamento de Sa\u00fade do Idoso, das 9h \u00e0s 16, e em 38 UBSs, das 13h \u00e0s 16h.<\/p>\n<p><b>Os seguintes grupos s\u00e3o vacinados exclusivamente nas 38 UBSs:<\/b><\/p>\n<p>Caminhoneiros<br \/>\nMembros das For\u00e7as Armadas<br \/>\nMembros das For\u00e7as de Seguran\u00e7a e Salvamento<br \/>\nPessoas com defici\u00eancia permanente<br \/>\nPessoas com comorbidades<br \/>\nTrabalhadores do transporte coletivo<br \/>\nTrabalhadores da educa\u00e7\u00e3o na ativa das redes p\u00fablica e privada<\/p>\n<p><b>Confira os endere\u00e7os dos locais de vacina\u00e7\u00e3o contra Influenza<\/b><\/p>\n<p><b>Departamento de Sa\u00fade do Idoso<\/b><\/p>\n<p>Rua Batista de Oliveira, 943, Granbery<\/p>\n<p><b>Departamento De Sa\u00fade da Mulher da Crian\u00e7a e Adolescente (DSMCA)<\/b><br \/>\nRua s\u00e3o Sebasti\u00e3o, 772, Centro<\/p>\n<p><b>38 UBSs:<\/b><br \/>\nUBS Alto Graja\u00fa, Rua Doutor Leonel Jaguaribe, 178;<br \/>\nUBS Bairro Industrial, Rua Jo\u00e3o Gualberto,110;<br \/>\nUBS Barreira do Triunfo, Avenida Juscelino Kubitscheck, s\/n\u00ba;<br \/>\nUBS Borboleta, Rua Tenente Paulo Maria Delage, 229;<br \/>\nUBS Cidade do Sol, Rua Gustavo Capanema, 70;<br \/>\nUBS Dom Bosco, Rua Jo\u00e3o Manata, 93;<br \/>\nUBS Esplanada, Rua Bias Fortes, 74;<br \/>\nUBS Filgueiras, Rua Orlando Riani, 2.200;<br \/>\nUBS Furtado de Menezes, Rua Furtado de Menezes, 19 \u00c0;<br \/>\nUBS Grama, Pra\u00e7a \u00c1ureo Carneiro s\/n;<br \/>\nUBS Granjas Beth\u00e2nia, Rua Nove de Julho, 294;<br \/>\nUBS Ipiranga, Rua Etiene Loures, 85;<br \/>\nUBS Jardim da Lua, Rua Natalino Jos\u00e9 de Paula, 314;<br \/>\nUBS Jardim Esperan\u00e7a, Rua Padre Jo\u00e3o Micheleto, 35;<br \/>\nUBS Jardim Natal, Rua Tenente Lucas Drumond, 370;<br \/>\nUBS Joquei Clube I, Rua Antonio Armando Pereira, 140;<br \/>\nUBS Joquei Clube II, Rua Antonio Guimar\u00e3es Peralva, 130;<br \/>\nUBS Linhares, Rua Ministro Odilon Braga, s\/n\u00ba;<br \/>\nUBS Marumbi, Rua Bar\u00e3o do Retiro, 1.462;<br \/>\nUBS Milho Branco, Rua Nicolau Schuery, s\/n\u00ba;<br \/>\nUBS Monte Castelo, Rua Doutor Oswaldo Mascarenhas, s\/n\u00ba;<br \/>\nUBS Nova Era, Rua Guimar\u00e3es Junior, 850;<br \/>\nUBS Parque Guarani, Rua Sofia Rafael Zacarias, 685;<br \/>\nUBS Progresso, Rua Jorge Knopp, 119;<br \/>\nUBS Retiro Rua, Sebasti\u00e3o Cardoso, 41;<br \/>\nUBS Santa Cec\u00edlia, Rua Gabriel Rodrigues, 900;<br \/>\nUBS Santa Cruz, Rua Doutor Antonio Mour\u00e3o Guimar\u00e3es, 245;<br \/>\nUBS Santa Efig\u00eania, Rua Jos\u00e9 Ferreira, 13;<br \/>\nUBS Santa Rita, Rua Jos\u00e9 Vicente, 390;<br \/>\nUBS Santo Ant\u00f4nio, Rua Pedro Trogo, 285;<br \/>\nUBS Santos Dumont, Rua \u00c1lvaro Jos\u00e9 Rodrigues, 25;<br \/>\nUBS S\u00e3o Judas Tadeu, Rua Ernesto Pancini, 446;UBS S\u00e3o Sebasti\u00e3o, Rua Jorge Raimundo, 209;<br \/>\nUBS Teixeiras, Rua Cust\u00f3dio Furtado de Souza, 131;<br \/>\nUBS Vale dos Bandeirantes Rua Laurindo Nocelli, 100;<br \/>\nUBS Vale Verde, Rua Marciano Pinto, 685;<br \/>\nUBS Vila Esperan\u00e7a, Rua Nova, 30;<br \/>\nUBS Vila Olavo Costa, Rua Jacinto Marcelino, 16.<\/div>\n<p>&nbsp;<\/p>\n<div id=\"box_compartilhar\" align=\"right\"><\/div>\n","protected":false},"excerpt":{"rendered":"<p>Nesta sexta-feira, 25,\u00a0 segue sendo oferecida a aplica\u00e7\u00e3o do imunizante para diversos grupos, das 13h \u00e0s 16h, em 38 Unidades B\u00e1sicas de Sa\u00fade (UBSs) presentes em todas as regi\u00f5es da cidade. Na \u00faltima atualiza\u00e7\u00e3o, realizada no dia 23, os dados mostram que na atual campanha de vacina\u00e7\u00e3o contra a Influenza realizada pela Secret\u00e1ria de Sa\u00fade [&hellip;]<\/p>\n","protected":false},"author":246,"featured_media":184414,"comment_status":"closed","ping_status":"closed","sticky":false,"template":"","format":"standard","meta":{"footnotes":""},"categories":[253,436,439],"tags":[],"class_list":["post-184413","post","type-post","status-publish","format-standard","has-post-thumbnail","hentry","category-cidade","category-destaque-da-semana","category-ultima-hora"],"_links":{"self":[{"href":"https:\/\/diarioregionaldigital.com.br\/index.php?rest_route=\/wp\/v2\/posts\/184413","targetHints":{"allow":["GET"]}}],"collection":[{"href":"https:\/\/diarioregionaldigital.com.br\/index.php?rest_route=\/wp\/v2\/posts"}],"about":[{"href":"https:\/\/diarioregionaldigital.com.br\/index.php?rest_route=\/wp\/v2\/types\/post"}],"author":[{"embeddable":true,"href":"https:\/\/diarioregionaldigital.com.br\/index.php?rest_route=\/wp\/v2\/users\/246"}],"replies":[{"embeddable":true,"href":"https:\/\/diarioregionaldigital.com.br\/index.php?rest_route=%2Fwp%2Fv2%2Fcomments&post=184413"}],"version-history":[{"count":1,"href":"https:\/\/diarioregionaldigital.com.br\/index.php?rest_route=\/wp\/v2\/posts\/184413\/revisions"}],"predecessor-version":[{"id":184415,"href":"https:\/\/diarioregionaldigital.com.br\/index.php?rest_route=\/wp\/v2\/posts\/184413\/revisions\/184415"}],"wp:featuredmedia":[{"embeddable":true,"href":"https:\/\/diarioregionaldigital.com.br\/index.php?rest_route=\/wp\/v2\/media\/184414"}],"wp:attachment":[{"href":"https:\/\/diarioregionaldigital.com.br\/index.php?rest_route=%2Fwp%2Fv2%2Fmedia&parent=184413"}],"wp:term":[{"taxonomy":"category","embeddable":true,"href":"https:\/\/diarioregionaldigital.com.br\/index.php?rest_route=%2Fwp%2Fv2%2Fcategories&post=184413"},{"taxonomy":"post_tag","embeddable":true,"href":"https:\/\/diarioregionaldigital.com.br\/index.php?rest_route=%2Fwp%2Fv2%2Ftags&post=184413"}],"curies":[{"name":"wp","href":"https:\/\/api.w.org\/{rel}","templated":true}]}}