{"id":184382,"date":"2021-06-24T19:18:20","date_gmt":"2021-06-24T22:18:20","guid":{"rendered":"https:\/\/diarioregionaldigital.com.br\/?p=184382"},"modified":"2021-06-24T19:18:20","modified_gmt":"2021-06-24T22:18:20","slug":"dolar-cai-para-r-490-e-fecha-no-menor-valor-em-mais-de-um-ano","status":"publish","type":"post","link":"https:\/\/diarioregionaldigital.com.br\/?p=184382","title":{"rendered":"D\u00f3lar cai para R$ 4,90 e fecha no menor valor em mais de um ano"},"content":{"rendered":"<p>Em um dia de al\u00edvio global, o d\u00f3lar operou em queda cont\u00ednua e fechou no menor n\u00edvel em mais de um ano. A bolsa de valores (B3) recuperou-se parcialmente de perdas recentes e voltou a encostar nos 130 mil pontos.<img decoding=\"async\" src=\"https:\/\/agenciabrasil.ebc.com.br\/ebc.png?id=1413622&amp;o=node\" \/><img decoding=\"async\" src=\"https:\/\/agenciabrasil.ebc.com.br\/ebc.gif?id=1413622&amp;o=node\" \/><\/p>\n<p>O d\u00f3lar comercial encerrou esta quinta-feira (24) vendido a R$ 4,905, com recuo de R$ 0,058 (1,17%). Durante toda a sess\u00e3o, a moeda operou em baixa, fechando pr\u00f3xima da m\u00ednima do dia. Foi o quarto dia consecutivo de queda da divisa.<\/p>\n<p>A cota\u00e7\u00e3o est\u00e1 no menor n\u00edvel desde 9 de junho do ano passado, quando fechou em R$ 4,89. A divisa acumula queda de 6,12% neste m\u00eas. No ano, o recuo est\u00e1 em 5,47%.<\/p>\n<p>No mercado de a\u00e7\u00f5es, o dia foi marcado pela recupera\u00e7\u00e3o. Ap\u00f3s dois dias de queda, o \u00edndice Ibovespa da B3 fechou a quinta-feira aos 129.514 pontos, com alta de 0,85%. O indicador acumula alta de 2,61% em junho e de 8,82% em 2021.<\/p>\n<p>A divulga\u00e7\u00e3o de dados que mostram que a recupera\u00e7\u00e3o do emprego e do consumo nos Estados Unidos est\u00e1 mais lenta do que o esperado animou os mercados. Os pedidos de aux\u00edlio-desemprego na terceira semana de junho vieram mais altos que o esperado, e as compras de bens de capital (m\u00e1quinas e equipamentos) e de bens dur\u00e1veis tamb\u00e9m vieram abaixo da estimativa dos investidores.<\/p>\n<p>Um atraso na recupera\u00e7\u00e3o econ\u00f4mica dos Estados Unidos aumenta as chances de que o Federal Reserve (Fed, Banco Central norte-americano) eleve os juros somente no fim de 2022. Juros mais baixos em economias avan\u00e7adas estimulam a aplica\u00e7\u00e3o de recursos em pa\u00edses emergentes, como o Brasil.<\/p>\n<p>Desde os primeiros meses da pandemia da covid-19, os juros b\u00e1sicos norte-americanos est\u00e3o entre 0% e 0,25% ao ano, no menor n\u00edvel da hist\u00f3ria. Paralelamente \u00e0s taxas baixas nos Estados Unidos, os investidores est\u00e3o reagindo \u00e0 ata da \u00faltima reuni\u00e3o do Comit\u00ea de Pol\u00edtica Monet\u00e1ria (Copom) do Banco Central brasileiro.<\/p>\n<p>Divulgado ontem (23), o documento revela que a autoridade monet\u00e1ria brasileira pode acelerar o ritmo de eleva\u00e7\u00e3o da taxa Selic (juros b\u00e1sicos da economia) caso a infla\u00e7\u00e3o permane\u00e7a alta nos pr\u00f3ximos meses. Juros mais altos no Brasil tamb\u00e9m atraem capitais estrangeiros, pressionando para baixo a cota\u00e7\u00e3o do d\u00f3lar.<\/p>\n<p><span style=\"font-weight: 400;\"><br \/>\n<\/span><span style=\"font-weight: 400;\">Fonte: Ag\u00eancia Brasil \/ Reuters<\/span><\/p>\n","protected":false},"excerpt":{"rendered":"<p>Em um dia de al\u00edvio global, o d\u00f3lar operou em queda cont\u00ednua e fechou no menor n\u00edvel em mais de um ano. A bolsa de valores (B3) recuperou-se parcialmente de perdas recentes e voltou a encostar nos 130 mil pontos. O d\u00f3lar comercial encerrou esta quinta-feira (24) vendido a R$ 4,905, com recuo de R$ [&hellip;]<\/p>\n","protected":false},"author":246,"featured_media":184383,"comment_status":"closed","ping_status":"closed","sticky":false,"template":"","format":"standard","meta":{"footnotes":""},"categories":[440,261,439],"tags":[],"class_list":["post-184382","post","type-post","status-publish","format-standard","has-post-thumbnail","hentry","category-destaques-do-dia","category-economia","category-ultima-hora"],"_links":{"self":[{"href":"https:\/\/diarioregionaldigital.com.br\/index.php?rest_route=\/wp\/v2\/posts\/184382","targetHints":{"allow":["GET"]}}],"collection":[{"href":"https:\/\/diarioregionaldigital.com.br\/index.php?rest_route=\/wp\/v2\/posts"}],"about":[{"href":"https:\/\/diarioregionaldigital.com.br\/index.php?rest_route=\/wp\/v2\/types\/post"}],"author":[{"embeddable":true,"href":"https:\/\/diarioregionaldigital.com.br\/index.php?rest_route=\/wp\/v2\/users\/246"}],"replies":[{"embeddable":true,"href":"https:\/\/diarioregionaldigital.com.br\/index.php?rest_route=%2Fwp%2Fv2%2Fcomments&post=184382"}],"version-history":[{"count":1,"href":"https:\/\/diarioregionaldigital.com.br\/index.php?rest_route=\/wp\/v2\/posts\/184382\/revisions"}],"predecessor-version":[{"id":184384,"href":"https:\/\/diarioregionaldigital.com.br\/index.php?rest_route=\/wp\/v2\/posts\/184382\/revisions\/184384"}],"wp:featuredmedia":[{"embeddable":true,"href":"https:\/\/diarioregionaldigital.com.br\/index.php?rest_route=\/wp\/v2\/media\/184383"}],"wp:attachment":[{"href":"https:\/\/diarioregionaldigital.com.br\/index.php?rest_route=%2Fwp%2Fv2%2Fmedia&parent=184382"}],"wp:term":[{"taxonomy":"category","embeddable":true,"href":"https:\/\/diarioregionaldigital.com.br\/index.php?rest_route=%2Fwp%2Fv2%2Fcategories&post=184382"},{"taxonomy":"post_tag","embeddable":true,"href":"https:\/\/diarioregionaldigital.com.br\/index.php?rest_route=%2Fwp%2Fv2%2Ftags&post=184382"}],"curies":[{"name":"wp","href":"https:\/\/api.w.org\/{rel}","templated":true}]}}