{"id":184376,"date":"2021-06-23T22:49:55","date_gmt":"2021-06-24T01:49:55","guid":{"rendered":"https:\/\/diarioregionaldigital.com.br\/?p=184376"},"modified":"2021-06-23T22:49:55","modified_gmt":"2021-06-24T01:49:55","slug":"estado-registra-413-novos-obitos-por-covid-19-nas-ultimas-24-horas","status":"publish","type":"post","link":"https:\/\/diarioregionaldigital.com.br\/?p=184376","title":{"rendered":"Estado registra 413 novos \u00f3bitos por Covid-19 nas \u00faltimas 24 horas"},"content":{"rendered":"<div class=\"evo-entry-content entry-content\">\n<p>A Secretaria de Estado da Sa\u00fade de Minas Gerais (SES-MG), publicou nesta quarta-feira (23), o novo boletim referente ao Coronav\u00edrus. O levantamento aponta que o estado notificou mais 10.341 novos casos da doen\u00e7a, totalizando 1.757.649 pessoas infectadas. Os dados indicam que foram registradas mais\u00a0 413 mortes, contabilizando 45.036 \u00f3bitos.<\/p>\n<p>Al\u00e9m disso, 1.626.400 pacientes est\u00e3o recuperados da doen\u00e7a, representando 92,2 % dos casos. Quanto aos dados de hospitaliza\u00e7\u00e3o, 153.891 estiveram internados e 1.603.758 j\u00e1 fizeram isolamento domiciliar. At\u00e9 o momento, 6.609.738 pessoas receberam a primeira dose da vacina e 2.652.751 a segunda.<\/p>\n<\/div>\n<div class=\"evo-single-footer\">\n<div class=\"evo-post-directions\">\n<div class=\"evo-post-directions-inner\">\n<div class=\"evo-prev-post\"><\/div>\n<\/div>\n<\/div>\n<\/div>\n","protected":false},"excerpt":{"rendered":"<p>A Secretaria de Estado da Sa\u00fade de Minas Gerais (SES-MG), publicou nesta quarta-feira (23), o novo boletim referente ao Coronav\u00edrus. O levantamento aponta que o estado notificou mais 10.341 novos casos da doen\u00e7a, totalizando 1.757.649 pessoas infectadas. Os dados indicam que foram registradas mais\u00a0 413 mortes, contabilizando 45.036 \u00f3bitos. Al\u00e9m disso, 1.626.400 pacientes est\u00e3o recuperados [&hellip;]<\/p>\n","protected":false},"author":246,"featured_media":184377,"comment_status":"closed","ping_status":"closed","sticky":false,"template":"","format":"standard","meta":{"footnotes":""},"categories":[252,439],"tags":[],"class_list":["post-184376","post","type-post","status-publish","format-standard","has-post-thumbnail","hentry","category-regiao","category-ultima-hora"],"_links":{"self":[{"href":"https:\/\/diarioregionaldigital.com.br\/index.php?rest_route=\/wp\/v2\/posts\/184376","targetHints":{"allow":["GET"]}}],"collection":[{"href":"https:\/\/diarioregionaldigital.com.br\/index.php?rest_route=\/wp\/v2\/posts"}],"about":[{"href":"https:\/\/diarioregionaldigital.com.br\/index.php?rest_route=\/wp\/v2\/types\/post"}],"author":[{"embeddable":true,"href":"https:\/\/diarioregionaldigital.com.br\/index.php?rest_route=\/wp\/v2\/users\/246"}],"replies":[{"embeddable":true,"href":"https:\/\/diarioregionaldigital.com.br\/index.php?rest_route=%2Fwp%2Fv2%2Fcomments&post=184376"}],"version-history":[{"count":1,"href":"https:\/\/diarioregionaldigital.com.br\/index.php?rest_route=\/wp\/v2\/posts\/184376\/revisions"}],"predecessor-version":[{"id":184378,"href":"https:\/\/diarioregionaldigital.com.br\/index.php?rest_route=\/wp\/v2\/posts\/184376\/revisions\/184378"}],"wp:featuredmedia":[{"embeddable":true,"href":"https:\/\/diarioregionaldigital.com.br\/index.php?rest_route=\/wp\/v2\/media\/184377"}],"wp:attachment":[{"href":"https:\/\/diarioregionaldigital.com.br\/index.php?rest_route=%2Fwp%2Fv2%2Fmedia&parent=184376"}],"wp:term":[{"taxonomy":"category","embeddable":true,"href":"https:\/\/diarioregionaldigital.com.br\/index.php?rest_route=%2Fwp%2Fv2%2Fcategories&post=184376"},{"taxonomy":"post_tag","embeddable":true,"href":"https:\/\/diarioregionaldigital.com.br\/index.php?rest_route=%2Fwp%2Fv2%2Ftags&post=184376"}],"curies":[{"name":"wp","href":"https:\/\/api.w.org\/{rel}","templated":true}]}}