{"id":184371,"date":"2021-06-24T06:00:16","date_gmt":"2021-06-24T09:00:16","guid":{"rendered":"https:\/\/diarioregionaldigital.com.br\/?p=184371"},"modified":"2021-06-23T21:57:29","modified_gmt":"2021-06-24T00:57:29","slug":"cultura-7","status":"publish","type":"post","link":"https:\/\/diarioregionaldigital.com.br\/?p=184371","title":{"rendered":"Cultura"},"content":{"rendered":"<p style=\"text-align: center;\"><strong>Abrindo o Leque<\/strong><\/p>\n<p style=\"text-align: center;\">A partir do in\u00edcio de 2022, a XP passar\u00e1 a oferecer ao mercado outras modalidades de seguros. Hoje, atua somente em previd\u00eancia privada e vida. A \u00fanica \u00e1rea do setor que descarta \u00e9 a de resseguros.<\/p>\n<p style=\"text-align: center;\"><strong>Cantoria<\/strong><\/p>\n<p style=\"text-align: center;\">O Coral da UFJF lan\u00e7ou no YouTube, v\u00eddeo \u201cFruta Boa\u201d m\u00fasica de Milton Nascimento e letra de Fernando Brant, com arranjo vocal de Pablo Trindade Roballo. Aplausos.<\/p>\n<p style=\"text-align: center;\"><strong>Cultura<\/strong><\/p>\n<p style=\"text-align: center;\">Antenadissima, Let\u00edcia Bertagna foi indicada ao Pr\u00eamio Pipa 2020, uma refer\u00eancia no campo da produ\u00e7\u00e3o art\u00edstica nacional. A professora do IAD desenvolveu uma pesquisa a partir de seu trabalho na arte contempor\u00e2nea e, no momento, finaliza o doutorado em artes pela UERJ.<\/p>\n<p style=\"text-align: center;\"><strong>Na Espera<\/strong><\/p>\n<p style=\"text-align: center;\">Pisando em ovos, a Prefeitura de Juiz de Fora e membros do Amigos de Museu continuam \u00e0 mesa de negocia\u00e7\u00e3o. As duas partes j\u00e1 apresentaram suas raz\u00f5es, mas como n\u00e3o houve acordo, o Executivo deve apresentar uma outra proposta, provavelmente, a \u00faltima, para resolver a quest\u00e3o que se arrasta desde o in\u00edcio do ano, envolvendo a indica\u00e7\u00e3o do novo gestor do Museu Mariano Proc\u00f3pio. Tomara.<\/p>\n<div id=\"attachment_184353\" style=\"width: 690px\" class=\"wp-caption aligncenter\"><img loading=\"lazy\" decoding=\"async\" aria-describedby=\"caption-attachment-184353\" class=\"wp-image-184353\" src=\"https:\/\/diarioregionaldigital.com.br\/wp-content\/uploads\/2021\/06\/fotoa-9-e1624494927102.jpeg\" alt=\"\" width=\"680\" height=\"455\" srcset=\"https:\/\/diarioregionaldigital.com.br\/wp-content\/uploads\/2021\/06\/fotoa-9-e1624494927102.jpeg 430w, https:\/\/diarioregionaldigital.com.br\/wp-content\/uploads\/2021\/06\/fotoa-9-e1624494927102-300x201.jpeg 300w, https:\/\/diarioregionaldigital.com.br\/wp-content\/uploads\/2021\/06\/fotoa-9-e1624494927102-360x241.jpeg 360w\" sizes=\"auto, (max-width: 680px) 100vw, 680px\" \/><p id=\"caption-attachment-184353\" class=\"wp-caption-text\">Pr\u00eamio \u201cMelhores do Ano de 2021\u201d na \u00e1rea cultural para a secret\u00e1ria da Associa\u00e7\u00e3o de Belas Artes Ant\u00f4nio Parreiras, Silvana Paiva Pinto<\/p><\/div>\n<div id=\"attachment_184354\" style=\"width: 690px\" class=\"wp-caption aligncenter\"><img loading=\"lazy\" decoding=\"async\" aria-describedby=\"caption-attachment-184354\" class=\"wp-image-184354\" src=\"https:\/\/diarioregionaldigital.com.br\/wp-content\/uploads\/2021\/06\/fotob-10-e1624494961528.jpg\" alt=\"\" width=\"680\" height=\"470\" srcset=\"https:\/\/diarioregionaldigital.com.br\/wp-content\/uploads\/2021\/06\/fotob-10-e1624494961528.jpg 1090w, https:\/\/diarioregionaldigital.com.br\/wp-content\/uploads\/2021\/06\/fotob-10-e1624494961528-300x208.jpg 300w, https:\/\/diarioregionaldigital.com.br\/wp-content\/uploads\/2021\/06\/fotob-10-e1624494961528-1024x708.jpg 1024w, https:\/\/diarioregionaldigital.com.br\/wp-content\/uploads\/2021\/06\/fotob-10-e1624494961528-768x531.jpg 768w, https:\/\/diarioregionaldigital.com.br\/wp-content\/uploads\/2021\/06\/fotob-10-e1624494961528-360x249.jpg 360w, https:\/\/diarioregionaldigital.com.br\/wp-content\/uploads\/2021\/06\/fotob-10-e1624494961528-100x70.jpg 100w\" sizes=\"auto, (max-width: 680px) 100vw, 680px\" \/><p id=\"caption-attachment-184354\" class=\"wp-caption-text\">Aniversariante de destaque da temporada de inverno, a talentosa Gaby Gabizoca<\/p><\/div>\n<div id=\"attachment_184355\" style=\"width: 690px\" class=\"wp-caption aligncenter\"><img loading=\"lazy\" decoding=\"async\" aria-describedby=\"caption-attachment-184355\" class=\"wp-image-184355\" src=\"https:\/\/diarioregionaldigital.com.br\/wp-content\/uploads\/2021\/06\/fotoc-16-e1624494988984.jpg\" alt=\"\" width=\"680\" height=\"449\" srcset=\"https:\/\/diarioregionaldigital.com.br\/wp-content\/uploads\/2021\/06\/fotoc-16-e1624494988984.jpg 840w, https:\/\/diarioregionaldigital.com.br\/wp-content\/uploads\/2021\/06\/fotoc-16-e1624494988984-300x198.jpg 300w, https:\/\/diarioregionaldigital.com.br\/wp-content\/uploads\/2021\/06\/fotoc-16-e1624494988984-768x507.jpg 768w, https:\/\/diarioregionaldigital.com.br\/wp-content\/uploads\/2021\/06\/fotoc-16-e1624494988984-360x238.jpg 360w\" sizes=\"auto, (max-width: 680px) 100vw, 680px\" \/><p id=\"caption-attachment-184355\" class=\"wp-caption-text\">O jornalista formado pela UFJF, Talison Vardiero, em momento close total<\/p><\/div>\n<div id=\"attachment_184356\" style=\"width: 690px\" class=\"wp-caption aligncenter\"><img loading=\"lazy\" decoding=\"async\" aria-describedby=\"caption-attachment-184356\" class=\"wp-image-184356\" src=\"https:\/\/diarioregionaldigital.com.br\/wp-content\/uploads\/2021\/06\/fotod-11-e1624495029929.jpg\" alt=\"\" width=\"680\" height=\"455\" srcset=\"https:\/\/diarioregionaldigital.com.br\/wp-content\/uploads\/2021\/06\/fotod-11-e1624495029929.jpg 653w, https:\/\/diarioregionaldigital.com.br\/wp-content\/uploads\/2021\/06\/fotod-11-e1624495029929-300x201.jpg 300w, https:\/\/diarioregionaldigital.com.br\/wp-content\/uploads\/2021\/06\/fotod-11-e1624495029929-360x241.jpg 360w\" sizes=\"auto, (max-width: 680px) 100vw, 680px\" \/><p id=\"caption-attachment-184356\" class=\"wp-caption-text\">Em Lima Duarte (MG), V\u00f3 Alzira aniversariou e recebeu o carinho da neta Ma\u00edra Delgado<\/p><\/div>\n<div id=\"attachment_184357\" style=\"width: 690px\" class=\"wp-caption aligncenter\"><img loading=\"lazy\" decoding=\"async\" aria-describedby=\"caption-attachment-184357\" class=\"wp-image-184357\" src=\"https:\/\/diarioregionaldigital.com.br\/wp-content\/uploads\/2021\/06\/fotoe-2-e1624495067190.jpeg\" alt=\"\" width=\"680\" height=\"472\" srcset=\"https:\/\/diarioregionaldigital.com.br\/wp-content\/uploads\/2021\/06\/fotoe-2-e1624495067190.jpeg 720w, https:\/\/diarioregionaldigital.com.br\/wp-content\/uploads\/2021\/06\/fotoe-2-e1624495067190-300x208.jpeg 300w, https:\/\/diarioregionaldigital.com.br\/wp-content\/uploads\/2021\/06\/fotoe-2-e1624495067190-360x250.jpeg 360w, https:\/\/diarioregionaldigital.com.br\/wp-content\/uploads\/2021\/06\/fotoe-2-e1624495067190-100x70.jpeg 100w\" sizes=\"auto, (max-width: 680px) 100vw, 680px\" \/><p id=\"caption-attachment-184357\" class=\"wp-caption-text\">Antes da pandemia no Restaurante Card\u00e1pio Mineiro: Eduardo Gomes, a anfitri\u00e3 Beth Urgal e o cantor Sebastian<\/p><\/div>\n<div id=\"attachment_184359\" style=\"width: 690px\" class=\"wp-caption aligncenter\"><img loading=\"lazy\" decoding=\"async\" aria-describedby=\"caption-attachment-184359\" class=\"wp-image-184359\" src=\"https:\/\/diarioregionaldigital.com.br\/wp-content\/uploads\/2021\/06\/fotog-13-e1624495137341.jpg\" alt=\"\" width=\"680\" height=\"488\" srcset=\"https:\/\/diarioregionaldigital.com.br\/wp-content\/uploads\/2021\/06\/fotog-13-e1624495137341.jpg 684w, https:\/\/diarioregionaldigital.com.br\/wp-content\/uploads\/2021\/06\/fotog-13-e1624495137341-300x215.jpg 300w, https:\/\/diarioregionaldigital.com.br\/wp-content\/uploads\/2021\/06\/fotog-13-e1624495137341-360x258.jpg 360w\" sizes=\"auto, (max-width: 680px) 100vw, 680px\" \/><p id=\"caption-attachment-184359\" class=\"wp-caption-text\">No Forum da Cultura respirando arte, Heloisa Pipa, a artista Nequitz Miguel e Gra\u00e7a Loures<\/p><\/div>\n<div id=\"attachment_184358\" style=\"width: 690px\" class=\"wp-caption aligncenter\"><img loading=\"lazy\" decoding=\"async\" aria-describedby=\"caption-attachment-184358\" class=\"wp-image-184358\" src=\"https:\/\/diarioregionaldigital.com.br\/wp-content\/uploads\/2021\/06\/fotof-12-e1624495113356.jpg\" alt=\"\" width=\"680\" height=\"482\" srcset=\"https:\/\/diarioregionaldigital.com.br\/wp-content\/uploads\/2021\/06\/fotof-12-e1624495113356.jpg 682w, https:\/\/diarioregionaldigital.com.br\/wp-content\/uploads\/2021\/06\/fotof-12-e1624495113356-300x212.jpg 300w, https:\/\/diarioregionaldigital.com.br\/wp-content\/uploads\/2021\/06\/fotof-12-e1624495113356-360x255.jpg 360w, https:\/\/diarioregionaldigital.com.br\/wp-content\/uploads\/2021\/06\/fotof-12-e1624495113356-100x70.jpg 100w\" sizes=\"auto, (max-width: 680px) 100vw, 680px\" \/><p id=\"caption-attachment-184358\" class=\"wp-caption-text\">Carlos Sacchi aniversariou e comemorou com Wesley Monteiro, M\u00e1rcio Marques e Ricardo Alex<\/p><\/div>\n<p style=\"text-align: center;\"><strong>FOTOSS\u00cdNTESE<\/strong><\/p>\n<p>Viva S\u00e3o Jo\u00e3o!!!<\/p>\n<p>Aniversariando hoje (24), Joana Dar\u2019c Pinto de Almeida. Muito festeira e adorando pular fogueira e fazer comidas t\u00edpicas. Devido a pandemia vai comemorar bem alone<\/p>\n<p>Nas garras do Le\u00e3o: Receita Federal recebeu 120 mil declara\u00e7\u00f5es de Imposto de Renda (IRPF) de juiz-foranos, at\u00e9 o prazo para este ano, encerrado na \u00faltimo dia 31 de maio. Quase quatro mil caem na malha fina.<\/p>\n<p>Prestes a comemorar 24 anos a Ong M\u00e9dicos do Barulho recebe doa\u00e7\u00f5es para atender fam\u00edlias vulner\u00e1veis. Os volunt\u00e1rios fazem vaguinha para adquirir um carro para o projeto e assumir o compromisso s\u00e9rio de entregar os donativos as comunidades.<\/p>\n<p>Em boa hora o Conselho Tutelar Leste de Juiz de Fora realizou no Centro da cidade, uma panfletagem educativa de conscientiza\u00e7\u00e3o contra o trabalho infantil. Denuncie os maus tratos a crian\u00e7as e adolescentes pelo n\u00fameros 3690-7397 (Sul e Oeste).<\/p>\n<p>A cantora gospel Cristiane Ferr (48 anos), faleceu devido a complica\u00e7\u00f5es com a Covid-19. Este colunista volta a alertar para que as pessoas evitem aglomera\u00e7\u00f5es, lavar as m\u00e3os, usar \u00e1lcool em gel e principalmente M\u00c1SCARA.<\/p>\n<p>Ministrado pelo sommelier Jos\u00e9 Gomes, o Bahamas promove Curso de Vinhos at\u00e9 4 de julho. Para acompanhar o Festival de Queijos &amp; Vinhos, o Instagram@supermercadosbahamas.<\/p>\n<p>Bolha: \u201cO modelo de empresa que n\u00e3o \u00e9 sustent\u00e1vel emocionalmente vai chegar um dia que tamb\u00e9m n\u00e3o vai ser economicamente\u201d. (Wander Pereira \u2013 professor da disciplina Felicidade na UnB). Bom dia.<\/p>\n<p><img loading=\"lazy\" decoding=\"async\" class=\"aligncenter size-full wp-image-184369\" src=\"https:\/\/diarioregionaldigital.com.br\/wp-content\/uploads\/2021\/06\/anuncio29-scaled.jpg\" alt=\"\" width=\"2560\" height=\"929\" srcset=\"https:\/\/diarioregionaldigital.com.br\/wp-content\/uploads\/2021\/06\/anuncio29-scaled.jpg 2560w, https:\/\/diarioregionaldigital.com.br\/wp-content\/uploads\/2021\/06\/anuncio29-300x109.jpg 300w, https:\/\/diarioregionaldigital.com.br\/wp-content\/uploads\/2021\/06\/anuncio29-1024x372.jpg 1024w, https:\/\/diarioregionaldigital.com.br\/wp-content\/uploads\/2021\/06\/anuncio29-768x279.jpg 768w, https:\/\/diarioregionaldigital.com.br\/wp-content\/uploads\/2021\/06\/anuncio29-1536x558.jpg 1536w, https:\/\/diarioregionaldigital.com.br\/wp-content\/uploads\/2021\/06\/anuncio29-2048x744.jpg 2048w, https:\/\/diarioregionaldigital.com.br\/wp-content\/uploads\/2021\/06\/anuncio29-360x131.jpg 360w\" sizes=\"auto, (max-width: 2560px) 100vw, 2560px\" \/><\/p>\n","protected":false},"excerpt":{"rendered":"<p>Abrindo o Leque A partir do in\u00edcio de 2022, a XP passar\u00e1 a oferecer ao mercado outras modalidades de seguros. Hoje, atua somente em previd\u00eancia privada e vida. A \u00fanica \u00e1rea do setor que descarta \u00e9 a de resseguros. Cantoria O Coral da UFJF lan\u00e7ou no YouTube, v\u00eddeo \u201cFruta Boa\u201d m\u00fasica de Milton Nascimento e [&hellip;]<\/p>\n","protected":false},"author":253,"featured_media":184353,"comment_status":"closed","ping_status":"closed","sticky":false,"template":"","format":"standard","meta":{"footnotes":""},"categories":[264],"tags":[],"class_list":["post-184371","post","type-post","status-publish","format-standard","has-post-thumbnail","hentry","category-eduardo-gomes"],"_links":{"self":[{"href":"https:\/\/diarioregionaldigital.com.br\/index.php?rest_route=\/wp\/v2\/posts\/184371","targetHints":{"allow":["GET"]}}],"collection":[{"href":"https:\/\/diarioregionaldigital.com.br\/index.php?rest_route=\/wp\/v2\/posts"}],"about":[{"href":"https:\/\/diarioregionaldigital.com.br\/index.php?rest_route=\/wp\/v2\/types\/post"}],"author":[{"embeddable":true,"href":"https:\/\/diarioregionaldigital.com.br\/index.php?rest_route=\/wp\/v2\/users\/253"}],"replies":[{"embeddable":true,"href":"https:\/\/diarioregionaldigital.com.br\/index.php?rest_route=%2Fwp%2Fv2%2Fcomments&post=184371"}],"version-history":[{"count":1,"href":"https:\/\/diarioregionaldigital.com.br\/index.php?rest_route=\/wp\/v2\/posts\/184371\/revisions"}],"predecessor-version":[{"id":184372,"href":"https:\/\/diarioregionaldigital.com.br\/index.php?rest_route=\/wp\/v2\/posts\/184371\/revisions\/184372"}],"wp:featuredmedia":[{"embeddable":true,"href":"https:\/\/diarioregionaldigital.com.br\/index.php?rest_route=\/wp\/v2\/media\/184353"}],"wp:attachment":[{"href":"https:\/\/diarioregionaldigital.com.br\/index.php?rest_route=%2Fwp%2Fv2%2Fmedia&parent=184371"}],"wp:term":[{"taxonomy":"category","embeddable":true,"href":"https:\/\/diarioregionaldigital.com.br\/index.php?rest_route=%2Fwp%2Fv2%2Fcategories&post=184371"},{"taxonomy":"post_tag","embeddable":true,"href":"https:\/\/diarioregionaldigital.com.br\/index.php?rest_route=%2Fwp%2Fv2%2Ftags&post=184371"}],"curies":[{"name":"wp","href":"https:\/\/api.w.org\/{rel}","templated":true}]}}