{"id":184363,"date":"2021-06-23T20:21:25","date_gmt":"2021-06-23T23:21:25","guid":{"rendered":"https:\/\/diarioregionaldigital.com.br\/?p=184363"},"modified":"2021-06-23T20:21:25","modified_gmt":"2021-06-23T23:21:25","slug":"neste-fim-de-semana-a-passagem-de-nivel-da-avenida-juscelino-kubitschek-sera-interditada","status":"publish","type":"post","link":"https:\/\/diarioregionaldigital.com.br\/?p=184363","title":{"rendered":"Neste fim de semana a passagem de n\u00edvel da Avenida Juscelino Kubitschek ser\u00e1 interditada"},"content":{"rendered":"<p>Segundo informa\u00e7\u00f5es do site da Prefeitura de Juiz de Fora, devido \u00e0 realiza\u00e7\u00e3o de uma obra de manuten\u00e7\u00e3o na passagem de n\u00edvel da Avenida Presidente Juscelino Kubitschek, no bairro Ponte Preta, que ser\u00e1 realizada pela MRS Log\u00edstica, o local ficar\u00e1 interditado a partir de 15h deste s\u00e1bado, 26, com previs\u00e3o de libera\u00e7\u00e3o \u00e0s 7h do domingo, 27. A Secretaria de Mobilidade Urbana (SMU) da Prefeitura de Juiz de Fora montou tr\u00eas op\u00e7\u00f5es de desvio para os motoristas que necessitam transitar pelo local.<\/p>\n<p>Os \u00f4nibus do transporte coletivo, que necessitam utilizar a passagem de n\u00edvel, tamb\u00e9m ter\u00e3o o trajeto alterado. Os usu\u00e1rios das linhas 710, 711, 712, 713, 714, 729, 731, 738, 753 devem ficar atentos porque h\u00e1 possibilidade de ocorrer pequenos atrasos em seus quadros de hor\u00e1rios por este motivo.<\/p>\n<p><b>Confira abaixo os esquemas de desvio:<\/b><\/p>\n<p>&#8211; Desvio sentido Centro\/Bairro:<\/p>\n<p>Op\u00e7\u00e3o 1: Avenida Presidente Juscelino Kubitschek, Acesso Norte (na entrada do bairro Ara\u00fajo), retornando \u00e0 Avenida Presidente Juscelino Kubitschek ap\u00f3s a passagem de n\u00edvel<\/p>\n<p>Op\u00e7\u00e3o 2: Avenida Ant\u00f4nio Sim\u00e3o Firjam, BR-040 e retorno \u00e0 Avenida Presidente Juscelino Kubitschek no bairro Barreira do Triunfo.<\/p>\n<p>&#8211; Desvio sentido Bairro\/Centro:<\/p>\n<p>Op\u00e7\u00e3o: Avenida Presidente Juscelino Kubitschek, Acesso Norte (antes da passagem de n\u00edvel do bairro Ponte Preta), Avenida Presidente Juscelino Kubitschek.<\/p>\n","protected":false},"excerpt":{"rendered":"<p>Segundo informa\u00e7\u00f5es do site da Prefeitura de Juiz de Fora, devido \u00e0 realiza\u00e7\u00e3o de uma obra de manuten\u00e7\u00e3o na passagem de n\u00edvel da Avenida Presidente Juscelino Kubitschek, no bairro Ponte Preta, que ser\u00e1 realizada pela MRS Log\u00edstica, o local ficar\u00e1 interditado a partir de 15h deste s\u00e1bado, 26, com previs\u00e3o de libera\u00e7\u00e3o \u00e0s 7h do [&hellip;]<\/p>\n","protected":false},"author":246,"featured_media":184364,"comment_status":"closed","ping_status":"closed","sticky":false,"template":"","format":"standard","meta":{"footnotes":""},"categories":[253,436,439],"tags":[],"class_list":["post-184363","post","type-post","status-publish","format-standard","has-post-thumbnail","hentry","category-cidade","category-destaque-da-semana","category-ultima-hora"],"_links":{"self":[{"href":"https:\/\/diarioregionaldigital.com.br\/index.php?rest_route=\/wp\/v2\/posts\/184363","targetHints":{"allow":["GET"]}}],"collection":[{"href":"https:\/\/diarioregionaldigital.com.br\/index.php?rest_route=\/wp\/v2\/posts"}],"about":[{"href":"https:\/\/diarioregionaldigital.com.br\/index.php?rest_route=\/wp\/v2\/types\/post"}],"author":[{"embeddable":true,"href":"https:\/\/diarioregionaldigital.com.br\/index.php?rest_route=\/wp\/v2\/users\/246"}],"replies":[{"embeddable":true,"href":"https:\/\/diarioregionaldigital.com.br\/index.php?rest_route=%2Fwp%2Fv2%2Fcomments&post=184363"}],"version-history":[{"count":1,"href":"https:\/\/diarioregionaldigital.com.br\/index.php?rest_route=\/wp\/v2\/posts\/184363\/revisions"}],"predecessor-version":[{"id":184365,"href":"https:\/\/diarioregionaldigital.com.br\/index.php?rest_route=\/wp\/v2\/posts\/184363\/revisions\/184365"}],"wp:featuredmedia":[{"embeddable":true,"href":"https:\/\/diarioregionaldigital.com.br\/index.php?rest_route=\/wp\/v2\/media\/184364"}],"wp:attachment":[{"href":"https:\/\/diarioregionaldigital.com.br\/index.php?rest_route=%2Fwp%2Fv2%2Fmedia&parent=184363"}],"wp:term":[{"taxonomy":"category","embeddable":true,"href":"https:\/\/diarioregionaldigital.com.br\/index.php?rest_route=%2Fwp%2Fv2%2Fcategories&post=184363"},{"taxonomy":"post_tag","embeddable":true,"href":"https:\/\/diarioregionaldigital.com.br\/index.php?rest_route=%2Fwp%2Fv2%2Ftags&post=184363"}],"curies":[{"name":"wp","href":"https:\/\/api.w.org\/{rel}","templated":true}]}}