{"id":184352,"date":"2021-06-23T20:14:59","date_gmt":"2021-06-23T23:14:59","guid":{"rendered":"https:\/\/diarioregionaldigital.com.br\/?p=184352"},"modified":"2021-06-23T20:14:59","modified_gmt":"2021-06-23T23:14:59","slug":"mudancas-no-horario-de-venda-de-bebidas-alcoolicas-sao-divulgadas-pela-pjf","status":"publish","type":"post","link":"https:\/\/diarioregionaldigital.com.br\/?p=184352","title":{"rendered":"Mudan\u00e7as no hor\u00e1rio de venda de bebidas alco\u00f3licas s\u00e3o divulgadas pela PJF"},"content":{"rendered":"<div id=\"box_texto_noticia\">A Prefeitura de Juiz de Fora (PJF) divulga uma nota t\u00e9cnica da Secretaria de Desenvolvimento Sustent\u00e1vel e Inclusivo, da Inova\u00e7\u00e3o e Competitividade (Sedic) em parceria com a Secretaria de Sustentabilidade em Meio Ambiente e Atividades Urbanas (Sesmaur) na qual pro\u00edbe o consumo de bebidas alco\u00f3licas em espa\u00e7os p\u00fablicos (ruas, pra\u00e7as, estacionamentos), entre 22h e 8h, quando n\u00e3o devidamente amparados por autoriza\u00e7\u00e3o da Sesmaur ou Notas T\u00e9cnicas do Programa Juiz de Fora pela Vida. A restri\u00e7\u00e3o encontra respaldo no artigo 3\u00ba do Decreto 14.487\/2021.<\/p>\n<p>Segundo informa\u00e7\u00f5es do site da Prefeitura de Juiz de Fora, a venda de bebidas alco\u00f3licas est\u00e1 proibida, no hor\u00e1rio especificado, em estabelecimentos autorizados a funcionar em per\u00edodo integral, exceto para entregas em domic\u00edlio. Padarias que justifiquem interesse em funcionar em hor\u00e1rio integral dever\u00e3o se inscrever na Sesmaur para operarem em tais condi\u00e7\u00f5es, na faixa laranja do Programa Juiz de Fora pela Vida, por meio de formul\u00e1rio pr\u00f3prio.<\/p>\n<\/div>\n<div class=\"texto_anexo\"><img loading=\"lazy\" decoding=\"async\" src=\"https:\/\/www.pjf.mg.gov.br\/imagens\/clips.jpg\" width=\"22\" height=\"20\" \/>\u00a0<a href=\"https:\/\/www.pjf.mg.gov.br\/noticias\/anexo\/23.06_NotaSedic_Sesmaur.pdf\" target=\"_blank\" rel=\"noopener\">Veja o anexo<\/a><\/div>\n","protected":false},"excerpt":{"rendered":"<p>A Prefeitura de Juiz de Fora (PJF) divulga uma nota t\u00e9cnica da Secretaria de Desenvolvimento Sustent\u00e1vel e Inclusivo, da Inova\u00e7\u00e3o e Competitividade (Sedic) em parceria com a Secretaria de Sustentabilidade em Meio Ambiente e Atividades Urbanas (Sesmaur) na qual pro\u00edbe o consumo de bebidas alco\u00f3licas em espa\u00e7os p\u00fablicos (ruas, pra\u00e7as, estacionamentos), entre 22h e 8h, [&hellip;]<\/p>\n","protected":false},"author":246,"featured_media":184360,"comment_status":"closed","ping_status":"closed","sticky":false,"template":"","format":"standard","meta":{"footnotes":""},"categories":[253,436,439],"tags":[],"class_list":["post-184352","post","type-post","status-publish","format-standard","has-post-thumbnail","hentry","category-cidade","category-destaque-da-semana","category-ultima-hora"],"_links":{"self":[{"href":"https:\/\/diarioregionaldigital.com.br\/index.php?rest_route=\/wp\/v2\/posts\/184352","targetHints":{"allow":["GET"]}}],"collection":[{"href":"https:\/\/diarioregionaldigital.com.br\/index.php?rest_route=\/wp\/v2\/posts"}],"about":[{"href":"https:\/\/diarioregionaldigital.com.br\/index.php?rest_route=\/wp\/v2\/types\/post"}],"author":[{"embeddable":true,"href":"https:\/\/diarioregionaldigital.com.br\/index.php?rest_route=\/wp\/v2\/users\/246"}],"replies":[{"embeddable":true,"href":"https:\/\/diarioregionaldigital.com.br\/index.php?rest_route=%2Fwp%2Fv2%2Fcomments&post=184352"}],"version-history":[{"count":2,"href":"https:\/\/diarioregionaldigital.com.br\/index.php?rest_route=\/wp\/v2\/posts\/184352\/revisions"}],"predecessor-version":[{"id":184362,"href":"https:\/\/diarioregionaldigital.com.br\/index.php?rest_route=\/wp\/v2\/posts\/184352\/revisions\/184362"}],"wp:featuredmedia":[{"embeddable":true,"href":"https:\/\/diarioregionaldigital.com.br\/index.php?rest_route=\/wp\/v2\/media\/184360"}],"wp:attachment":[{"href":"https:\/\/diarioregionaldigital.com.br\/index.php?rest_route=%2Fwp%2Fv2%2Fmedia&parent=184352"}],"wp:term":[{"taxonomy":"category","embeddable":true,"href":"https:\/\/diarioregionaldigital.com.br\/index.php?rest_route=%2Fwp%2Fv2%2Fcategories&post=184352"},{"taxonomy":"post_tag","embeddable":true,"href":"https:\/\/diarioregionaldigital.com.br\/index.php?rest_route=%2Fwp%2Fv2%2Ftags&post=184352"}],"curies":[{"name":"wp","href":"https:\/\/api.w.org\/{rel}","templated":true}]}}