{"id":184334,"date":"2021-06-23T19:18:45","date_gmt":"2021-06-23T22:18:45","guid":{"rendered":"https:\/\/diarioregionaldigital.com.br\/?p=184334"},"modified":"2021-06-23T19:18:45","modified_gmt":"2021-06-23T22:18:45","slug":"brasil-bate-a-polonia-em-amistoso-da-selecao-de-basquete-antes-do-pre-olimpico","status":"publish","type":"post","link":"https:\/\/diarioregionaldigital.com.br\/?p=184334","title":{"rendered":"Brasil bate a Pol\u00f4nia em amistoso da sele\u00e7\u00e3o de basquete antes do Pr\u00e9-Ol\u00edmpico"},"content":{"rendered":"<p>O Brasil come\u00e7ou com vit\u00f3ria a caminhada para o Pr\u00e9-Ol\u00edmpico de Split, na Cro\u00e1cia. Em amistoso diante da Pol\u00f4nia, o primeiro na fase de prepara\u00e7\u00e3o, a Sele\u00e7\u00e3o de basquete masculino bateu os poloneses por 68 a 65, fazendo um primeiro tempo dominante, principalmente na defesa. O t\u00e9cnico Aleksandar Petrovic aproveitou o duelo para rodar 13 jogadores e eesclarecer d\u00favidas para os cortes, j\u00e1 que dos 15 atletas, 12 ir\u00e3o participar da competi\u00e7\u00e3o que vale uma vaga na Olimp\u00edada de T\u00f3quio 2020.<\/p>\n<p>Jogando coletivamente, o Brasil deixou a Pol\u00f4nia fazer apenas cinco pontos nos primeiros dez minutos, abrindo 18 x 5. Depois, seguiu bem na defesa no segundo quarto. Os poloneses foram melhores nos dois \u00faltimos per\u00edodos, mas a vantagem aberta pelo Brasil foi suficiente para manter o triunfo na cidade de Gliwice, que recebe o Brasil na segunda etapa de treinamentos.<\/p>\n<p>Bruno Caboclo terminou o jogo com nove pontos e dez rebotes. Benite fez dez pontos. Georginho terminou com dez pontos e seis rebotes. E L\u00e9o Meindl fez dez pontos, com sete rebotes. Do lado da Pol\u00f4nia, Garbacz fez 21 pontos e Sokolowski anotou outros 13. A Arena Gliwice contou com p\u00fablico, j\u00e1 que a situa\u00e7\u00e3o da Covid-19 est\u00e1 controlada na Pol\u00f4nia, e 50% dos 14 mil lugares foram colocados \u00e0 venda.<\/p>\n<p>Se o Brasil fazia o seu primeiro amistoso ap\u00f3s 12 dias de trabalho, a Pol\u00f4nia jogava o quinto. A equipe foi oitava colocada no \u00faltimo Mundial, na China, em 2019. Brasil e Pol\u00f4nia voltam a se enfrentar nesta quarta-feira, novamente a partir das 15h (de Bras\u00edlia).<\/p>\n<p>Ap\u00f3s o segundo jogo contra a Pol\u00f4nia, o t\u00e9cnico Aleksandar Petrovic far\u00e1 um corte na equipe, ficando com 14 atletas para a viagem a Split, na Cro\u00e1cia. L\u00e1, ap\u00f3s os protocolos da COVID-19, mais dois jogadores ser\u00e3o cortados.<\/p>\n<p>O Brasil estreia no Pr\u00e9-Ol\u00edmpico diante da Tun\u00edsia, em 29 de junho, e no dia 30 encara a Cro\u00e1cia. Os dois primeiros do minigrupo avan\u00e7am para encarar nas semifinais os dois primeiros entre R\u00fassia, Alemanha e M\u00e9xico. O Pr\u00e9-Ol\u00edmpico ser\u00e1 decidido em 4 de julho e apenas o campe\u00e3o garante um lugar em T\u00f3quio 2020.<\/p>\n<p>Fonte: Confedera\u00e7\u00e3o Brasileira de Basketball<\/p>\n","protected":false},"excerpt":{"rendered":"<p>O Brasil come\u00e7ou com vit\u00f3ria a caminhada para o Pr\u00e9-Ol\u00edmpico de Split, na Cro\u00e1cia. Em amistoso diante da Pol\u00f4nia, o primeiro na fase de prepara\u00e7\u00e3o, a Sele\u00e7\u00e3o de basquete masculino bateu os poloneses por 68 a 65, fazendo um primeiro tempo dominante, principalmente na defesa. O t\u00e9cnico Aleksandar Petrovic aproveitou o duelo para rodar 13 [&hellip;]<\/p>\n","protected":false},"author":246,"featured_media":184335,"comment_status":"closed","ping_status":"closed","sticky":false,"template":"","format":"standard","meta":{"footnotes":""},"categories":[436,257,439],"tags":[],"class_list":["post-184334","post","type-post","status-publish","format-standard","has-post-thumbnail","hentry","category-destaque-da-semana","category-esporte","category-ultima-hora"],"_links":{"self":[{"href":"https:\/\/diarioregionaldigital.com.br\/index.php?rest_route=\/wp\/v2\/posts\/184334","targetHints":{"allow":["GET"]}}],"collection":[{"href":"https:\/\/diarioregionaldigital.com.br\/index.php?rest_route=\/wp\/v2\/posts"}],"about":[{"href":"https:\/\/diarioregionaldigital.com.br\/index.php?rest_route=\/wp\/v2\/types\/post"}],"author":[{"embeddable":true,"href":"https:\/\/diarioregionaldigital.com.br\/index.php?rest_route=\/wp\/v2\/users\/246"}],"replies":[{"embeddable":true,"href":"https:\/\/diarioregionaldigital.com.br\/index.php?rest_route=%2Fwp%2Fv2%2Fcomments&post=184334"}],"version-history":[{"count":1,"href":"https:\/\/diarioregionaldigital.com.br\/index.php?rest_route=\/wp\/v2\/posts\/184334\/revisions"}],"predecessor-version":[{"id":184336,"href":"https:\/\/diarioregionaldigital.com.br\/index.php?rest_route=\/wp\/v2\/posts\/184334\/revisions\/184336"}],"wp:featuredmedia":[{"embeddable":true,"href":"https:\/\/diarioregionaldigital.com.br\/index.php?rest_route=\/wp\/v2\/media\/184335"}],"wp:attachment":[{"href":"https:\/\/diarioregionaldigital.com.br\/index.php?rest_route=%2Fwp%2Fv2%2Fmedia&parent=184334"}],"wp:term":[{"taxonomy":"category","embeddable":true,"href":"https:\/\/diarioregionaldigital.com.br\/index.php?rest_route=%2Fwp%2Fv2%2Fcategories&post=184334"},{"taxonomy":"post_tag","embeddable":true,"href":"https:\/\/diarioregionaldigital.com.br\/index.php?rest_route=%2Fwp%2Fv2%2Ftags&post=184334"}],"curies":[{"name":"wp","href":"https:\/\/api.w.org\/{rel}","templated":true}]}}