{"id":184331,"date":"2021-06-23T19:05:08","date_gmt":"2021-06-23T22:05:08","guid":{"rendered":"https:\/\/diarioregionaldigital.com.br\/?p=184331"},"modified":"2021-06-23T19:05:08","modified_gmt":"2021-06-23T22:05:08","slug":"governo-de-minas-disponibiliza-kits-intubacao-para-99-hospitais-em-82-cidades","status":"publish","type":"post","link":"https:\/\/diarioregionaldigital.com.br\/?p=184331","title":{"rendered":"Governo de Minas disponibiliza kits intuba\u00e7\u00e3o para 99 hospitais em 82 cidades"},"content":{"rendered":"<p>A\u00a0<a href=\"https:\/\/www.saude.mg.gov.br\/\" target=\"_blank\" rel=\"noopener\">Secretaria de Estado de Sa\u00fade de Minas Gerais (SES-MG)<\/a>\u00a0envia, esta semana, 11.600 medicamentos do\u00a0kit intuba\u00e7\u00e3o para 99 unidades de sa\u00fade, em 82 cidades. Semanalmente, a SES-MG tem disponibilizado os insumos de acordo com monitoramento de estoques peri\u00f3dicos. Os rem\u00e9dios\u00a0s\u00e3o direcionados a institui\u00e7\u00f5es que se encontram com n\u00edveis de disponibilidade de\u00a0medicamentos considerados cr\u00edticos.<\/p>\n<p>Os itens est\u00e3o sendo encaminhados\u00a0para complementar a seda\u00e7\u00e3o dos pacientes em tratamento da covid-19. Os munic\u00edpios ir\u00e3o receber 7.970 unidades de propofol e 3.630 de dexmedetomidina. Os sedativos s\u00e3o suficientes para atender os pacientes por at\u00e9 cinco dias.<\/p>\n<p>\u201cOs crit\u00e9rios para a distribui\u00e7\u00e3o de cada item foram pactuados com o Conselho de Secretarias Municipais de Sa\u00fade de Minas Gerais (Cosems)\u201d, detalha o diretor de Medicamentos B\u00e1sicos da SES-MG, Jans Bastos Izidoro.<\/p>\n<p>Ainda de acordo com o diretor, apesar de cr\u00edtica, a situa\u00e7\u00e3o dos kit intuba\u00e7\u00e3o nos hospitais est\u00e1 est\u00e1vel. \u201cContinuamos em alerta e diante da escassez no mercado de medicamentos, a SES-MG tem buscado aproveitar oportunidades de mercado para que n\u00e3o ocorra falta de sedativos em Minas Gerais\u201d, afirma.<\/p>\n<blockquote><p><em><a href=\"http:\/\/www.agenciaminas.mg.gov.br\/ckeditor_assets\/attachments\/11379\/pauta_medicamentos_23_6_2021.xlsx\" target=\"_blank\" rel=\"noopener\">Clique aqui<\/a>\u00a0e confira a rela\u00e7\u00e3o das unidades hospitalares que receberam os medicamentos.<\/em><\/p><\/blockquote>\n<p><strong>Monitoramento<\/strong><\/p>\n<p>A SES-MG, juntamente com o Conselho de Secretarias Municipais de Sa\u00fade de Minas Gerais (Cosems-MG), faz o levantamento peri\u00f3dico dos quantitativos dos prestadores e fornecedores de medicamentos e insumos das unidades hospitalares.<\/p>\n<p>Tamb\u00e9m \u00e9 monitorado o abastecimento de f\u00e1rmacos nas redes p\u00fablicas e privadas de assist\u00eancia m\u00e9dico-hospitalar, que devem informar regularmente \u00e0 SES-MG sobre estoques dispon\u00edveis de medicamentos e insumos.<\/p>\n<p>O monitoramento \u00e9 feito a partir da autodeclara\u00e7\u00e3o e preenchimento de formul\u00e1rio. Assim que cada remessa chega ao estado, o resultado do monitoramento semanal \u00e9 analisado para distribui\u00e7\u00e3o aos hospitais em situa\u00e7\u00e3o mais cr\u00edtica e conforme disponibilidade do estoque. A sugest\u00e3o de distribui\u00e7\u00e3o \u00e9 validada junto a uma comiss\u00e3o da SES-MG e do Cosems-MG.<\/p>\n<p>O monitoramento pode ser acompanhando por meio\u00a0<a href=\"http:\/\/coronavirus.saude.mg.gov.br\/transparencia\/distribuicao-de-medicamentos-para-intubacao\" target=\"_blank\" rel=\"noopener\">deste link<\/a>\u00a0(<a href=\"https:\/\/coronavirus.saude.mg.gov.br\/transparencia\/distribuicao-de-medicamentos-para-intubacao\">https:\/\/coronavirus.saude.mg.gov.br\/transparencia\/distribuicao-de-medicamentos-para-intubacao<\/a>)<\/p>\n<p><span style=\"font-weight: 400;\"><br \/>\n<\/span><span style=\"font-weight: 400;\">Fonte: Ag\u00eancia Minas<\/span><\/p>\n","protected":false},"excerpt":{"rendered":"<p>A\u00a0Secretaria de Estado de Sa\u00fade de Minas Gerais (SES-MG)\u00a0envia, esta semana, 11.600 medicamentos do\u00a0kit intuba\u00e7\u00e3o para 99 unidades de sa\u00fade, em 82 cidades. Semanalmente, a SES-MG tem disponibilizado os insumos de acordo com monitoramento de estoques peri\u00f3dicos. Os rem\u00e9dios\u00a0s\u00e3o direcionados a institui\u00e7\u00f5es que se encontram com n\u00edveis de disponibilidade de\u00a0medicamentos considerados cr\u00edticos. Os itens est\u00e3o [&hellip;]<\/p>\n","protected":false},"author":246,"featured_media":184332,"comment_status":"closed","ping_status":"closed","sticky":false,"template":"","format":"standard","meta":{"footnotes":""},"categories":[436,254,439],"tags":[],"class_list":["post-184331","post","type-post","status-publish","format-standard","has-post-thumbnail","hentry","category-destaque-da-semana","category-politica","category-ultima-hora"],"_links":{"self":[{"href":"https:\/\/diarioregionaldigital.com.br\/index.php?rest_route=\/wp\/v2\/posts\/184331","targetHints":{"allow":["GET"]}}],"collection":[{"href":"https:\/\/diarioregionaldigital.com.br\/index.php?rest_route=\/wp\/v2\/posts"}],"about":[{"href":"https:\/\/diarioregionaldigital.com.br\/index.php?rest_route=\/wp\/v2\/types\/post"}],"author":[{"embeddable":true,"href":"https:\/\/diarioregionaldigital.com.br\/index.php?rest_route=\/wp\/v2\/users\/246"}],"replies":[{"embeddable":true,"href":"https:\/\/diarioregionaldigital.com.br\/index.php?rest_route=%2Fwp%2Fv2%2Fcomments&post=184331"}],"version-history":[{"count":1,"href":"https:\/\/diarioregionaldigital.com.br\/index.php?rest_route=\/wp\/v2\/posts\/184331\/revisions"}],"predecessor-version":[{"id":184333,"href":"https:\/\/diarioregionaldigital.com.br\/index.php?rest_route=\/wp\/v2\/posts\/184331\/revisions\/184333"}],"wp:featuredmedia":[{"embeddable":true,"href":"https:\/\/diarioregionaldigital.com.br\/index.php?rest_route=\/wp\/v2\/media\/184332"}],"wp:attachment":[{"href":"https:\/\/diarioregionaldigital.com.br\/index.php?rest_route=%2Fwp%2Fv2%2Fmedia&parent=184331"}],"wp:term":[{"taxonomy":"category","embeddable":true,"href":"https:\/\/diarioregionaldigital.com.br\/index.php?rest_route=%2Fwp%2Fv2%2Fcategories&post=184331"},{"taxonomy":"post_tag","embeddable":true,"href":"https:\/\/diarioregionaldigital.com.br\/index.php?rest_route=%2Fwp%2Fv2%2Ftags&post=184331"}],"curies":[{"name":"wp","href":"https:\/\/api.w.org\/{rel}","templated":true}]}}