{"id":184315,"date":"2021-06-22T23:40:15","date_gmt":"2021-06-23T02:40:15","guid":{"rendered":"https:\/\/diarioregionaldigital.com.br\/?p=184315"},"modified":"2021-06-22T23:40:15","modified_gmt":"2021-06-23T02:40:15","slug":"policia-civil-realiza-a-prisao-de-um-suspeito-e-apreensao-de-um-adolescente-por-trafico-de-drogas-em-juiz-de-fora","status":"publish","type":"post","link":"https:\/\/diarioregionaldigital.com.br\/?p=184315","title":{"rendered":"Pol\u00edcia Civil realiza a pris\u00e3o de um suspeito e apreens\u00e3o de um adolescente por tr\u00e1fico de drogas em Juiz de Fora"},"content":{"rendered":"<p>Nesta segunda-feira, 21, a Pol\u00edcia Civil de Minas Gerais deflagrou uma a\u00e7\u00e3o, visando combater o tr\u00e1fico il\u00edcito de entorpecentes, no munic\u00edpio de Juiz de Fora, na Zona da Mata mineira. Na a\u00e7\u00e3o foi preso um homem e apreendido um adolescente, assim como buchas de maconha, j\u00e1 embaladas para venda.<\/p>\n<p>Ap\u00f3s trabalhos investigativos, policiais civis da Delegacia de Combate ao Narcotr\u00e1fico realizaram uma campana e abordaram um usu\u00e1rio de drogas no momento em que este acabara de adquirir entorpecentes com os suspeitos. Ap\u00f3s a abordagem, os policiais entraram no condom\u00ednio localizado no Bairro Nova Era II, em um conjunto de pr\u00e9dios residenciais, e realizaram a pris\u00e3o do suspeito e apreens\u00e3o do adolescente infrator, apreendendo tamb\u00e9m buchas de maconha, j\u00e1 embaladas para venda.<\/p>\n<p>Conforme assessoria, o trabalho investigativo pr\u00e9vio e a campana realizada na data de hoje, foram de suma import\u00e2ncia para a desarticula\u00e7\u00e3o desse esquema criminoso que vinha incomodando os vizinhos no local. Segundo o delegado Rafael Gomes, a especializada completa a marca de 101 presos por tr\u00e1fico de drogas desde fevereiro de 2021.<\/p>\n","protected":false},"excerpt":{"rendered":"<p>Nesta segunda-feira, 21, a Pol\u00edcia Civil de Minas Gerais deflagrou uma a\u00e7\u00e3o, visando combater o tr\u00e1fico il\u00edcito de entorpecentes, no munic\u00edpio de Juiz de Fora, na Zona da Mata mineira. Na a\u00e7\u00e3o foi preso um homem e apreendido um adolescente, assim como buchas de maconha, j\u00e1 embaladas para venda. Ap\u00f3s trabalhos investigativos, policiais civis da [&hellip;]<\/p>\n","protected":false},"author":246,"featured_media":184316,"comment_status":"closed","ping_status":"closed","sticky":false,"template":"","format":"standard","meta":{"footnotes":""},"categories":[301,1229],"tags":[],"class_list":["post-184315","post","type-post","status-publish","format-standard","has-post-thumbnail","hentry","category-artigos-policiais","category-policial"],"_links":{"self":[{"href":"https:\/\/diarioregionaldigital.com.br\/index.php?rest_route=\/wp\/v2\/posts\/184315","targetHints":{"allow":["GET"]}}],"collection":[{"href":"https:\/\/diarioregionaldigital.com.br\/index.php?rest_route=\/wp\/v2\/posts"}],"about":[{"href":"https:\/\/diarioregionaldigital.com.br\/index.php?rest_route=\/wp\/v2\/types\/post"}],"author":[{"embeddable":true,"href":"https:\/\/diarioregionaldigital.com.br\/index.php?rest_route=\/wp\/v2\/users\/246"}],"replies":[{"embeddable":true,"href":"https:\/\/diarioregionaldigital.com.br\/index.php?rest_route=%2Fwp%2Fv2%2Fcomments&post=184315"}],"version-history":[{"count":1,"href":"https:\/\/diarioregionaldigital.com.br\/index.php?rest_route=\/wp\/v2\/posts\/184315\/revisions"}],"predecessor-version":[{"id":184317,"href":"https:\/\/diarioregionaldigital.com.br\/index.php?rest_route=\/wp\/v2\/posts\/184315\/revisions\/184317"}],"wp:featuredmedia":[{"embeddable":true,"href":"https:\/\/diarioregionaldigital.com.br\/index.php?rest_route=\/wp\/v2\/media\/184316"}],"wp:attachment":[{"href":"https:\/\/diarioregionaldigital.com.br\/index.php?rest_route=%2Fwp%2Fv2%2Fmedia&parent=184315"}],"wp:term":[{"taxonomy":"category","embeddable":true,"href":"https:\/\/diarioregionaldigital.com.br\/index.php?rest_route=%2Fwp%2Fv2%2Fcategories&post=184315"},{"taxonomy":"post_tag","embeddable":true,"href":"https:\/\/diarioregionaldigital.com.br\/index.php?rest_route=%2Fwp%2Fv2%2Ftags&post=184315"}],"curies":[{"name":"wp","href":"https:\/\/api.w.org\/{rel}","templated":true}]}}